{"id":219192,"date":"2016-03-02T22:10:12","date_gmt":"2016-03-02T22:10:12","guid":{"rendered":"http:\/\/diariodominicano.ddns.net\/?p=219192"},"modified":"2016-03-02T22:10:12","modified_gmt":"2016-03-02T22:10:12","slug":"aula-virtual-movil-recorrera-el-pais-con-capacitacion-e-internet","status":"publish","type":"post","link":"https:\/\/diariodominicano.com\/?p=219192","title":{"rendered":"Aula Virtual M\u00f3vil recorrer\u00e1 el pa\u00eds con capacitaci\u00f3n e Internet"},"content":{"rendered":"<p><body><\/p>\n<p><img decoding=\"async\" src=\"img3\/sala.jpg\" \/><br \/><img decoding=\"async\" src=\"img3\/Sala2.jpg\" \/>  <\/p>\n<p><span class=\"text1noticias\">Santo Domingo, R. D., 2 de marzo.- Un amplio y variado grupo de ciudadanos, empresarios, j\u00f3venes y profesionales, presentaron una moderna aula virtual m\u00f3vil que recorrer\u00e1 el pa\u00eds visitando los m\u00e1s populares sectores de la Rep\u00fablica Dominicana en apoyo a la candidatura de Danilo Medina. <\/span><\/p>\n<p><span class=\"text1noticias\"> <\/span><\/p>\n<p><span class=\"text1noticias\">El Aula Virtual M\u00f3vil llevar\u00e1 capacitaci\u00f3n e Internet gratuito a los j\u00f3venes de los barrios del pa\u00eds, en una iniciativa que forma parte del movimiento Rep\u00fablica Dominicana S\u00ed Puede Con Danilo, que tiene como objetivo fundamental promover la propuesta Rep\u00fablica Digital, que implementar\u00e1 en su pr\u00f3ximo gobierno el Lic. Danilo Medina.<\/span><\/p>\n<p><span class=\"text1noticias\"> <\/span><\/p>\n<p><span class=\"text1noticias\">Al presentar la novedosa iniciativa, el reconocido experto en tecnolog\u00eda Ing. Hiddekel Morrison, portavoz y miembro del equipo coordinador destac\u00f3; \u00abCon esta Aula Virtual M\u00f3vil tenemos como meta capacitar a 3,000 j\u00f3venes en el Uso Efectivo de Internet para Buscar Empleo, Educarse y Generar Ingresos. Junto a un objetivo electoral bien concreto; el de aportar 20,000 votos efectivos a la candidatura del presidente Danilo Medina, con un moderno sistema de registro y seguimiento que implementaremos para captar los miles de j\u00f3venes que motivaremos a que con su voto hagan realidad la revolucionaria y certera iniciativa Rep\u00fablica Digital de Danilo Medina\u00bb. Adicionalmente el Ing. Hiddekel Morrison destac\u00f3 el extraordinario trabajo y aporte de los miembros del equipo directivo Lic. David Ferm\u00edn y Do\u00f1a Tatty Alburquerque.<\/span><\/p>\n<p><span class=\"text1noticias\"> <\/span><\/p>\n<p><span class=\"text1noticias\">El Aula Virtual M\u00f3vil estar\u00e1 cada semana en un sector popular del pa\u00eds iniciando en Herrera, luego en Villa Mella, Guaricano, Sabana Perdida, Villa Duarte, Los Minas, Mejoramiento Social, Villa Francisca, San Carlos, entre otras importantes demarcaciones del pa\u00eds. Los interesados en registrarse pueden hacerlo en el portal www.RDSiPuede.co<\/span>m<\/p>\n<h6> 2016-03-02 22:10:12 <\/h6>\n<p><!--\n<link rel=\"stylesheet\" href=\"css\/bootstrap.min.css\">\n\n\n<ul class=\"pagination\">\n\t    \n\t\n\n<li >\n\t<a href='?page_no=13538'>Previous<\/a>\n\t<\/li>\n\n\n       \n    \n\n<li><a href='?page_no=1'>1<\/a><\/li>\n\n\n\n<li><a href='?page_no=2'>2<\/a><\/li>\n\n\n\n<li><a>...<\/a><\/li>\n\n\n\n<li><a href='?page_no=13537'>13537<\/a><\/li>\n\n\n\n<li><a href='?page_no=13538'>13538<\/a><\/li>\n\n\n\n<li class='active'><a>13539<\/a><\/li>\n\n\n\n<li><a href='?page_no=13540'>13540<\/a><\/li>\n\n\n\n<li><a href='?page_no=13541'>13541<\/a><\/li>\n\n\n\n<li><a>...<\/a><\/li>\n\n\n\n<li><a href='?page_no=56169'>56169<\/a><\/li>\n\n\n\n<li><a href='?page_no=56170'>56170<\/a><\/li>\n\n    \n\t\n\n<li >\n\t<a href='?page_no=13540'>Next<\/a>\n\t<\/li>\n\n\n    \n\n<li><a href='?page_no=56170'>Last &rsaquo;&rsaquo;<\/a><\/li>\n\n<\/ul>\n\n\n--><br \/>\n<\/body><\/p>\n","protected":false},"excerpt":{"rendered":"<p>Santo Domingo, R. D., 2 de marzo.- Un amplio y variado grupo de ciudadanos, empresarios, j\u00f3venes y profesionales, presentaron una moderna aula virtual m\u00f3vil que recorrer\u00e1 el pa\u00eds visitando los m\u00e1s populares sectores de la Rep\u00fablica Dominicana en apoyo a la candidatura de Danilo Medina. El Aula Virtual M\u00f3vil llevar\u00e1 capacitaci\u00f3n e Internet gratuito a [&hellip;]<\/p>\n","protected":false},"author":3,"featured_media":0,"comment_status":"open","ping_status":"open","sticky":false,"template":"","format":"standard","meta":{"footnotes":""},"categories":[20],"tags":[],"class_list":["post-219192","post","type-post","status-publish","format-standard","hentry","category-dominicana-hoy"],"_links":{"self":[{"href":"https:\/\/diariodominicano.com\/index.php?rest_route=\/wp\/v2\/posts\/219192","targetHints":{"allow":["GET"]}}],"collection":[{"href":"https:\/\/diariodominicano.com\/index.php?rest_route=\/wp\/v2\/posts"}],"about":[{"href":"https:\/\/diariodominicano.com\/index.php?rest_route=\/wp\/v2\/types\/post"}],"author":[{"embeddable":true,"href":"https:\/\/diariodominicano.com\/index.php?rest_route=\/wp\/v2\/users\/3"}],"replies":[{"embeddable":true,"href":"https:\/\/diariodominicano.com\/index.php?rest_route=%2Fwp%2Fv2%2Fcomments&post=219192"}],"version-history":[{"count":0,"href":"https:\/\/diariodominicano.com\/index.php?rest_route=\/wp\/v2\/posts\/219192\/revisions"}],"wp:attachment":[{"href":"https:\/\/diariodominicano.com\/index.php?rest_route=%2Fwp%2Fv2%2Fmedia&parent=219192"}],"wp:term":[{"taxonomy":"category","embeddable":true,"href":"https:\/\/diariodominicano.com\/index.php?rest_route=%2Fwp%2Fv2%2Fcategories&post=219192"},{"taxonomy":"post_tag","embeddable":true,"href":"https:\/\/diariodominicano.com\/index.php?rest_route=%2Fwp%2Fv2%2Ftags&post=219192"}],"curies":[{"name":"wp","href":"https:\/\/api.w.org\/{rel}","templated":true}]}}