{"id":219190,"date":"2016-03-03T08:38:14","date_gmt":"2016-03-03T08:38:14","guid":{"rendered":"http:\/\/diariodominicano.ddns.net\/?p=219190"},"modified":"2016-03-03T08:38:14","modified_gmt":"2016-03-03T08:38:14","slug":"fedomu-asume-la-presidencia-de-federacion-latinoamericana-de-ciudades-y-municipios","status":"publish","type":"post","link":"https:\/\/diariodominicano.com\/?p=219190","title":{"rendered":"Fedomu asume la presidencia de Federaci\u00f3n Latinoamericana de Ciudades y Municipios"},"content":{"rendered":"<p><body><\/p>\n<p><img decoding=\"async\" src=\"img3\/fedo 3.jpg\" \/>  <\/p>\n<p>Santo Domingo RD 3 marzo.- En el marco de la sesi\u00f3n del Bureau Ejecutivo de la Federaci\u00f3n Latinoamericana de Ciudades, Municipios y Asociaciones de Gobiernos Locales (Flacma), la Federaci\u00f3n Dominicana de Municipios (Fedomu) asumi\u00f3 este mi\u00e9rcoles, en la persona de su presidente Rafael Hidalgo, la presidencia de este importante organismo internacional.<\/p>\n<\/p>\n<p>En esta actividad que se extender\u00e1 hasta el 4 de marzo, Flacma, organiza, a trav\u00e9s de su Secretar\u00eda Ejecutiva, su plan de trabajo para el 2016, centr\u00e1ndose principalmente en la articulaci\u00f3n y fortalecimiento de la agenda municipal latinoamericana para contribuir a los objetivos de la Agenda de Desarrollo 2030.<\/p>\n<\/p>\n<p>En el marco de esta sesi\u00f3n, y previo a la misma, tuvo lugar el acto de traspaso de mando del presidente saliente, Julio Pereyra, tambi\u00e9n presidente de la Federaci\u00f3n Argentina de Municipios (FAM), a Rafael Hidalgo, presidente de Fedomu y alcalde de Azua, contando con la presencia de invitados de m\u00e1s de 20 pa\u00edses de la regi\u00f3n, funcionarios del Gobierno central, autoridades municipales, representantes de organismos internacionales y embajadas, encabezados por el Canciller de la Rep\u00fablica, Andr\u00e9s Navarro, quien expuso en una conferencia de cierre sobre Diplomacia Urbana y Desarrollo Local.<\/p>\n<\/p>\n<p>En sus palabras de bienvenida, Johnny Jones, secretario general de la Liga Municipal Dominicana, expres\u00f3 el honor que es para Rep\u00fablica Dominicana ser pa\u00eds anfitri\u00f3n del movimiento municipalista latinoamericano: \u00abLos municipios tienen mucho camino que recorrer para alcanzar las capacidades y autonom\u00eda suficiente para contribuir al desarrollo en nuestros pa\u00edses por lo que juntos, uniendo nuestras fortalezas, podemos lograr avanzar de manera m\u00e1s firme\u00bb.<\/p>\n<\/p>\n<p>Tras esta bienvenida, Gustavo Cezario, secretario ejecutivo de Flacma, destac\u00f3 el gran esfuerzo realizado hasta la organizaci\u00f3n de este encuentro en Rep\u00fablica Dominicana, agradeciendo el apoyo de todos los miembros de Flacma y en especial a la Fedomu: \u00abFlacma llega a Rep\u00fablica dominicana con la ilusi\u00f3n de un nuevo rumbo y con un plan de trabajo renovado, que une todos nuestros esfuerzos a favor de una mejor municipalidad\u00bb.<\/p>\n<\/p>\n<p>El presidente de la Federaci\u00f3n Argentina de Municipios (FAM) y presidente saliente de Flacma, Julio Pereyra, se dirigi\u00f3 a los invitados afirmando que en este traspaso de presidencia \u00abFlacma llega en una nueva etapa, fruto de los esfuerzos que llevamos a cabo para refundarla y fortalecerla; ha sido una gran experiencia que ahora, igualmente como co-presidente, seguir\u00e9 aportando a la organizaci\u00f3n al lado de Rafael Hidalgo\u00bb.<\/p>\n<\/p>\n<p>Finalmente, Hidalgo, presidente de Fedomu, destac\u00f3 al momento de su toma de posesi\u00f3n del cargo, y se\u00f1al\u00f3: \u00abqueremos marcar un antes y un despu\u00e9s en la municipalidad de Am\u00e9rica Latina: Nos comprometemos a fomentar las redes y hermandad del movimiento municipal latinoamericano. Estamos seguros que a trav\u00e9s de Flacma podremos trabajar m\u00e1s y mejor por el desarrollo local\u00bb.<\/p>\n<\/p>\n<p><strong>Rinden homenaje p\u00f3stumo a Juan de los Santos<\/strong><\/p>\n<\/p>\n<p>En el marco de este acto, se reserv\u00f3 un momento especial para entregar en nombre de los compa\u00f1eros municipalistas latinoamericanos, un reconocimiento p\u00f3stumo a Juan de los Santos, por sus valores y compromiso de trabajo a favor de la municipalidad en Am\u00e9rica Latina como co-presidente de Flacma.<\/p>\n<\/p>\n<p>Pereyra valor\u00f3 la figura de De los Santos para Flacma: \u00abJuan no s\u00f3lo ten\u00eda una gran voluntad y enorme capacidad de trabajo, era ante todo una gran persona, de servicio y se convirti\u00f3 por ello en una gran aliado para el municipalismo latinoamericano\u00bb.<\/p>\n<\/p>\n<p>En nombre de Fedomu, Altagracia Tav\u00e1rez, directora ejecutiva, resalt\u00f3 su liderazgo: Juan apost\u00f3 a Flacma desde el principio, consider\u00e1ndola una plataforma ideal para unir esfuerzos a favor del municipalismo. Su deseo era que nos fortaleci\u00e9ramos, que uni\u00e9ramos esfuerzos y creci\u00e9ramos unidos como hermanos. Por ti Juan, estamos hoy aqu\u00ed, y seguiremos tu trabajo recordando tu visi\u00f3n y liderazgo\u00bb.<\/p>\n<\/p>\n<p>En sus palabras de agradecimiento, Ana Mar\u00eda de los Santos expres\u00f3 emocionada el enorme entusiasmo con el que \u00e9l le hablaba de los planes para Flacma y el trabajo que su hermano desarroll\u00f3 para fortalecer este espacio.<\/p>\n<h6> 2016-03-03 08:38:14 <\/h6>\n<p><!--\n<link rel=\"stylesheet\" href=\"css\/bootstrap.min.css\">\n\n\n<ul class=\"pagination\">\n\t    \n\t\n\n<li >\n\t<a href='?page_no=13536'>Previous<\/a>\n\t<\/li>\n\n\n       \n    \n\n<li><a href='?page_no=1'>1<\/a><\/li>\n\n\n\n<li><a href='?page_no=2'>2<\/a><\/li>\n\n\n\n<li><a>...<\/a><\/li>\n\n\n\n<li><a href='?page_no=13535'>13535<\/a><\/li>\n\n\n\n<li><a href='?page_no=13536'>13536<\/a><\/li>\n\n\n\n<li class='active'><a>13537<\/a><\/li>\n\n\n\n<li><a href='?page_no=13538'>13538<\/a><\/li>\n\n\n\n<li><a href='?page_no=13539'>13539<\/a><\/li>\n\n\n\n<li><a>...<\/a><\/li>\n\n\n\n<li><a href='?page_no=56169'>56169<\/a><\/li>\n\n\n\n<li><a href='?page_no=56170'>56170<\/a><\/li>\n\n    \n\t\n\n<li >\n\t<a href='?page_no=13538'>Next<\/a>\n\t<\/li>\n\n\n    \n\n<li><a href='?page_no=56170'>Last &rsaquo;&rsaquo;<\/a><\/li>\n\n<\/ul>\n\n\n--><br \/>\n<\/body><\/p>\n","protected":false},"excerpt":{"rendered":"<p>Santo Domingo RD 3 marzo.- En el marco de la sesi\u00f3n del Bureau Ejecutivo de la Federaci\u00f3n Latinoamericana de Ciudades, Municipios y Asociaciones de Gobiernos Locales (Flacma), la Federaci\u00f3n Dominicana de Municipios (Fedomu) asumi\u00f3 este mi\u00e9rcoles, en la persona de su presidente Rafael Hidalgo, la presidencia de este importante organismo internacional. En esta actividad que [&hellip;]<\/p>\n","protected":false},"author":3,"featured_media":0,"comment_status":"open","ping_status":"open","sticky":false,"template":"","format":"standard","meta":{"footnotes":""},"categories":[20],"tags":[],"class_list":["post-219190","post","type-post","status-publish","format-standard","hentry","category-dominicana-hoy"],"_links":{"self":[{"href":"https:\/\/diariodominicano.com\/index.php?rest_route=\/wp\/v2\/posts\/219190","targetHints":{"allow":["GET"]}}],"collection":[{"href":"https:\/\/diariodominicano.com\/index.php?rest_route=\/wp\/v2\/posts"}],"about":[{"href":"https:\/\/diariodominicano.com\/index.php?rest_route=\/wp\/v2\/types\/post"}],"author":[{"embeddable":true,"href":"https:\/\/diariodominicano.com\/index.php?rest_route=\/wp\/v2\/users\/3"}],"replies":[{"embeddable":true,"href":"https:\/\/diariodominicano.com\/index.php?rest_route=%2Fwp%2Fv2%2Fcomments&post=219190"}],"version-history":[{"count":0,"href":"https:\/\/diariodominicano.com\/index.php?rest_route=\/wp\/v2\/posts\/219190\/revisions"}],"wp:attachment":[{"href":"https:\/\/diariodominicano.com\/index.php?rest_route=%2Fwp%2Fv2%2Fmedia&parent=219190"}],"wp:term":[{"taxonomy":"category","embeddable":true,"href":"https:\/\/diariodominicano.com\/index.php?rest_route=%2Fwp%2Fv2%2Fcategories&post=219190"},{"taxonomy":"post_tag","embeddable":true,"href":"https:\/\/diariodominicano.com\/index.php?rest_route=%2Fwp%2Fv2%2Ftags&post=219190"}],"curies":[{"name":"wp","href":"https:\/\/api.w.org\/{rel}","templated":true}]}}