{"id":219189,"date":"2016-03-03T08:43:22","date_gmt":"2016-03-03T08:43:22","guid":{"rendered":"http:\/\/diariodominicano.ddns.net\/?p=219189"},"modified":"2016-03-03T08:43:22","modified_gmt":"2016-03-03T08:43:22","slug":"hospital-reynaldo-almanzar-celebra-semana-aniversaria","status":"publish","type":"post","link":"https:\/\/diariodominicano.com\/?p=219189","title":{"rendered":"Hospital Reynaldo Alm\u00e1nzar celebra semana aniversaria"},"content":{"rendered":"<p><body><\/p>\n<p><img decoding=\"async\" src=\"img3\/semi 1.jpg\" \/>  <\/p>\n<p>Santo Domingo Norte, R.D 3 marzo.-El hospital materno Reynaldo Alm\u00e1nzar anunci\u00f3 hoy la realizaci\u00f3n de la semana aniversaria del 7 al 11de marzo, con una serie de seminarios sobre muertes maternas y neonatal, manejo de emergencias hipertensivas, manejo de embarazadas, ecolog\u00eda neonatal y la vigilancia de infecciones asociadas a la atenci\u00f3n de salud en el pauperio.<\/p>\n<\/p>\n<p>En el marco de su tercer aniversario, el doctor Rafael Draper, director de la maternidad inform\u00f3 que estos seminarios son importantes temas de inter\u00e9s nacional y que contar\u00e1n con la participaci\u00f3n de los mejores expertos en materia de ginecolog\u00eda y obstetricia.<\/p>\n<\/p>\n<p>El programa iniciar\u00e1 el lunes de 8:00 a 08:10 am., con las palabras de bienvenidas de la Semana Aniversaria a cargo del doctor Rafael Draper, y de 08:10 a 09:10 a.m., el seminario \u00abEvitalidad de muerte Materna y Neonatal\u00bb, una perspectiva desde la preclamsias.<\/p>\n<\/p>\n<p>El martes de 08:00 a.m. a 08: 30 am., se presentar\u00e1 el seminario \u00abManejo de Emergencias Hipertensivas\u00bb y de 08:40 a 9:10 am., la conferencia \u00abManejo de la Anemia en la Mujer Embarazada y Repercusiones en el Desarrollo del Feto\u00bb.<\/p>\n<\/p>\n<p>El mi\u00e9rcoles, siguiendo con el calendario de actividades de la semana aniversaria del hospital materno, de 08:00 a 09:00 am., se desarrollar\u00e1 el seminario \u00abEcolog\u00eda Neonatal.<\/p>\n<\/p>\n<p>El jueves de 08:00 a 09:00 am., est\u00e1 pautada la conferencia \u00abMuerte Materna\u00bb y el seminario \u00abVigilancia de Infecciones Asociadas a la Atenci\u00f3n de Salud en el Puerperio\u00bb.<\/p>\n<\/p>\n<p>El viernes la jornada concluye con una Misa de Acci\u00f3n de gracias de 10:00 a 11:00 am., palabras de clausuras del doctor Rafael Draper de 11:10 a 11:30 am., rifas a los colaboradores y un brindis a los presentes.<\/p>\n<\/p>\n<p>Todas estas actividades se desarrollar\u00e1n en el sal\u00f3n de Conferencia doctor V\u00edctor Cordero Cordero, ubicado en el segundo nivel del centro de salud de Villa Mella, en Santo Domingo Norte. <\/p>\n<\/p>\n<p>La maternidad es un centro de tercer nivel que inici\u00f3 sus servicios el 8 de marzo del a\u00f1o 2013, logrando alcanzar desde entonces los m\u00e1s altos est\u00e1ndares de calidad y eficiencia en el cuidado de la salud de la mujer y el reci\u00e9n nacido. <\/p>\n<\/p>\n<p>Por la ardua labor de m\u00e9dicos, enfermeras y personal administrativo el hospital ha recibido varios reconocimientos, entre estos dos veces la Medalla de Plata a la Calidad que otorga al Ministerio de Administraci\u00f3n P\u00fablica (MAP), a las buenas practicas. <\/p>\n<h6> 2016-03-03 08:43:22 <\/h6>\n<p><!--\n<link rel=\"stylesheet\" href=\"css\/bootstrap.min.css\">\n\n\n<ul class=\"pagination\">\n\t    \n\t\n\n<li >\n\t<a href='?page_no=13535'>Previous<\/a>\n\t<\/li>\n\n\n       \n    \n\n<li><a href='?page_no=1'>1<\/a><\/li>\n\n\n\n<li><a href='?page_no=2'>2<\/a><\/li>\n\n\n\n<li><a>...<\/a><\/li>\n\n\n\n<li><a href='?page_no=13534'>13534<\/a><\/li>\n\n\n\n<li><a href='?page_no=13535'>13535<\/a><\/li>\n\n\n\n<li class='active'><a>13536<\/a><\/li>\n\n\n\n<li><a href='?page_no=13537'>13537<\/a><\/li>\n\n\n\n<li><a href='?page_no=13538'>13538<\/a><\/li>\n\n\n\n<li><a>...<\/a><\/li>\n\n\n\n<li><a href='?page_no=56169'>56169<\/a><\/li>\n\n\n\n<li><a href='?page_no=56170'>56170<\/a><\/li>\n\n    \n\t\n\n<li >\n\t<a href='?page_no=13537'>Next<\/a>\n\t<\/li>\n\n\n    \n\n<li><a href='?page_no=56170'>Last &rsaquo;&rsaquo;<\/a><\/li>\n\n<\/ul>\n\n\n--><br \/>\n<\/body><\/p>\n","protected":false},"excerpt":{"rendered":"<p>Santo Domingo Norte, R.D 3 marzo.-El hospital materno Reynaldo Alm\u00e1nzar anunci\u00f3 hoy la realizaci\u00f3n de la semana aniversaria del 7 al 11de marzo, con una serie de seminarios sobre muertes maternas y neonatal, manejo de emergencias hipertensivas, manejo de embarazadas, ecolog\u00eda neonatal y la vigilancia de infecciones asociadas a la atenci\u00f3n de salud en el [&hellip;]<\/p>\n","protected":false},"author":3,"featured_media":0,"comment_status":"open","ping_status":"open","sticky":false,"template":"","format":"standard","meta":{"footnotes":""},"categories":[20],"tags":[],"class_list":["post-219189","post","type-post","status-publish","format-standard","hentry","category-dominicana-hoy"],"_links":{"self":[{"href":"https:\/\/diariodominicano.com\/index.php?rest_route=\/wp\/v2\/posts\/219189","targetHints":{"allow":["GET"]}}],"collection":[{"href":"https:\/\/diariodominicano.com\/index.php?rest_route=\/wp\/v2\/posts"}],"about":[{"href":"https:\/\/diariodominicano.com\/index.php?rest_route=\/wp\/v2\/types\/post"}],"author":[{"embeddable":true,"href":"https:\/\/diariodominicano.com\/index.php?rest_route=\/wp\/v2\/users\/3"}],"replies":[{"embeddable":true,"href":"https:\/\/diariodominicano.com\/index.php?rest_route=%2Fwp%2Fv2%2Fcomments&post=219189"}],"version-history":[{"count":0,"href":"https:\/\/diariodominicano.com\/index.php?rest_route=\/wp\/v2\/posts\/219189\/revisions"}],"wp:attachment":[{"href":"https:\/\/diariodominicano.com\/index.php?rest_route=%2Fwp%2Fv2%2Fmedia&parent=219189"}],"wp:term":[{"taxonomy":"category","embeddable":true,"href":"https:\/\/diariodominicano.com\/index.php?rest_route=%2Fwp%2Fv2%2Fcategories&post=219189"},{"taxonomy":"post_tag","embeddable":true,"href":"https:\/\/diariodominicano.com\/index.php?rest_route=%2Fwp%2Fv2%2Ftags&post=219189"}],"curies":[{"name":"wp","href":"https:\/\/api.w.org\/{rel}","templated":true}]}}