{"id":219183,"date":"2016-03-03T13:44:59","date_gmt":"2016-03-03T13:44:59","guid":{"rendered":"http:\/\/diariodominicano.ddns.net\/?p=219183"},"modified":"2016-03-03T13:44:59","modified_gmt":"2016-03-03T13:44:59","slug":"funcionarios-dan-seguimiento-a-implementacion-del-programa-economico-de-desarrollo-rural","status":"publish","type":"post","link":"https:\/\/diariodominicano.com\/?p=219183","title":{"rendered":"Funcionarios dan seguimiento a implementaci\u00f3n del Programa Econ\u00f3mico de Desarrollo Rural"},"content":{"rendered":"<p><body><\/p>\n<p><img decoding=\"async\" src=\"img3\/DIGECOOM.jpg\" \/>  <\/p>\n<p><span class=\"text1noticias\">Santo Domingo, RD, 3 de Febrero.-El Embajador Antonio Vargas Hern\u00e1ndez, director general de Cooperaci\u00f3n Multilateral, y Ladislao Rubio, gerente de Programas Divisi\u00f3n de Am\u00e9rica Latina y el Caribe del Fondo Internacional de Desarrollo Agr\u00edcola (FIDA), encabezaron una mesa de trabajo, donde afinaron detalles, en procura de garantizar el buen desarrollo del programa de apoyo al campo que con el financiamiento de ese organismo se implementa en el pa\u00eds.  <\/span><\/p>\n<\/p>\n<p><span class=\"text1noticias\">La reuni\u00f3n forma parte de la labor de seguimiento al proceso de ejecuci\u00f3n de 65 planes de negocios con organizaciones de productores y productoras agr\u00edcolas, beneficiarias de la implementaci\u00f3n del Prorural Centro Este, uno de los componentes del Programa Econ\u00f3mico de Desarrollo Rural (PRORURAL). <\/span><\/p>\n<\/p>\n<p><span class=\"text1noticias\">El encuentro entre ambos funcionarios, constituye la segunda actividad que se produce, luego de que el Presidente Danilo Medina, hiciera entrega de unos 227.5 millones de pesos como primera partida para el financiamiento de 40 planes de negocios en beneficio de igual cantidad de organizaciones de productores y productoras agr\u00edcolas de todo el pa\u00eds. <\/span><\/p>\n<\/p>\n<p><span class=\"text1noticias\">El martes, Vargas Hern\u00e1ndez, quien es adem\u00e1s, Gobernador de los Fondos del alto organismo en Rep\u00fablica Dominicana y miembro del Consejo Ejecutivo, encabez\u00f3 junto a Osmar Ben\u00edtez, presidente de la Junta Agroempresarial Dominicana (JAD), y funcionarios del FIDA, dieron inicio formal a la implementaci\u00f3n del referido programa. <\/span><\/p>\n<\/p>\n<p><span class=\"text1noticias\">La primera fase del proyecto, comprende 65 planes de negocios, en virtud de que el presidente de la Rep\u00fablica instruy\u00f3 incluir otros 15, e impactar a 31 provincias, en vez de 20 que involucraban los 40 planes establecidos originalmente. <\/span><\/p>\n<\/p>\n<p><span class=\"text1noticias\">El director general de la DIGECOOM, valor\u00f3 la importancia del encuentro con Rubio, y dijo que dicha mesa de trabajo es parte del seguimiento que les corresponde a las instituciones responsables de la rector\u00eda, en el inter\u00e9s de garantizar la correcta implementaci\u00f3n y el \u00e9xito del programa<\/span>. <\/p>\n<h6> 2016-03-03 13:44:59 <\/h6>\n<p><!--\n<link rel=\"stylesheet\" href=\"css\/bootstrap.min.css\">\n\n\n<ul class=\"pagination\">\n\t    \n\t\n\n<li >\n\t<a href='?page_no=13529'>Previous<\/a>\n\t<\/li>\n\n\n       \n    \n\n<li><a href='?page_no=1'>1<\/a><\/li>\n\n\n\n<li><a href='?page_no=2'>2<\/a><\/li>\n\n\n\n<li><a>...<\/a><\/li>\n\n\n\n<li><a href='?page_no=13528'>13528<\/a><\/li>\n\n\n\n<li><a href='?page_no=13529'>13529<\/a><\/li>\n\n\n\n<li class='active'><a>13530<\/a><\/li>\n\n\n\n<li><a href='?page_no=13531'>13531<\/a><\/li>\n\n\n\n<li><a href='?page_no=13532'>13532<\/a><\/li>\n\n\n\n<li><a>...<\/a><\/li>\n\n\n\n<li><a href='?page_no=56169'>56169<\/a><\/li>\n\n\n\n<li><a href='?page_no=56170'>56170<\/a><\/li>\n\n    \n\t\n\n<li >\n\t<a href='?page_no=13531'>Next<\/a>\n\t<\/li>\n\n\n    \n\n<li><a href='?page_no=56170'>Last &rsaquo;&rsaquo;<\/a><\/li>\n\n<\/ul>\n\n\n--><br \/>\n<\/body><\/p>\n","protected":false},"excerpt":{"rendered":"<p>Santo Domingo, RD, 3 de Febrero.-El Embajador Antonio Vargas Hern\u00e1ndez, director general de Cooperaci\u00f3n Multilateral, y Ladislao Rubio, gerente de Programas Divisi\u00f3n de Am\u00e9rica Latina y el Caribe del Fondo Internacional de Desarrollo Agr\u00edcola (FIDA), encabezaron una mesa de trabajo, donde afinaron detalles, en procura de garantizar el buen desarrollo del programa de apoyo al [&hellip;]<\/p>\n","protected":false},"author":3,"featured_media":0,"comment_status":"open","ping_status":"open","sticky":false,"template":"","format":"standard","meta":{"footnotes":""},"categories":[20],"tags":[],"class_list":["post-219183","post","type-post","status-publish","format-standard","hentry","category-dominicana-hoy"],"_links":{"self":[{"href":"https:\/\/diariodominicano.com\/index.php?rest_route=\/wp\/v2\/posts\/219183","targetHints":{"allow":["GET"]}}],"collection":[{"href":"https:\/\/diariodominicano.com\/index.php?rest_route=\/wp\/v2\/posts"}],"about":[{"href":"https:\/\/diariodominicano.com\/index.php?rest_route=\/wp\/v2\/types\/post"}],"author":[{"embeddable":true,"href":"https:\/\/diariodominicano.com\/index.php?rest_route=\/wp\/v2\/users\/3"}],"replies":[{"embeddable":true,"href":"https:\/\/diariodominicano.com\/index.php?rest_route=%2Fwp%2Fv2%2Fcomments&post=219183"}],"version-history":[{"count":0,"href":"https:\/\/diariodominicano.com\/index.php?rest_route=\/wp\/v2\/posts\/219183\/revisions"}],"wp:attachment":[{"href":"https:\/\/diariodominicano.com\/index.php?rest_route=%2Fwp%2Fv2%2Fmedia&parent=219183"}],"wp:term":[{"taxonomy":"category","embeddable":true,"href":"https:\/\/diariodominicano.com\/index.php?rest_route=%2Fwp%2Fv2%2Fcategories&post=219183"},{"taxonomy":"post_tag","embeddable":true,"href":"https:\/\/diariodominicano.com\/index.php?rest_route=%2Fwp%2Fv2%2Ftags&post=219183"}],"curies":[{"name":"wp","href":"https:\/\/api.w.org\/{rel}","templated":true}]}}