{"id":219180,"date":"2016-03-03T13:58:19","date_gmt":"2016-03-03T13:58:19","guid":{"rendered":"http:\/\/diariodominicano.ddns.net\/?p=219180"},"modified":"2016-03-03T13:58:19","modified_gmt":"2016-03-03T13:58:19","slug":"caballo-desbocado-crea-tension-y-confusion-en-time-square","status":"publish","type":"post","link":"https:\/\/diariodominicano.com\/?p=219180","title":{"rendered":"Caballo desbocado crea tensi\u00f3n y confusi\u00f3n en Time Square"},"content":{"rendered":"<p><body><\/p>\n<p><img decoding=\"async\" src=\"img3\/CABALLONY.jpg\" \/>  <\/p>\n<p><span class=\"text1noticias\">Por Ram\u00f3n Mercedes<\/span><\/p>\n<p><span class=\"text1noticias\"> <\/span><\/p>\n<p><span class=\"text1noticias\">Nueva York, EE.UU., 3 de Marzo.-Momento de tensi\u00f3n y confusi\u00f3n se vivi\u00f3 la noche de este mi\u00e9rcoles en la concurrida plaza de Times Square en esta ciudad, cuando un oficial de la \u00abpolic\u00eda montada a caballo\u00bb fue lanzado sorpresivamente al suelo por el cuadr\u00fapedo que emprendi\u00f3 una corrida sin control y a toda velocidad.<\/span><\/p>\n<p><span class=\"text1noticias\"> <\/span><\/p>\n<p><span class=\"text1noticias\">Los gritos y correderas de miles de visitantes crearon un peque\u00f1o caos por algunos minutos, hasta que la polic\u00eda logr\u00f3 detener el animal, identificado como \u00abYute\u00bb.<\/span><\/p>\n<p><span class=\"text1noticias\"> <\/span><\/p>\n<p><span class=\"text1noticias\">La acci\u00f3n ocurri\u00f3 despu\u00e9s que el caballo escuchara un estruendoso ruido sorpresivamente a las 7:30 de la noche en la s\u00e9ptima avenida y la calle 48.<\/span><\/p>\n<p><span class=\"text1noticias\"> <\/span><\/p>\n<p><span class=\"text1noticias\">Decenas de polic\u00edas se desplegaron en otros caballos, en veh\u00edculo y a pie para detener el desbocado animal, mientras que el agente policial fue llevado al Hospital Bellevue con golpes y dolores en la espalda, la rodilla y rasgu\u00f1os en la cara. No se reportaron otros heridos.<\/span><\/p>\n<p><span class=\"text1noticias\"> <\/span><\/p>\n<p><span class=\"text1noticias\">Time Square es una de las plazas m\u00e1s transitadas y de las atracciones tur\u00edsticas m\u00e1s visitadas del mundo, estim\u00e1ndose en  m\u00e1s de 50 millones de turistas que las visitan anualmente, transitando al d\u00eda unas 350 mil personas, y los d\u00edas m\u00e1s ocupados lo hacen alrededor de medio mill\u00f3n de peatones<\/span>.<\/p>\n<\/p>\n<h6> 2016-03-03 13:58:19 <\/h6>\n<p><!--\n<link rel=\"stylesheet\" href=\"css\/bootstrap.min.css\">\n\n\n<ul class=\"pagination\">\n\t    \n\t\n\n<li >\n\t<a href='?page_no=13527'>Previous<\/a>\n\t<\/li>\n\n\n       \n    \n\n<li><a href='?page_no=1'>1<\/a><\/li>\n\n\n\n<li><a href='?page_no=2'>2<\/a><\/li>\n\n\n\n<li><a>...<\/a><\/li>\n\n\n\n<li><a href='?page_no=13526'>13526<\/a><\/li>\n\n\n\n<li><a href='?page_no=13527'>13527<\/a><\/li>\n\n\n\n<li class='active'><a>13528<\/a><\/li>\n\n\n\n<li><a href='?page_no=13529'>13529<\/a><\/li>\n\n\n\n<li><a href='?page_no=13530'>13530<\/a><\/li>\n\n\n\n<li><a>...<\/a><\/li>\n\n\n\n<li><a href='?page_no=56169'>56169<\/a><\/li>\n\n\n\n<li><a href='?page_no=56170'>56170<\/a><\/li>\n\n    \n\t\n\n<li >\n\t<a href='?page_no=13529'>Next<\/a>\n\t<\/li>\n\n\n    \n\n<li><a href='?page_no=56170'>Last &rsaquo;&rsaquo;<\/a><\/li>\n\n<\/ul>\n\n\n--><br \/>\n<\/body><\/p>\n","protected":false},"excerpt":{"rendered":"<p>Por Ram\u00f3n Mercedes Nueva York, EE.UU., 3 de Marzo.-Momento de tensi\u00f3n y confusi\u00f3n se vivi\u00f3 la noche de este mi\u00e9rcoles en la concurrida plaza de Times Square en esta ciudad, cuando un oficial de la \u00abpolic\u00eda montada a caballo\u00bb fue lanzado sorpresivamente al suelo por el cuadr\u00fapedo que emprendi\u00f3 una corrida sin control y a [&hellip;]<\/p>\n","protected":false},"author":3,"featured_media":0,"comment_status":"open","ping_status":"open","sticky":false,"template":"","format":"standard","meta":{"footnotes":""},"categories":[20],"tags":[],"class_list":["post-219180","post","type-post","status-publish","format-standard","hentry","category-dominicana-hoy"],"_links":{"self":[{"href":"https:\/\/diariodominicano.com\/index.php?rest_route=\/wp\/v2\/posts\/219180","targetHints":{"allow":["GET"]}}],"collection":[{"href":"https:\/\/diariodominicano.com\/index.php?rest_route=\/wp\/v2\/posts"}],"about":[{"href":"https:\/\/diariodominicano.com\/index.php?rest_route=\/wp\/v2\/types\/post"}],"author":[{"embeddable":true,"href":"https:\/\/diariodominicano.com\/index.php?rest_route=\/wp\/v2\/users\/3"}],"replies":[{"embeddable":true,"href":"https:\/\/diariodominicano.com\/index.php?rest_route=%2Fwp%2Fv2%2Fcomments&post=219180"}],"version-history":[{"count":0,"href":"https:\/\/diariodominicano.com\/index.php?rest_route=\/wp\/v2\/posts\/219180\/revisions"}],"wp:attachment":[{"href":"https:\/\/diariodominicano.com\/index.php?rest_route=%2Fwp%2Fv2%2Fmedia&parent=219180"}],"wp:term":[{"taxonomy":"category","embeddable":true,"href":"https:\/\/diariodominicano.com\/index.php?rest_route=%2Fwp%2Fv2%2Fcategories&post=219180"},{"taxonomy":"post_tag","embeddable":true,"href":"https:\/\/diariodominicano.com\/index.php?rest_route=%2Fwp%2Fv2%2Ftags&post=219180"}],"curies":[{"name":"wp","href":"https:\/\/api.w.org\/{rel}","templated":true}]}}