{"id":219177,"date":"2016-03-03T16:39:22","date_gmt":"2016-03-03T16:39:22","guid":{"rendered":"http:\/\/diariodominicano.ddns.net\/?p=219177"},"modified":"2016-03-03T16:39:22","modified_gmt":"2016-03-03T16:39:22","slug":"danilo-medina-recibe-al-secretario-departamento-estado-puerto-rico","status":"publish","type":"post","link":"https:\/\/diariodominicano.com\/?p=219177","title":{"rendered":"Danilo Medina recibe al Secretario Departamento Estado Puerto Rico"},"content":{"rendered":"<p><body><\/p>\n<p><img decoding=\"async\" src=\"img3\/danilopr.jpg\" \/>  <\/p>\n<p><span class=\"text1noticias\">Santo Domingo, RD, 03 de marzo.-El presidente Danilo Medina recibi\u00f3 al Secretario del Departamento de Estado de Puerto Rico, V\u00edctor Su\u00e1rez Mel\u00e9ndez, con quien intercambi\u00f3 sobre los distintos proyectos de seguimiento y de inter\u00e9s com\u00fan para ambas naciones.<\/span><\/p>\n<p><span class=\"text1noticias\"> <\/span><\/p>\n<p><span class=\"text1noticias\">El jefe de Estado recibi\u00f3 a Su\u00e1rez Mel\u00e9ndez pasadas las doce del mediod\u00eda y con \u00e9l habl\u00f3, entre otros aspectos, de las buenas relaciones que mantienen Rep\u00fablica Dominicana y Puerto Rico.<\/span><\/p>\n<p><span class=\"text1noticias\"> <\/span><\/p>\n<p><span class=\"text1noticias\">Durante el encuentro con el funcionario puertorrique\u00f1o y su comitiva, Danilo Medina estuvo acompa\u00f1ado por el ministro de Relaciones Exteriores, Andr\u00e9s Navarro y de la Presidencia, Gustavo Montalvo, quien previamente, sostuvo una reuni\u00f3n con Su\u00e1rez Mel\u00e9ndez para pasar balance a los acuerdos firmados entre Rep\u00fablica Dominicana y Puerto Rico en enero de 2015, durante la visita del presidente Danilo Medina a la hermana isla caribe\u00f1a.<\/span><\/p>\n<p><span class=\"text1noticias\"> <\/span><\/p>\n<p><span class=\"text1noticias\">Tambi\u00e9n hablaron acerca de las pr\u00f3ximas acciones a desarrollar para sacar mayor provecho a los espacios de colaboraci\u00f3n que se han abierto entre ambos gobiernos.<\/span><\/p>\n<p><span class=\"text1noticias\"><strong> <\/strong><\/span><\/p>\n<p><span class=\"text1noticias\"><strong>Seguridad ciudadana<\/strong><\/span><\/p>\n<\/p>\n<p><span class=\"text1noticias\">En lo relativo a la seguridad ciudadana, durante el encuentro se valor\u00f3 la donaci\u00f3n de 500 armas de fuego y 2,000 chalecos antibalas realizada por el gobierno de Puerto Rico al pa\u00eds, as\u00ed como el aumento de intercambio de informaci\u00f3n para el combate al narcotr\u00e1fico.<\/span><\/p>\n<p><span class=\"text1noticias\"><strong> <\/strong><\/span><\/p>\n<p><span class=\"text1noticias\"><strong>Educaci\u00f3n superior<\/strong><\/span><\/p>\n<\/p>\n<p><span class=\"text1noticias\">Los funcionarios conversaron sobre educaci\u00f3n superior y ponderaron el convenio firmado con la Universidad de Puerto Rico que permite a los estudiantes dominicanos pagar matr\u00edcula de estudiante local, lo cual ha sido aprovechado para beneficiar los 34 estudiantes que actualmente cursan estudios en esa universidad.<\/span><\/p>\n<p><span class=\"text1noticias\"> <\/span><\/p>\n<p><span class=\"text1noticias\">Asimismo, destacaron los beneficios obtenidos a ra\u00edz de la colaboraci\u00f3n de Puerto Rico en el combate a la mosca del Mediterr\u00e1neo, luego del brote de Punta Cana, as\u00ed como la asistencia t\u00e9cnica de Rep\u00fablica Dominicana al pueblo boricua en temas de producci\u00f3n de arroz y producci\u00f3n de vegetales en ambientes controlados.<\/span><\/p>\n<p><span class=\"text1noticias\"> <\/span><\/p>\n<p><span class=\"text1noticias\">Junto al Secretario de Estado de Puerto Rico estuvieron Rolando Padua, Secretario Auxiliar; Germ\u00e1n Monroig, director ejecutivo de la oficina en Rep\u00fablica Dominicana y Timothy Mcnally.<\/span><\/p>\n<p><span class=\"text1noticias\"> <\/span><\/p>\n<p><span class=\"text1noticias\">La delegaci\u00f3n dominicana estuvo integrada tambi\u00e9n por Ligia Amada Melo, ministra de Educaci\u00f3n Superior, Ciencia y Tecnolog\u00eda; Juan Ariel Jim\u00e9nez, viceministro de la Presidencia; C\u00e9sar Dargam, viceministro de Negociaciones Comerciales y Virgilio \u00c1lv\u00e1rez, Embajador a cargo de la Comisi\u00f3n Mixta Bilateral Rep\u00fablica Dominicana ? Puerto Rico<\/span>.<\/p>\n<h6> 2016-03-03 16:39:22 <\/h6>\n<p><!--\n<link rel=\"stylesheet\" href=\"css\/bootstrap.min.css\">\n\n\n<ul class=\"pagination\">\n\t    \n\t\n\n<li >\n\t<a href='?page_no=13524'>Previous<\/a>\n\t<\/li>\n\n\n       \n    \n\n<li><a href='?page_no=1'>1<\/a><\/li>\n\n\n\n<li><a href='?page_no=2'>2<\/a><\/li>\n\n\n\n<li><a>...<\/a><\/li>\n\n\n\n<li><a href='?page_no=13523'>13523<\/a><\/li>\n\n\n\n<li><a href='?page_no=13524'>13524<\/a><\/li>\n\n\n\n<li class='active'><a>13525<\/a><\/li>\n\n\n\n<li><a href='?page_no=13526'>13526<\/a><\/li>\n\n\n\n<li><a href='?page_no=13527'>13527<\/a><\/li>\n\n\n\n<li><a>...<\/a><\/li>\n\n\n\n<li><a href='?page_no=56169'>56169<\/a><\/li>\n\n\n\n<li><a href='?page_no=56170'>56170<\/a><\/li>\n\n    \n\t\n\n<li >\n\t<a href='?page_no=13526'>Next<\/a>\n\t<\/li>\n\n\n    \n\n<li><a href='?page_no=56170'>Last &rsaquo;&rsaquo;<\/a><\/li>\n\n<\/ul>\n\n\n--><br \/>\n<\/body><\/p>\n","protected":false},"excerpt":{"rendered":"<p>Santo Domingo, RD, 03 de marzo.-El presidente Danilo Medina recibi\u00f3 al Secretario del Departamento de Estado de Puerto Rico, V\u00edctor Su\u00e1rez Mel\u00e9ndez, con quien intercambi\u00f3 sobre los distintos proyectos de seguimiento y de inter\u00e9s com\u00fan para ambas naciones. El jefe de Estado recibi\u00f3 a Su\u00e1rez Mel\u00e9ndez pasadas las doce del mediod\u00eda y con \u00e9l habl\u00f3, [&hellip;]<\/p>\n","protected":false},"author":3,"featured_media":0,"comment_status":"open","ping_status":"open","sticky":false,"template":"","format":"standard","meta":{"footnotes":""},"categories":[20],"tags":[],"class_list":["post-219177","post","type-post","status-publish","format-standard","hentry","category-dominicana-hoy"],"_links":{"self":[{"href":"https:\/\/diariodominicano.com\/index.php?rest_route=\/wp\/v2\/posts\/219177","targetHints":{"allow":["GET"]}}],"collection":[{"href":"https:\/\/diariodominicano.com\/index.php?rest_route=\/wp\/v2\/posts"}],"about":[{"href":"https:\/\/diariodominicano.com\/index.php?rest_route=\/wp\/v2\/types\/post"}],"author":[{"embeddable":true,"href":"https:\/\/diariodominicano.com\/index.php?rest_route=\/wp\/v2\/users\/3"}],"replies":[{"embeddable":true,"href":"https:\/\/diariodominicano.com\/index.php?rest_route=%2Fwp%2Fv2%2Fcomments&post=219177"}],"version-history":[{"count":0,"href":"https:\/\/diariodominicano.com\/index.php?rest_route=\/wp\/v2\/posts\/219177\/revisions"}],"wp:attachment":[{"href":"https:\/\/diariodominicano.com\/index.php?rest_route=%2Fwp%2Fv2%2Fmedia&parent=219177"}],"wp:term":[{"taxonomy":"category","embeddable":true,"href":"https:\/\/diariodominicano.com\/index.php?rest_route=%2Fwp%2Fv2%2Fcategories&post=219177"},{"taxonomy":"post_tag","embeddable":true,"href":"https:\/\/diariodominicano.com\/index.php?rest_route=%2Fwp%2Fv2%2Ftags&post=219177"}],"curies":[{"name":"wp","href":"https:\/\/api.w.org\/{rel}","templated":true}]}}