{"id":219176,"date":"2016-03-04T07:35:15","date_gmt":"2016-03-04T07:35:15","guid":{"rendered":"http:\/\/diariodominicano.ddns.net\/?p=219176"},"modified":"2016-03-04T07:35:15","modified_gmt":"2016-03-04T07:35:15","slug":"viento-del-este-y-lluvias-debiles-de-corta-duracion-en-la-tarde-y-la-noche","status":"publish","type":"post","link":"https:\/\/diariodominicano.com\/?p=219176","title":{"rendered":"Viento del Este y lluvias debiles de corta duraci\u00f3n en la tarde y la noche"},"content":{"rendered":"<p><body><\/p>\n<p>Santo Domingo RD 4 marzo.- Las condiciones del tiempo sobre el pa\u00eds estar\u00e1n dominadas por el viento del este que aporta humedad, situaci\u00f3n favorable para que en la tarde y primeras horas de la noche se desarrollen campos nubosos, y se produzcan lluvias d\u00e9biles de corta duraci\u00f3n principalmente sobre las provincias  Montecristi, Dajabon, Santiago Rodr\u00edguez, Valverde, Puerto Plata, Espaillat, Santiago, Mar\u00eda Trinidad S\u00e1nchez, El\u00edas Pi\u00f1a, San Juan, Monse\u00f1or Nouel, La Vega, Monte Plata y Hato Mayor.  <\/p>\n<\/p>\n<p>Para ma\u00f1ana s\u00e1bado la llegada de una vaguada frontal en horas de la tarde y la noche incrementar\u00e1 la nubosidad, y se producir\u00e1n aguaceros dispersos con posibles tronadas hacia las regiones noroeste, norte, noreste, sureste, cordillera Central y zona fronteriza.<\/p>\n<\/p>\n<p>El domingo y el lunes se espera que se incrementen las precipitaciones, y se producir\u00e1n  en gran parte del territorio nacional acompa\u00f1adas de tormentas el\u00e9ctricas y posibles r\u00e1fagas de viento.  <\/p>\n<\/p>\n<p>Distrito Nacional.               Nubes dispersas, siendo medio nublado en la noche con posibles lluvias ligeras de corta duraci\u00f3n.   <\/p>\n<\/p>\n<p>Santo Domingo Norte.       Incrementos nubosos en la tarde con la ocurrencia de lluvias d\u00e9biles de corta duraci\u00f3n.   <\/p>\n<\/p>\n<p>Santo Domingo Oeste.       Nubes dispersas, siendo medio nublado en la tarde y la noche  con lluvias ligeras.   <\/p>\n<\/p>\n<p>Santo Domingo Este.         Nubes dispersas a medio nublado en la tarde con lluvias ligeras de corta duraci\u00f3n.   <\/p>\n<\/p>\n<p>El  Gran Santo Domingo.  La temperatura m\u00e1xima estar\u00e1 entre  29\u00baC y 31\u00baC  y la m\u00ednima entre 21\u00baC y 23\u00baC.     c<\/p>\n<\/p>\n<p>Resumen.   Viento del este.  Lluvias d\u00e9biles de corta duraci\u00f3n. Temperaturas agradables en la noche.<\/p>\n<\/p>\n<p>PRONOSTICO EXTENDIDO<\/p>\n<\/p>\n<p>Hoy.  Nubes dispersas en la ma\u00f1ana, siendo medio nublado a nublado en ocasiones en la tarde y la noche con lluvias d\u00e9biles de corta duraci\u00f3n hacia las regiones noroeste, norte, noreste, sureste, cordillera Central y zona fronteriza.<\/p>\n<\/p>\n<p>S\u00e1bado.  Incrementos nubosos en la tarde y la noche con la ocurrencia de aguaceros y posibles tronadas principalmente sobre las regiones noroeste, norte, noreste, sureste, cordillera Central y zona fronteriza.<\/p>\n<\/p>\n<p>Santo Domingo y sus municipios.  Nubes dispersas en la ma\u00f1ana, siendo nublado en la tarde y la noche con aguaceros dispersos. <\/p>\n<\/p>\n<p>Distrito Nacional.  Nubes dispersas en la ma\u00f1ana, siendo nublado en la tarde y la noche con aguaceros aislados.<\/p>\n<\/p>\n<p>Domingo. Mayormente nublado con aguaceros dispersos con algunas tronadas en la tarde y la noche hacia las regiones noroeste, norte, noreste, sureste, cordillera Central y la zona fronteriza.<\/p>\n<\/p>\n<p>Santo Domingo y sus municipios. Incrementos nubosos con aguaceros dispersos y algunas tronadas.<\/p>\n<\/p>\n<p>Distrito Nacional. Incrementos nubosos en la tarde con aguaceros dispersos y algunas tronadas.<\/p>\n<\/p>\n<h6> 2016-03-04 07:35:15 <\/h6>\n<p><!--\n<link rel=\"stylesheet\" href=\"css\/bootstrap.min.css\">\n\n\n<ul class=\"pagination\">\n\t    \n\t\n\n<li >\n\t<a href='?page_no=13523'>Previous<\/a>\n\t<\/li>\n\n\n       \n    \n\n<li><a href='?page_no=1'>1<\/a><\/li>\n\n\n\n<li><a href='?page_no=2'>2<\/a><\/li>\n\n\n\n<li><a>...<\/a><\/li>\n\n\n\n<li><a href='?page_no=13522'>13522<\/a><\/li>\n\n\n\n<li><a href='?page_no=13523'>13523<\/a><\/li>\n\n\n\n<li class='active'><a>13524<\/a><\/li>\n\n\n\n<li><a href='?page_no=13525'>13525<\/a><\/li>\n\n\n\n<li><a href='?page_no=13526'>13526<\/a><\/li>\n\n\n\n<li><a>...<\/a><\/li>\n\n\n\n<li><a href='?page_no=56169'>56169<\/a><\/li>\n\n\n\n<li><a href='?page_no=56170'>56170<\/a><\/li>\n\n    \n\t\n\n<li >\n\t<a href='?page_no=13525'>Next<\/a>\n\t<\/li>\n\n\n    \n\n<li><a href='?page_no=56170'>Last &rsaquo;&rsaquo;<\/a><\/li>\n\n<\/ul>\n\n\n--><br \/>\n<\/body><\/p>\n","protected":false},"excerpt":{"rendered":"<p>Santo Domingo RD 4 marzo.- Las condiciones del tiempo sobre el pa\u00eds estar\u00e1n dominadas por el viento del este que aporta humedad, situaci\u00f3n favorable para que en la tarde y primeras horas de la noche se desarrollen campos nubosos, y se produzcan lluvias d\u00e9biles de corta duraci\u00f3n principalmente sobre las provincias Montecristi, Dajabon, Santiago Rodr\u00edguez, [&hellip;]<\/p>\n","protected":false},"author":3,"featured_media":0,"comment_status":"open","ping_status":"open","sticky":false,"template":"","format":"standard","meta":{"footnotes":""},"categories":[20],"tags":[],"class_list":["post-219176","post","type-post","status-publish","format-standard","hentry","category-dominicana-hoy"],"_links":{"self":[{"href":"https:\/\/diariodominicano.com\/index.php?rest_route=\/wp\/v2\/posts\/219176","targetHints":{"allow":["GET"]}}],"collection":[{"href":"https:\/\/diariodominicano.com\/index.php?rest_route=\/wp\/v2\/posts"}],"about":[{"href":"https:\/\/diariodominicano.com\/index.php?rest_route=\/wp\/v2\/types\/post"}],"author":[{"embeddable":true,"href":"https:\/\/diariodominicano.com\/index.php?rest_route=\/wp\/v2\/users\/3"}],"replies":[{"embeddable":true,"href":"https:\/\/diariodominicano.com\/index.php?rest_route=%2Fwp%2Fv2%2Fcomments&post=219176"}],"version-history":[{"count":0,"href":"https:\/\/diariodominicano.com\/index.php?rest_route=\/wp\/v2\/posts\/219176\/revisions"}],"wp:attachment":[{"href":"https:\/\/diariodominicano.com\/index.php?rest_route=%2Fwp%2Fv2%2Fmedia&parent=219176"}],"wp:term":[{"taxonomy":"category","embeddable":true,"href":"https:\/\/diariodominicano.com\/index.php?rest_route=%2Fwp%2Fv2%2Fcategories&post=219176"},{"taxonomy":"post_tag","embeddable":true,"href":"https:\/\/diariodominicano.com\/index.php?rest_route=%2Fwp%2Fv2%2Ftags&post=219176"}],"curies":[{"name":"wp","href":"https:\/\/api.w.org\/{rel}","templated":true}]}}