{"id":219170,"date":"2016-03-04T10:45:56","date_gmt":"2016-03-04T10:45:56","guid":{"rendered":"http:\/\/diariodominicano.ddns.net\/?p=219170"},"modified":"2016-03-04T10:45:56","modified_gmt":"2016-03-04T10:45:56","slug":"colegio-medico-anuncia-paralizara-los-hospitales-por-otras-72-horas","status":"publish","type":"post","link":"https:\/\/diariodominicano.com\/?p=219170","title":{"rendered":"Colegio M\u00e9dico anuncia paralizar\u00e1 los hospitales por otras  72 horas&#13;"},"content":{"rendered":"<p><body><\/p>\n<p><img decoding=\"async\" src=\"img3\/medi 4.jpg\" \/>  <\/p>\n<p>Santo Domingo RD 4 marzo.- Santo Domingo .- El Colegio M\u00e9dico Dominicano (CMD) anunci\u00f3 hoy, viernes, un paro de labores por tres d\u00edas la pr\u00f3xima semana en los hospitales, ante la negativa del Gobierno, se\u00f1al\u00f3, de buscar respuestas a sus reclamos de mejoras laborales.<\/p>\n<\/p>\n<p>Las labores en los hospitales ser\u00e1n suspendidas los pr\u00f3ximos 8, 9 y 10 de marzo, seg\u00fan inform\u00f3 el presidente del CMD, el doctor Waldo Ariel Suero.<\/p>\n<\/p>\n<p>La huelga fue anunciada un d\u00eda despu\u00e9s de que el CMD y otros gremios de salud, encabezados por Suero, marchar\u00e1n al Palacio Nacional con la intenci\u00f3n de ser recibidos por el presidente Danilo Medina, quien, sin embargo, design\u00f3 a un viceministro para que recibiera a una comisi\u00f3n de los m\u00e9dicos.<\/p>\n<\/p>\n<p>Los m\u00e9dicos reclaman la asignaci\u00f3n del 5 % del Producto Interno Bruto (PIB) al sector salud, un aumento salarial para todo el personal sanitario y pensiones del 100 % del salario.EFE<\/p>\n<\/p>\n<h6> 2016-03-04 10:45:56 <\/h6>\n<p><!--\n<link rel=\"stylesheet\" href=\"css\/bootstrap.min.css\">\n\n\n<ul class=\"pagination\">\n\t    \n\t\n\n<li >\n\t<a href='?page_no=13518'>Previous<\/a>\n\t<\/li>\n\n\n       \n    \n\n<li><a href='?page_no=1'>1<\/a><\/li>\n\n\n\n<li><a href='?page_no=2'>2<\/a><\/li>\n\n\n\n<li><a>...<\/a><\/li>\n\n\n\n<li><a href='?page_no=13517'>13517<\/a><\/li>\n\n\n\n<li><a href='?page_no=13518'>13518<\/a><\/li>\n\n\n\n<li class='active'><a>13519<\/a><\/li>\n\n\n\n<li><a href='?page_no=13520'>13520<\/a><\/li>\n\n\n\n<li><a href='?page_no=13521'>13521<\/a><\/li>\n\n\n\n<li><a>...<\/a><\/li>\n\n\n\n<li><a href='?page_no=56169'>56169<\/a><\/li>\n\n\n\n<li><a href='?page_no=56170'>56170<\/a><\/li>\n\n    \n\t\n\n<li >\n\t<a href='?page_no=13520'>Next<\/a>\n\t<\/li>\n\n\n    \n\n<li><a href='?page_no=56170'>Last &rsaquo;&rsaquo;<\/a><\/li>\n\n<\/ul>\n\n\n--><br \/>\n<\/body><\/p>\n","protected":false},"excerpt":{"rendered":"<p>Santo Domingo RD 4 marzo.- Santo Domingo .- El Colegio M\u00e9dico Dominicano (CMD) anunci\u00f3 hoy, viernes, un paro de labores por tres d\u00edas la pr\u00f3xima semana en los hospitales, ante la negativa del Gobierno, se\u00f1al\u00f3, de buscar respuestas a sus reclamos de mejoras laborales. Las labores en los hospitales ser\u00e1n suspendidas los pr\u00f3ximos 8, 9 [&hellip;]<\/p>\n","protected":false},"author":3,"featured_media":0,"comment_status":"open","ping_status":"open","sticky":false,"template":"","format":"standard","meta":{"footnotes":""},"categories":[20],"tags":[],"class_list":["post-219170","post","type-post","status-publish","format-standard","hentry","category-dominicana-hoy"],"_links":{"self":[{"href":"https:\/\/diariodominicano.com\/index.php?rest_route=\/wp\/v2\/posts\/219170","targetHints":{"allow":["GET"]}}],"collection":[{"href":"https:\/\/diariodominicano.com\/index.php?rest_route=\/wp\/v2\/posts"}],"about":[{"href":"https:\/\/diariodominicano.com\/index.php?rest_route=\/wp\/v2\/types\/post"}],"author":[{"embeddable":true,"href":"https:\/\/diariodominicano.com\/index.php?rest_route=\/wp\/v2\/users\/3"}],"replies":[{"embeddable":true,"href":"https:\/\/diariodominicano.com\/index.php?rest_route=%2Fwp%2Fv2%2Fcomments&post=219170"}],"version-history":[{"count":0,"href":"https:\/\/diariodominicano.com\/index.php?rest_route=\/wp\/v2\/posts\/219170\/revisions"}],"wp:attachment":[{"href":"https:\/\/diariodominicano.com\/index.php?rest_route=%2Fwp%2Fv2%2Fmedia&parent=219170"}],"wp:term":[{"taxonomy":"category","embeddable":true,"href":"https:\/\/diariodominicano.com\/index.php?rest_route=%2Fwp%2Fv2%2Fcategories&post=219170"},{"taxonomy":"post_tag","embeddable":true,"href":"https:\/\/diariodominicano.com\/index.php?rest_route=%2Fwp%2Fv2%2Ftags&post=219170"}],"curies":[{"name":"wp","href":"https:\/\/api.w.org\/{rel}","templated":true}]}}