{"id":219168,"date":"2016-03-04T19:10:25","date_gmt":"2016-03-04T19:10:25","guid":{"rendered":"http:\/\/diariodominicano.ddns.net\/?p=219168"},"modified":"2016-03-04T19:10:25","modified_gmt":"2016-03-04T19:10:25","slug":"mandatario-ordena-saneamiento-de-las-canadas-el-indio-y-guajimia","status":"publish","type":"post","link":"https:\/\/diariodominicano.com\/?p=219168","title":{"rendered":"Mandatario ordena saneamiento de las ca\u00f1adas El Indio y Guajim\u00eda"},"content":{"rendered":"<p><body><\/p>\n<p><img decoding=\"async\" src=\"img3\/guajimia_1_0.jpg\" \/>  <\/p>\n<p><strong><span class=\"text1noticias\">Santo Domingo, R. D., 4 de marzo.-<\/span><\/strong><span class=\"text1noticias\"> En otra jornada de contacto con la gente, con los moradores de los barrios populares, el presidente Danilo Medina recorri\u00f3 la ca\u00f1ada El Indio, en sus dos lados, y Guajim\u00eda, ambas en Santo Domingo Oeste, y dispuso su saneamiento.<\/span><\/p>\n<\/p>\n<p><span class=\"text1noticias\">El Jefe de Estado, quien estuvo acompa\u00f1ado del ministro administrativo de la Presidencia, Jos\u00e9 Ram\u00f3n Peralta y del director de la Oficina de Ingenieros Supervisores de Obras del Estado (OISOE), Francisco Pag\u00e1n, habl\u00f3 con los moradores del entorno y escuch\u00f3 sus planteamientos, en una Visita Sorpresa que se produjo al rayar la media ma\u00f1ana de hoy.<\/span><\/p>\n<p><span class=\"text1noticias\"> <\/span><\/p>\n<p><span class=\"text1noticias\">Al recorrer las ca\u00f1adas, el presidente Danilo Medina intercambi\u00f3 con la gente del pueblo, salud\u00f3, estrech\u00f3 manos e instruy\u00f3 a la OISOE y a la Corporaci\u00f3n del Acueducto y Alcantarillado de Santo Domingo (CAASD), para el saneamiento de esos puntos y el mejoramiento de las condiciones ambientales del entorno.<\/span><\/p>\n<p><span class=\"text1noticias\"> <\/span><\/p>\n<p><span class=\"text1noticias\">Danilo Medina estuvo m\u00e1s de media hora constatando la situaci\u00f3n y buscando soluciones para la gente que vive en los ento<\/span>rnos.<\/p>\n<h6> 2016-03-04 19:10:25 <\/h6>\n<p><!--\n<link rel=\"stylesheet\" href=\"css\/bootstrap.min.css\">\n\n\n<ul class=\"pagination\">\n\t    \n\t\n\n<li >\n\t<a href='?page_no=13516'>Previous<\/a>\n\t<\/li>\n\n\n       \n    \n\n<li><a href='?page_no=1'>1<\/a><\/li>\n\n\n\n<li><a href='?page_no=2'>2<\/a><\/li>\n\n\n\n<li><a>...<\/a><\/li>\n\n\n\n<li><a href='?page_no=13515'>13515<\/a><\/li>\n\n\n\n<li><a href='?page_no=13516'>13516<\/a><\/li>\n\n\n\n<li class='active'><a>13517<\/a><\/li>\n\n\n\n<li><a href='?page_no=13518'>13518<\/a><\/li>\n\n\n\n<li><a href='?page_no=13519'>13519<\/a><\/li>\n\n\n\n<li><a>...<\/a><\/li>\n\n\n\n<li><a href='?page_no=56169'>56169<\/a><\/li>\n\n\n\n<li><a href='?page_no=56170'>56170<\/a><\/li>\n\n    \n\t\n\n<li >\n\t<a href='?page_no=13518'>Next<\/a>\n\t<\/li>\n\n\n    \n\n<li><a href='?page_no=56170'>Last &rsaquo;&rsaquo;<\/a><\/li>\n\n<\/ul>\n\n\n--><br \/>\n<\/body><\/p>\n","protected":false},"excerpt":{"rendered":"<p>Santo Domingo, R. D., 4 de marzo.- En otra jornada de contacto con la gente, con los moradores de los barrios populares, el presidente Danilo Medina recorri\u00f3 la ca\u00f1ada El Indio, en sus dos lados, y Guajim\u00eda, ambas en Santo Domingo Oeste, y dispuso su saneamiento. El Jefe de Estado, quien estuvo acompa\u00f1ado del ministro [&hellip;]<\/p>\n","protected":false},"author":3,"featured_media":0,"comment_status":"open","ping_status":"open","sticky":false,"template":"","format":"standard","meta":{"footnotes":""},"categories":[20],"tags":[],"class_list":["post-219168","post","type-post","status-publish","format-standard","hentry","category-dominicana-hoy"],"_links":{"self":[{"href":"https:\/\/diariodominicano.com\/index.php?rest_route=\/wp\/v2\/posts\/219168","targetHints":{"allow":["GET"]}}],"collection":[{"href":"https:\/\/diariodominicano.com\/index.php?rest_route=\/wp\/v2\/posts"}],"about":[{"href":"https:\/\/diariodominicano.com\/index.php?rest_route=\/wp\/v2\/types\/post"}],"author":[{"embeddable":true,"href":"https:\/\/diariodominicano.com\/index.php?rest_route=\/wp\/v2\/users\/3"}],"replies":[{"embeddable":true,"href":"https:\/\/diariodominicano.com\/index.php?rest_route=%2Fwp%2Fv2%2Fcomments&post=219168"}],"version-history":[{"count":0,"href":"https:\/\/diariodominicano.com\/index.php?rest_route=\/wp\/v2\/posts\/219168\/revisions"}],"wp:attachment":[{"href":"https:\/\/diariodominicano.com\/index.php?rest_route=%2Fwp%2Fv2%2Fmedia&parent=219168"}],"wp:term":[{"taxonomy":"category","embeddable":true,"href":"https:\/\/diariodominicano.com\/index.php?rest_route=%2Fwp%2Fv2%2Fcategories&post=219168"},{"taxonomy":"post_tag","embeddable":true,"href":"https:\/\/diariodominicano.com\/index.php?rest_route=%2Fwp%2Fv2%2Ftags&post=219168"}],"curies":[{"name":"wp","href":"https:\/\/api.w.org\/{rel}","templated":true}]}}