{"id":219166,"date":"2016-03-05T07:53:43","date_gmt":"2016-03-05T07:53:43","guid":{"rendered":"http:\/\/diariodominicano.ddns.net\/?p=219166"},"modified":"2016-03-05T07:53:43","modified_gmt":"2016-03-05T07:53:43","slug":"vaguadas-produciran-lluvias-en-el-resto-del-fin-de-semana","status":"publish","type":"post","link":"https:\/\/diariodominicano.com\/?p=219166","title":{"rendered":"Vaguadas producir\u00e1n lluvias en el resto del fin de semana"},"content":{"rendered":"<p><body><\/p>\n<p>Santo Domingo RD 5 marzo.- En el transcurso de la ma\u00f1ana  el firmamento permanecer\u00e1 con  nubosidad dispersas en gran parte del territorio nacional, pero despu\u00e9s del medio d\u00eda  habr\u00e1 un aumento de la  nubosidad con  lluvias   d\u00e9biles a moderadas   y  posibles  r\u00e1fagas de viento  producidas por una  vaguada pre-frontal  y los efectos locales propios de la isla con mayor  incidencia en las regiones  norte, sureste,  cordillera Central y Los  Haitises. <\/p>\n<\/p>\n<p>En  el resto del \u00e1rea permanecer\u00e1 con nubosidad dispersas  y medio nublado en la tarde, pero las  posibilidades de lluvias ser\u00e1n escasas.   <\/p>\n<\/p>\n<p>  El domingo habr\u00e1 un aumento de la nubosidad en gran parte del territorio nacional  con aguaceros,  que podr\u00edan ser de moderados a fuertes de manera local  y  r\u00e1fagas de viento principalmente en   las regiones noreste, noroeste sureste y la cordillera Central  producida por una vaguada frontal que  comenzar\u00e1 a  incidir en el  pa\u00eds.<\/p>\n<\/p>\n<p> El lunes la vaguada frontal  continuar\u00e1 produciendo  lluvias en las regiones noreste, noroeste, sureste y la cordillera Central, pero ser\u00e1n d\u00e9biles a moderadas,  porque el fen\u00f3meno comenzar\u00e1 a debilitarse.<\/p>\n<\/p>\n<p> Distrito Nacional   Nubes dispersas  en la ma\u00f1ana  y  medio nublado a nublado en la tarde con  lluvias  d\u00e9biles.<\/p>\n<\/p>\n<p>Santo Domingo Norte   Medio nublado con lluvias al final de la tarde<\/p>\n<\/p>\n<p>Santo Domingo Oeste Medio nublado a nublado en la tarde con lluvias d\u00e9biles hasta  las primeras horas de la noche.<\/p>\n<\/p>\n<p>Santo Domingo Este Medio nublado a nublado  con lluvias en la tarde.<\/p>\n<\/p>\n<p>El  Gran Santo Domingo La temperatura m\u00e1xima estar\u00e1 entre  29\u00baC y 31\u00baC  y la m\u00ednima entre 21\u00baC y 23\u00baC.    <\/p>\n<\/p>\n<p>  Resumen.   Lluvias  en varias localidades por vaguada pre-frontal.  Incrementos significativos de las precipitaciones ma\u00f1ana domingo por la incidencia de una vaguada frontal.<\/p>\n<\/p>\n<p><strong> PRONOSTICO EXTENDIDO<\/strong><\/p>\n<\/p>\n<p>Hoy.  Nubes  dispersas en la ma\u00f1ana, pero en horas de la tarde  habr\u00e1 un aumento de la nubosidad con lluvias d\u00e9biles a moderadas en la cordillera  Central, zona fronteriza y algunas provincias de la parte norte y  sureste.<\/p>\n<\/p>\n<p>Domingo.  Habr\u00e1 un incremento de la nubosidad  con aguaceros que localmente ser\u00e1n de   moderados a fuertes  y aisladas r\u00e1fagas de viento principalmente hacia las regiones  noreste, sureste, cordillera Central y zona fronteriza.<\/p>\n<\/p>\n<p>Santo Domingo y sus municipios.   Medio nublado  a nublado con lluvias moderadas.<\/p>\n<\/p>\n<p>Distrito Nacional.  Medio nublado a nublado con  lluvias  moderadas.<\/p>\n<\/p>\n<p> Lunes.  Medio nublado  con  aguaceros locales  en la tarde  hacia las regiones norte, noreste, sureste, cordillera Central y zona fronteriza.<\/p>\n<\/p>\n<p>Santo Domingo y sus municipios. Medio nublado  con lluvias dispersas en la tarde.<\/p>\n<h6> 2016-03-05 07:53:43 <\/h6>\n<p><!--\n<link rel=\"stylesheet\" href=\"css\/bootstrap.min.css\">\n\n\n<ul class=\"pagination\">\n\t    \n\t\n\n<li >\n\t<a href='?page_no=13514'>Previous<\/a>\n\t<\/li>\n\n\n       \n    \n\n<li><a href='?page_no=1'>1<\/a><\/li>\n\n\n\n<li><a href='?page_no=2'>2<\/a><\/li>\n\n\n\n<li><a>...<\/a><\/li>\n\n\n\n<li><a href='?page_no=13513'>13513<\/a><\/li>\n\n\n\n<li><a href='?page_no=13514'>13514<\/a><\/li>\n\n\n\n<li class='active'><a>13515<\/a><\/li>\n\n\n\n<li><a href='?page_no=13516'>13516<\/a><\/li>\n\n\n\n<li><a href='?page_no=13517'>13517<\/a><\/li>\n\n\n\n<li><a>...<\/a><\/li>\n\n\n\n<li><a href='?page_no=56169'>56169<\/a><\/li>\n\n\n\n<li><a href='?page_no=56170'>56170<\/a><\/li>\n\n    \n\t\n\n<li >\n\t<a href='?page_no=13516'>Next<\/a>\n\t<\/li>\n\n\n    \n\n<li><a href='?page_no=56170'>Last &rsaquo;&rsaquo;<\/a><\/li>\n\n<\/ul>\n\n\n--><br \/>\n<\/body><\/p>\n","protected":false},"excerpt":{"rendered":"<p>Santo Domingo RD 5 marzo.- En el transcurso de la ma\u00f1ana el firmamento permanecer\u00e1 con nubosidad dispersas en gran parte del territorio nacional, pero despu\u00e9s del medio d\u00eda habr\u00e1 un aumento de la nubosidad con lluvias d\u00e9biles a moderadas y posibles r\u00e1fagas de viento producidas por una vaguada pre-frontal y los efectos locales propios de [&hellip;]<\/p>\n","protected":false},"author":3,"featured_media":0,"comment_status":"open","ping_status":"open","sticky":false,"template":"","format":"standard","meta":{"footnotes":""},"categories":[20],"tags":[],"class_list":["post-219166","post","type-post","status-publish","format-standard","hentry","category-dominicana-hoy"],"_links":{"self":[{"href":"https:\/\/diariodominicano.com\/index.php?rest_route=\/wp\/v2\/posts\/219166","targetHints":{"allow":["GET"]}}],"collection":[{"href":"https:\/\/diariodominicano.com\/index.php?rest_route=\/wp\/v2\/posts"}],"about":[{"href":"https:\/\/diariodominicano.com\/index.php?rest_route=\/wp\/v2\/types\/post"}],"author":[{"embeddable":true,"href":"https:\/\/diariodominicano.com\/index.php?rest_route=\/wp\/v2\/users\/3"}],"replies":[{"embeddable":true,"href":"https:\/\/diariodominicano.com\/index.php?rest_route=%2Fwp%2Fv2%2Fcomments&post=219166"}],"version-history":[{"count":0,"href":"https:\/\/diariodominicano.com\/index.php?rest_route=\/wp\/v2\/posts\/219166\/revisions"}],"wp:attachment":[{"href":"https:\/\/diariodominicano.com\/index.php?rest_route=%2Fwp%2Fv2%2Fmedia&parent=219166"}],"wp:term":[{"taxonomy":"category","embeddable":true,"href":"https:\/\/diariodominicano.com\/index.php?rest_route=%2Fwp%2Fv2%2Fcategories&post=219166"},{"taxonomy":"post_tag","embeddable":true,"href":"https:\/\/diariodominicano.com\/index.php?rest_route=%2Fwp%2Fv2%2Ftags&post=219166"}],"curies":[{"name":"wp","href":"https:\/\/api.w.org\/{rel}","templated":true}]}}