{"id":219165,"date":"2016-03-05T10:34:39","date_gmt":"2016-03-05T10:34:39","guid":{"rendered":"http:\/\/diariodominicano.ddns.net\/?p=219165"},"modified":"2016-03-05T10:34:39","modified_gmt":"2016-03-05T10:34:39","slug":"progresando-con-solidaridad-abre-sala-de-tarea-en-haina","status":"publish","type":"post","link":"https:\/\/diariodominicano.com\/?p=219165","title":{"rendered":"Progresando con Solidaridad abre sala de tarea en Haina"},"content":{"rendered":"<p><body><\/p>\n<p><img decoding=\"async\" src=\"img3\/tare 1.jpg\" \/><br \/><img decoding=\"async\" src=\"img3\/sala 1.jpg\" \/><br \/><img decoding=\"async\" src=\"img3\/salita 4.jpg\" \/>  <\/p>\n<p>BAJOS DE HAINA, San Crist\u00f3bal RD, 05 de marzo de 2016.- El programa Progresando con Solidaridad (Prosoli) abri\u00f3 una sala de tarea en la Biblioteca Municipal de Haina, con lo cual suman cuatro de este tipo de espacios que ha dispuesto la iniciativa social que lidera la vicepresidenta de la Rep\u00fablica, doctora Margarita Cede\u00f1o, para ofrecer refuerzo escolar, apoyo para realizar tareas, entre otras actividades de promoci\u00f3n de lectura y cultura.<\/p>\n<\/p>\n<p>En el espacio, ubicado en el segundo nivel de la biblioteca, qued\u00f3 en funcionamiento durante un acto encabezado por la directora Sociocultural de Prosoli, Teresa Peralta, al que asistieron ni\u00f1os y ni\u00f1as miembros de familias beneficiarias de Prosoli.<\/p>\n<\/p>\n<p>Las dem\u00e1s salas de tarea de Prosoli se encuentran en Pantoja, La Puya, de Arroyo Hondo; y Manoguayabo.<\/p>\n<\/p>\n<p>Esa tarde el departamento Sociocultural de Prosoli tambi\u00e9n imparti\u00f3 una charla a estudiantes de primero y segundo de media del colegio Ebenzer con motivo al D\u00eda del Estudiante que se celebr\u00f3 recientemente.<\/p>\n<\/p>\n<p>Durante la inauguraci\u00f3n de la sala de tarea tambi\u00e9n participaron la encargada de ese proyecto, Cristy Santana, la responsable del Centro de Capacitaci\u00f3n y Producci\u00f3n Progresando (CCPP), Aurora Pimentel; as\u00ed como Mar\u00eda Acosta, en representaci\u00f3n del director del Distrito Escolar 0406, Yunior Mercedes.<\/p>\n<\/p>\n<p>\u00abUstedes van a tener una facilitadora la cual les va a ayudar a hacer sus tareas, en la lectura, en cuanto al disfrute sociocultural en este espacio que les ha enviado la doctora Margarita Cede\u00f1o. Trabajar con ustedes es trabajar para el futuro\u00bb, destac\u00f3 Pimentel.<\/p>\n<\/p>\n<p>Mientras que Acosta resalt\u00f3 la importancia de la disciplina en el aprendizaje y exhort\u00f3 a  los estudiantes a que aprovechen el nuevo espacio dispuesto en favor de la ni\u00f1ez de Haina.<\/p>\n<h6> 2016-03-05 10:34:39 <\/h6>\n<p><!--\n<link rel=\"stylesheet\" href=\"css\/bootstrap.min.css\">\n\n\n<ul class=\"pagination\">\n\t    \n\t\n\n<li >\n\t<a href='?page_no=13513'>Previous<\/a>\n\t<\/li>\n\n\n       \n    \n\n<li><a href='?page_no=1'>1<\/a><\/li>\n\n\n\n<li><a href='?page_no=2'>2<\/a><\/li>\n\n\n\n<li><a>...<\/a><\/li>\n\n\n\n<li><a href='?page_no=13512'>13512<\/a><\/li>\n\n\n\n<li><a href='?page_no=13513'>13513<\/a><\/li>\n\n\n\n<li class='active'><a>13514<\/a><\/li>\n\n\n\n<li><a href='?page_no=13515'>13515<\/a><\/li>\n\n\n\n<li><a href='?page_no=13516'>13516<\/a><\/li>\n\n\n\n<li><a>...<\/a><\/li>\n\n\n\n<li><a href='?page_no=56169'>56169<\/a><\/li>\n\n\n\n<li><a href='?page_no=56170'>56170<\/a><\/li>\n\n    \n\t\n\n<li >\n\t<a href='?page_no=13515'>Next<\/a>\n\t<\/li>\n\n\n    \n\n<li><a href='?page_no=56170'>Last &rsaquo;&rsaquo;<\/a><\/li>\n\n<\/ul>\n\n\n--><br \/>\n<\/body><\/p>\n","protected":false},"excerpt":{"rendered":"<p>BAJOS DE HAINA, San Crist\u00f3bal RD, 05 de marzo de 2016.- El programa Progresando con Solidaridad (Prosoli) abri\u00f3 una sala de tarea en la Biblioteca Municipal de Haina, con lo cual suman cuatro de este tipo de espacios que ha dispuesto la iniciativa social que lidera la vicepresidenta de la Rep\u00fablica, doctora Margarita Cede\u00f1o, para [&hellip;]<\/p>\n","protected":false},"author":3,"featured_media":0,"comment_status":"open","ping_status":"open","sticky":false,"template":"","format":"standard","meta":{"footnotes":""},"categories":[20],"tags":[],"class_list":["post-219165","post","type-post","status-publish","format-standard","hentry","category-dominicana-hoy"],"_links":{"self":[{"href":"https:\/\/diariodominicano.com\/index.php?rest_route=\/wp\/v2\/posts\/219165","targetHints":{"allow":["GET"]}}],"collection":[{"href":"https:\/\/diariodominicano.com\/index.php?rest_route=\/wp\/v2\/posts"}],"about":[{"href":"https:\/\/diariodominicano.com\/index.php?rest_route=\/wp\/v2\/types\/post"}],"author":[{"embeddable":true,"href":"https:\/\/diariodominicano.com\/index.php?rest_route=\/wp\/v2\/users\/3"}],"replies":[{"embeddable":true,"href":"https:\/\/diariodominicano.com\/index.php?rest_route=%2Fwp%2Fv2%2Fcomments&post=219165"}],"version-history":[{"count":0,"href":"https:\/\/diariodominicano.com\/index.php?rest_route=\/wp\/v2\/posts\/219165\/revisions"}],"wp:attachment":[{"href":"https:\/\/diariodominicano.com\/index.php?rest_route=%2Fwp%2Fv2%2Fmedia&parent=219165"}],"wp:term":[{"taxonomy":"category","embeddable":true,"href":"https:\/\/diariodominicano.com\/index.php?rest_route=%2Fwp%2Fv2%2Fcategories&post=219165"},{"taxonomy":"post_tag","embeddable":true,"href":"https:\/\/diariodominicano.com\/index.php?rest_route=%2Fwp%2Fv2%2Ftags&post=219165"}],"curies":[{"name":"wp","href":"https:\/\/api.w.org\/{rel}","templated":true}]}}