{"id":219163,"date":"2016-03-05T14:24:15","date_gmt":"2016-03-05T14:24:15","guid":{"rendered":"http:\/\/diariodominicano.ddns.net\/?p=219163"},"modified":"2016-03-05T14:24:15","modified_gmt":"2016-03-05T14:24:15","slug":"gastroenterologos-del-pais-se-reunen","status":"publish","type":"post","link":"https:\/\/diariodominicano.com\/?p=219163","title":{"rendered":"Gastroenter\u00f3logos del pa\u00eds se reunen"},"content":{"rendered":"<p><body><\/p>\n<p><img decoding=\"async\" src=\"img3\/gastro.jpg\" \/>  <\/p>\n<p><span class=\"text1noticias\">San Francisco de Macor\u00eds, Duarte, RD, 5 de Marzo.-Los Gastroenter\u00f3logos del pa\u00eds se reunieron a analizar sus temas en la Jornada Regional Norte de la Sociedad Dominicana de Gastroenterolog\u00eda, celebrada en el auditorio de la Universidad Cat\u00f3lica Nordestana de esta ciudad.<\/span><\/p>\n<\/p>\n<p><span class=\"text1noticias\">La Jornada estuvo encabezada por el doctor Luis Manuel P\u00e9rez M\u00e9ndez, presidente de la entidad, quien refiri\u00f3 que la Sociedad ense\u00f1\u00f3 a los m\u00e9dicos del Norte herramientas para un diagn\u00f3stico oportuno de la pancreatitis aguda, condici\u00f3n que pone en riesgo la vida de las personas.<\/span><\/p>\n<\/p>\n<p><span class=\"text1noticias\">Resalt\u00f3 que esa jornada trae lo \u00faltimo en manejo de patolog\u00edas que se est\u00e1 llevando a nivel mundial para los m\u00e9dico que ejerce en los pueblos de la regi\u00f3n norte; dijo que las actualizaciones que se presentan a los m\u00e9dicos son los \u00faltimos avances en el manejo de las patolog\u00edas, lo que beneficiar\u00e1 a la poblaci\u00f3n en sentido general.<\/span><\/p>\n<\/p>\n<p><span class=\"text1noticias\">\u00abEn la jornada participan especialistas y estudiantes de gastroenterolog\u00eda que atienden al pueblo dominicano de esta regi\u00f3n, los pacientes son los m\u00e1s beneficiados por tener doctores actualizados\u00bb, resalt\u00f3 el galeno.<\/span><\/p>\n<\/p>\n<p><span class=\"text1noticias\">El doctor Sergio Romero, vocal de la Regional Norte de la Entidad, dio la bienvenida a las decenas de gastroenter\u00f3logos proveniente de la Regi\u00f3n Norte y la capital y valor\u00f3 el encuentro por ser oportunidad de intercambio cient\u00edfico y amistoso entre los especialistas.<\/span><\/p>\n<\/p>\n<p><span class=\"text1noticias\">La doctora Alejandra Pe\u00f1a, vicepresidenta de la Sociedad, destac\u00f3 que se trata de la primera jornada celebrada por la directiva 2016-2018 y expres\u00f3 el inter\u00e9s de la entidad en llevar las \u00faltimas terapias, manejo y diagn\u00f3stico de las principales enfermedades gastroenterol\u00f3gicas que afectan a los dominicanos.<\/span><\/p>\n<\/p>\n<p><span class=\"text1noticias\">La Jornada abord\u00f3 en cinco conferencias y una mesa redonda los temas de pancreatitis aguda, repercusi\u00f3n ambiental, dengue y gastroenterolog\u00eda, colitis ulcerativa enfermedad de Crhon y hepatopat\u00eda cr\u00f3nica avanzada<\/span>.<\/p>\n<\/p>\n<h6> 2016-03-05 14:24:15 <\/h6>\n<p><!--\n<link rel=\"stylesheet\" href=\"css\/bootstrap.min.css\">\n\n\n<ul class=\"pagination\">\n\t    \n\t\n\n<li >\n\t<a href='?page_no=13511'>Previous<\/a>\n\t<\/li>\n\n\n       \n    \n\n<li><a href='?page_no=1'>1<\/a><\/li>\n\n\n\n<li><a href='?page_no=2'>2<\/a><\/li>\n\n\n\n<li><a>...<\/a><\/li>\n\n\n\n<li><a href='?page_no=13510'>13510<\/a><\/li>\n\n\n\n<li><a href='?page_no=13511'>13511<\/a><\/li>\n\n\n\n<li class='active'><a>13512<\/a><\/li>\n\n\n\n<li><a href='?page_no=13513'>13513<\/a><\/li>\n\n\n\n<li><a href='?page_no=13514'>13514<\/a><\/li>\n\n\n\n<li><a>...<\/a><\/li>\n\n\n\n<li><a href='?page_no=56169'>56169<\/a><\/li>\n\n\n\n<li><a href='?page_no=56170'>56170<\/a><\/li>\n\n    \n\t\n\n<li >\n\t<a href='?page_no=13513'>Next<\/a>\n\t<\/li>\n\n\n    \n\n<li><a href='?page_no=56170'>Last &rsaquo;&rsaquo;<\/a><\/li>\n\n<\/ul>\n\n\n--><br \/>\n<\/body><\/p>\n","protected":false},"excerpt":{"rendered":"<p>San Francisco de Macor\u00eds, Duarte, RD, 5 de Marzo.-Los Gastroenter\u00f3logos del pa\u00eds se reunieron a analizar sus temas en la Jornada Regional Norte de la Sociedad Dominicana de Gastroenterolog\u00eda, celebrada en el auditorio de la Universidad Cat\u00f3lica Nordestana de esta ciudad. La Jornada estuvo encabezada por el doctor Luis Manuel P\u00e9rez M\u00e9ndez, presidente de la [&hellip;]<\/p>\n","protected":false},"author":3,"featured_media":0,"comment_status":"open","ping_status":"open","sticky":false,"template":"","format":"standard","meta":{"footnotes":""},"categories":[20],"tags":[],"class_list":["post-219163","post","type-post","status-publish","format-standard","hentry","category-dominicana-hoy"],"_links":{"self":[{"href":"https:\/\/diariodominicano.com\/index.php?rest_route=\/wp\/v2\/posts\/219163","targetHints":{"allow":["GET"]}}],"collection":[{"href":"https:\/\/diariodominicano.com\/index.php?rest_route=\/wp\/v2\/posts"}],"about":[{"href":"https:\/\/diariodominicano.com\/index.php?rest_route=\/wp\/v2\/types\/post"}],"author":[{"embeddable":true,"href":"https:\/\/diariodominicano.com\/index.php?rest_route=\/wp\/v2\/users\/3"}],"replies":[{"embeddable":true,"href":"https:\/\/diariodominicano.com\/index.php?rest_route=%2Fwp%2Fv2%2Fcomments&post=219163"}],"version-history":[{"count":0,"href":"https:\/\/diariodominicano.com\/index.php?rest_route=\/wp\/v2\/posts\/219163\/revisions"}],"wp:attachment":[{"href":"https:\/\/diariodominicano.com\/index.php?rest_route=%2Fwp%2Fv2%2Fmedia&parent=219163"}],"wp:term":[{"taxonomy":"category","embeddable":true,"href":"https:\/\/diariodominicano.com\/index.php?rest_route=%2Fwp%2Fv2%2Fcategories&post=219163"},{"taxonomy":"post_tag","embeddable":true,"href":"https:\/\/diariodominicano.com\/index.php?rest_route=%2Fwp%2Fv2%2Ftags&post=219163"}],"curies":[{"name":"wp","href":"https:\/\/api.w.org\/{rel}","templated":true}]}}