{"id":219162,"date":"2016-03-05T16:07:17","date_gmt":"2016-03-05T16:07:17","guid":{"rendered":"http:\/\/diariodominicano.ddns.net\/?p=219162"},"modified":"2016-03-05T16:07:17","modified_gmt":"2016-03-05T16:07:17","slug":"rd-aumenta-de-43-a-54-paises-sin-necesidad-de-visados","status":"publish","type":"post","link":"https:\/\/diariodominicano.com\/?p=219162","title":{"rendered":"RD aumenta de 43 a 54 paises sin necesidad de visados"},"content":{"rendered":"<p><body><\/p>\n<p><img decoding=\"async\" src=\"img3\/sinvisas.jpg\" \/>  <\/p>\n<p><strong><span class=\"text1noticias\">Santo Domingo, RD, 5 de Marzo.- <\/span><\/strong><span class=\"text1noticias\">Entre el 2008 y 2016, la Rep\u00fablica Dominicana ocupa el pen\u00faltimo lugar de la regi\u00f3n en acceso internacional sin necesidad de visa, en los \u00faltimos a\u00f1os logr\u00f3 aumentar su acceso de 43 a 54 pa\u00edses, fue uno de los que menos increment\u00f3 en el periodo.<\/span><\/p>\n<\/p>\n<p><span class=\"text1noticias\">Sin embargo, Colombia obtuvo la mayor ganancia del grupo, mejorando su posici\u00f3n con 55 nuevos pa\u00edses, logrando duplicar su nivel de acceso sin visado. <\/span><\/p>\n<\/p>\n<p><span class=\"text1noticias\">En Am\u00e9rica Latina s\u00f3lo Chile, Brasil y Argentina superan los 150 destinos libres de visa, logrando un aumento del acceso de casi 30 nuevos pa\u00edses en ese periodo.<\/span><\/p>\n<\/p>\n<p><span class=\"text1noticias\">El pasaporte alem\u00e1n, seg\u00fan el \u00faltimo ranking de la firma Henley &amp; Partners, es el pasaporte m\u00e1s poderoso del mundo, ya que le brinda acceso a sus ciudadanos a 177 pa\u00edses sin la necesidad de un visado.<\/span><\/p>\n<\/p>\n<p><span class=\"text1noticias\">En un cercano segundo lugar se ubica el pasaporte sueco, con acceso a 176 pa\u00edses, y empatados en tercer lugar est\u00e1n Finlandia, Francia, Italia, Espa\u00f1a y el Reino Unido, con la libertad de entrar a 175 pa\u00edses sin visa.<\/span><\/p>\n<\/p>\n<p><span class=\"text1noticias\">Factores como el nivel de desarrollo econ\u00f3mico y social, la justa aplicaci\u00f3n de la ley, las pol\u00edticas y cumplimiento de los derechos humanos, la seguridad fronteriza y los mecanismos de reducci\u00f3n de vulnerabilidades tecnol\u00f3gicas son algunos de los puntos tomados en consideraci\u00f3n en las negociaciones que hacen los pa\u00edses para aumentar su acceso internacional sin visado<\/span>.<\/p>\n<h6> 2016-03-05 16:07:17 <\/h6>\n<p><!--\n<link rel=\"stylesheet\" href=\"css\/bootstrap.min.css\">\n\n\n<ul class=\"pagination\">\n\t    \n\t\n\n<li >\n\t<a href='?page_no=13510'>Previous<\/a>\n\t<\/li>\n\n\n       \n    \n\n<li><a href='?page_no=1'>1<\/a><\/li>\n\n\n\n<li><a href='?page_no=2'>2<\/a><\/li>\n\n\n\n<li><a>...<\/a><\/li>\n\n\n\n<li><a href='?page_no=13509'>13509<\/a><\/li>\n\n\n\n<li><a href='?page_no=13510'>13510<\/a><\/li>\n\n\n\n<li class='active'><a>13511<\/a><\/li>\n\n\n\n<li><a href='?page_no=13512'>13512<\/a><\/li>\n\n\n\n<li><a href='?page_no=13513'>13513<\/a><\/li>\n\n\n\n<li><a>...<\/a><\/li>\n\n\n\n<li><a href='?page_no=56169'>56169<\/a><\/li>\n\n\n\n<li><a href='?page_no=56170'>56170<\/a><\/li>\n\n    \n\t\n\n<li >\n\t<a href='?page_no=13512'>Next<\/a>\n\t<\/li>\n\n\n    \n\n<li><a href='?page_no=56170'>Last &rsaquo;&rsaquo;<\/a><\/li>\n\n<\/ul>\n\n\n--><br \/>\n<\/body><\/p>\n","protected":false},"excerpt":{"rendered":"<p>Santo Domingo, RD, 5 de Marzo.- Entre el 2008 y 2016, la Rep\u00fablica Dominicana ocupa el pen\u00faltimo lugar de la regi\u00f3n en acceso internacional sin necesidad de visa, en los \u00faltimos a\u00f1os logr\u00f3 aumentar su acceso de 43 a 54 pa\u00edses, fue uno de los que menos increment\u00f3 en el periodo. Sin embargo, Colombia obtuvo [&hellip;]<\/p>\n","protected":false},"author":3,"featured_media":0,"comment_status":"open","ping_status":"open","sticky":false,"template":"","format":"standard","meta":{"footnotes":""},"categories":[20],"tags":[],"class_list":["post-219162","post","type-post","status-publish","format-standard","hentry","category-dominicana-hoy"],"_links":{"self":[{"href":"https:\/\/diariodominicano.com\/index.php?rest_route=\/wp\/v2\/posts\/219162","targetHints":{"allow":["GET"]}}],"collection":[{"href":"https:\/\/diariodominicano.com\/index.php?rest_route=\/wp\/v2\/posts"}],"about":[{"href":"https:\/\/diariodominicano.com\/index.php?rest_route=\/wp\/v2\/types\/post"}],"author":[{"embeddable":true,"href":"https:\/\/diariodominicano.com\/index.php?rest_route=\/wp\/v2\/users\/3"}],"replies":[{"embeddable":true,"href":"https:\/\/diariodominicano.com\/index.php?rest_route=%2Fwp%2Fv2%2Fcomments&post=219162"}],"version-history":[{"count":0,"href":"https:\/\/diariodominicano.com\/index.php?rest_route=\/wp\/v2\/posts\/219162\/revisions"}],"wp:attachment":[{"href":"https:\/\/diariodominicano.com\/index.php?rest_route=%2Fwp%2Fv2%2Fmedia&parent=219162"}],"wp:term":[{"taxonomy":"category","embeddable":true,"href":"https:\/\/diariodominicano.com\/index.php?rest_route=%2Fwp%2Fv2%2Fcategories&post=219162"},{"taxonomy":"post_tag","embeddable":true,"href":"https:\/\/diariodominicano.com\/index.php?rest_route=%2Fwp%2Fv2%2Ftags&post=219162"}],"curies":[{"name":"wp","href":"https:\/\/api.w.org\/{rel}","templated":true}]}}