{"id":219156,"date":"2016-03-06T14:36:03","date_gmt":"2016-03-06T14:36:03","guid":{"rendered":"http:\/\/diariodominicano.ddns.net\/?p=219156"},"modified":"2016-03-06T14:36:03","modified_gmt":"2016-03-06T14:36:03","slug":"caasd-inicia-trabajo-de-limpieza-en-canada-el-indio-de-herrera","status":"publish","type":"post","link":"https:\/\/diariodominicano.com\/?p=219156","title":{"rendered":"CAASD inicia trabajo de limpieza en Ca\u00f1ada El Indio de Herrera"},"content":{"rendered":"<p><body><\/p>\n<p><img decoding=\"async\" src=\"img3\/casdherrera.jpg\" \/>  <\/p>\n<p><span class=\"text1noticias\">Santo Domingo, RD, 6 de Marzo.-La Corporaci\u00f3n del Acueducto y Alcantarillado de Santo Domingo (CAASD) inici\u00f3 los trabajos de saneamiento de la Ca\u00f1ada El Indio en sus tramos Derecho e Izquierdo, en cumplimiento a instrucciones del Presidente Danilo Medina en su visita sorpresa. <\/span><\/p>\n<\/p>\n<p><span class=\"text1noticias\">\u00abDesde que recibimos la orden del Presidente Medina, instruimos a nuestros t\u00e9cnicos iniciar los trabajos y seleccionar personas residentes en la comunidad para que sean contratadas para trabajar en el saneamiento de la ca\u00f1ada y sus afluentes\u00bb, precis\u00f3 el arquitecto Alejandro Mont\u00e1s, director general de la CAASD.<\/span><\/p>\n<\/p>\n<p><span class=\"text1noticias\">Mont\u00e1s indici\u00f3 que desde primera hora del s\u00e1bado se traslad\u00f3 a Herrera en al municipio Santo Domingo Oeste para dejar instalados los equipos y el personal que supervisar\u00e1 los trabajos ordenados por el Jefe del Estado.<\/span><\/p>\n<\/p>\n<p><span class=\"text1noticias\">El funcionario se\u00f1al\u00f3 que en la Ca\u00f1ada El Indio trabajar\u00e1n con el mismo concepto con el que se sane\u00f3 las ca\u00f1adas Bonavides y El Arrozal, a fin de elevar el estilo de vida de sus habitantes, \u00abllevando salud, mejorando la calidad de vida y fortaleciendo el orgullo por su comunidad\u00bb.<\/span><\/p>\n<\/p>\n<p><span class=\"text1noticias\">En una visita sorpresa, el Presidente Medina recorri\u00f3 el viernes las ca\u00f1adas El Indio y Guajim\u00eda, ordenando su saneamiento y la mejora de las condiciones ambientales del entorno de dichas ca\u00f1adas.<\/span><\/p>\n<h6> 2016-03-06 14:36:03 <\/h6>\n<p><!--\n<link rel=\"stylesheet\" href=\"css\/bootstrap.min.css\">\n\n\n<ul class=\"pagination\">\n\t    \n\t\n\n<li >\n\t<a href='?page_no=13505'>Previous<\/a>\n\t<\/li>\n\n\n       \n    \n\n<li><a href='?page_no=1'>1<\/a><\/li>\n\n\n\n<li><a href='?page_no=2'>2<\/a><\/li>\n\n\n\n<li><a>...<\/a><\/li>\n\n\n\n<li><a href='?page_no=13504'>13504<\/a><\/li>\n\n\n\n<li><a href='?page_no=13505'>13505<\/a><\/li>\n\n\n\n<li class='active'><a>13506<\/a><\/li>\n\n\n\n<li><a href='?page_no=13507'>13507<\/a><\/li>\n\n\n\n<li><a href='?page_no=13508'>13508<\/a><\/li>\n\n\n\n<li><a>...<\/a><\/li>\n\n\n\n<li><a href='?page_no=56169'>56169<\/a><\/li>\n\n\n\n<li><a href='?page_no=56170'>56170<\/a><\/li>\n\n    \n\t\n\n<li >\n\t<a href='?page_no=13507'>Next<\/a>\n\t<\/li>\n\n\n    \n\n<li><a href='?page_no=56170'>Last &rsaquo;&rsaquo;<\/a><\/li>\n\n<\/ul>\n\n\n--><br \/>\n<\/body><\/p>\n","protected":false},"excerpt":{"rendered":"<p>Santo Domingo, RD, 6 de Marzo.-La Corporaci\u00f3n del Acueducto y Alcantarillado de Santo Domingo (CAASD) inici\u00f3 los trabajos de saneamiento de la Ca\u00f1ada El Indio en sus tramos Derecho e Izquierdo, en cumplimiento a instrucciones del Presidente Danilo Medina en su visita sorpresa. \u00abDesde que recibimos la orden del Presidente Medina, instruimos a nuestros t\u00e9cnicos [&hellip;]<\/p>\n","protected":false},"author":3,"featured_media":0,"comment_status":"open","ping_status":"open","sticky":false,"template":"","format":"standard","meta":{"footnotes":""},"categories":[20],"tags":[],"class_list":["post-219156","post","type-post","status-publish","format-standard","hentry","category-dominicana-hoy"],"_links":{"self":[{"href":"https:\/\/diariodominicano.com\/index.php?rest_route=\/wp\/v2\/posts\/219156","targetHints":{"allow":["GET"]}}],"collection":[{"href":"https:\/\/diariodominicano.com\/index.php?rest_route=\/wp\/v2\/posts"}],"about":[{"href":"https:\/\/diariodominicano.com\/index.php?rest_route=\/wp\/v2\/types\/post"}],"author":[{"embeddable":true,"href":"https:\/\/diariodominicano.com\/index.php?rest_route=\/wp\/v2\/users\/3"}],"replies":[{"embeddable":true,"href":"https:\/\/diariodominicano.com\/index.php?rest_route=%2Fwp%2Fv2%2Fcomments&post=219156"}],"version-history":[{"count":0,"href":"https:\/\/diariodominicano.com\/index.php?rest_route=\/wp\/v2\/posts\/219156\/revisions"}],"wp:attachment":[{"href":"https:\/\/diariodominicano.com\/index.php?rest_route=%2Fwp%2Fv2%2Fmedia&parent=219156"}],"wp:term":[{"taxonomy":"category","embeddable":true,"href":"https:\/\/diariodominicano.com\/index.php?rest_route=%2Fwp%2Fv2%2Fcategories&post=219156"},{"taxonomy":"post_tag","embeddable":true,"href":"https:\/\/diariodominicano.com\/index.php?rest_route=%2Fwp%2Fv2%2Ftags&post=219156"}],"curies":[{"name":"wp","href":"https:\/\/api.w.org\/{rel}","templated":true}]}}