{"id":219152,"date":"2016-03-07T07:55:35","date_gmt":"2016-03-07T07:55:35","guid":{"rendered":"http:\/\/diariodominicano.ddns.net\/?p=219152"},"modified":"2016-03-07T07:55:35","modified_gmt":"2016-03-07T07:55:35","slug":"primera-dama-avanzando-hacia-un-mejor-futuro","status":"publish","type":"post","link":"https:\/\/diariodominicano.com\/?p=219152","title":{"rendered":"Primera Dama: \u00abAvanzando hacia un mejor futuro\u00bb"},"content":{"rendered":"<p><body><\/p>\n<p><img decoding=\"async\" src=\"img3\/candi 4.jpg\" \/><br \/><img decoding=\"async\" src=\"img3\/candi 3.jpg\" \/><br \/><img decoding=\"async\" src=\"img3\/candi 2.jpg\" \/>  <\/p>\n<p>Santo Domingo RD 7 marzo (DICOM).- La Primera Dama C\u00e1ndida Montilla de Medina expres\u00f3 su satisfacci\u00f3n por haber logrado impulsar programas sociales desde su Despacho que, motivados en el amor, han elevado la calidad de vida de miles de personas.<\/p>\n<\/p>\n<p>Esas personas han sido dotadas de herramientas para que puedan superar sus propios sufrimientos y labrarse un mejor porvenir, a favor de sus familias y de la sociedad en su conjunto.<\/p>\n<\/p>\n<p>Explic\u00f3 Montilla de Medina que en ese ejercicio ha puesto valor agregado a la funci\u00f3n de Primera Dama, gracias a su profesi\u00f3n de psic\u00f3loga, lo que le ha proporcionado una gran empat\u00eda con el pueblo y, sobretodo, con los sectores m\u00e1s vulnerables de la poblaci\u00f3n, con los que trabaja d\u00eda a d\u00eda.<\/p>\n<\/p>\n<p>Pasi\u00f3n por el trabajo con la gente<\/p>\n<p>La Primera Dama de la Rep\u00fablica present\u00f3 las realizaciones de su Despacho en una producci\u00f3n especial del programa de televisi\u00f3n Con Jatnna, titulado \u00abAvanzando hacia un mejor futuro\u00bb, transmitido este domingo, por el canal 9 de Color Visi\u00f3n.<\/p>\n<\/p>\n<p>En su intervenci\u00f3n, Montilla de Medina expuso los criterios y lineamientos que rigen, el trabajo que desarrolla desde el Despacho de la Primera Dama, as\u00ed como su pasi\u00f3n de trabajar para la gente.<\/p>\n<\/p>\n<p>Equidad, inclusi\u00f3n y justicia social<\/p>\n<p> La Primera Dama manifest\u00f3 que las pol\u00edticas para realizar cada uno de los proyectos de su Despacho fueron pensados para que estuvieran \u00abllenos de equidad, inclusi\u00f3n y justicia social, a trav\u00e9s de programas estrat\u00e9gicos y con valores institucionales\u00bb.<\/p>\n<\/p>\n<p>Montilla de Medina explic\u00f3 que todo empez\u00f3 con el programa de pol\u00edtica social que hab\u00eda trazado el entonces candidato y actual presidente de la Rep\u00fablica, su esposo Danilo Medina.<\/p>\n<\/p>\n<p>\u00abEn su campa\u00f1a, \u00e9l hab\u00eda planificado darle mayor importancia a la inclusi\u00f3n social, por lo cual, tan pronto fue elegido indujo a los miembros de su equipo a estructurar sus programas sobre esa base\u00bb, dijo la Primera Dama, refiri\u00e9ndose al presidente de la Rep\u00fablica Danilo Medina S\u00e1nchez.<\/p>\n<\/p>\n<p>El CAID: donde el amor y la ciencia hacen pareja<\/p>\n<p> Expuso que el Despacho de la Primera Dama asumi\u00f3 ese lineamiento e identific\u00f3 a una poblaci\u00f3n que nunca hab\u00eda sido tomada en cuenta, que son los ni\u00f1os y ni\u00f1as con discapacidad.<\/p>\n<\/p>\n<p>Signific\u00f3 que como la l\u00ednea del Presidente era que su Gobierno trabajara a favor de la primera infancia, busc\u00f3 referencia de los mejores proyectos y programas internacionales que trabajan para este sector especial.<\/p>\n<\/p>\n<p>Es, entonces, que estructura el Centro de Atenci\u00f3n Integral para la Discapacidad (CAID), el que define como \u00abuna obra donde el amor y la ciencia hacen pareja con dos prop\u00f3sitos principales: primero la atenci\u00f3n necesaria a los ni\u00f1os y ni\u00f1as que de otro modo estar\u00edan condenados de por vida a su condici\u00f3n, y segundo, la solidaridad\u00bb.<\/p>\n<\/p>\n<p>\u00abNi\u00f1ez Primero\u00bb <\/p>\n<p> \u00abEn el Despacho de la Primera Dama quer\u00edamos poner un centro de diagn\u00f3stico para todos los trastornos y que en ese mismo lugar tuviera la rehabilitaci\u00f3n como un medio de especializaci\u00f3n con los ni\u00f1os y atenci\u00f3n integral que incluyera la familia y la comunidad\u00bb, puntualiz\u00f3.<\/p>\n<\/p>\n<p>Cit\u00f3 otros programas de vital importancia, como el de Tamiz  Neonatal y el de Ni\u00f1os Perdedores de Sal, los cuales se enmarcan dentro del proyecto de su Despacho \u00abNi\u00f1ez Primero\u00bb, con el que, adem\u00e1s, impulsa importantes avances en la ciencia de la salud en el pa\u00eds.<\/p>\n<\/p>\n<p>Otros programas del Despacho<\/p>\n<p> Sobre el programa \u00c1ngeles de la Cultura, C\u00e1ndida Montilla de Medina narra que surge de una iniciativa su Despacho.<\/p>\n<\/p>\n<p> \u00abSiempre le manifestaba a Freddy Ginebra (El Duende Mayor) mi preocupaci\u00f3n por los ni\u00f1os de los barrios marginados y mi inter\u00e9s de llevarles algo de m\u00fasica, entonces firmamos un convenio con la escuela A\u00edda Cartagena Portalat\u00edn, donde comenz\u00f3 el proyecto\u00bb.<\/p>\n<\/p>\n<p>Montilla de Medina expuso que este programa, que busca potencializar los talentos y capacidades art\u00edsticas y literarias de los ni\u00f1os, se ha extendido hacia otros barrios de la Capital, Santiago, San Juan de la Maguana e Hig\u00fcey, y ha presentado ya impactantes espect\u00e1culos, en grandes escenarios del pa\u00eds.<\/p>\n<\/p>\n<p>En esas presentaciones, los ni\u00f1os y adolescentes que integran el programa \u00c1ngeles de la Cultura han demostrado sus destrezas en danza, baile, m\u00fasica, teatro, t\u00edteres, coro y literatura, con gran profesionalidad.<\/p>\n<\/p>\n<p>Alcance de las acciones de la Primera Dama<\/p>\n<p>En el especial de televisi\u00f3n, adem\u00e1s de Montilla de Medina, estuvieron los coordinadores de los distintos programas, as\u00ed como la Coordinadora T\u00e9cnica del Despacho, Martha Rodr\u00edguez de B\u00e1ez y el director del CAID-Santo Domingo Oeste, Mois\u00e9s Taveras.<\/p>\n<\/p>\n<p>Yety Guzm\u00e1n, Lissy Campos, Nelson Figueroa Espaillat, Francisco Garc\u00eda Bethencourt, Ceila P\u00e9rez de Ferr\u00e1n, Casimiro Velazco, Catana P\u00e9rez, Freddy Ginebra, Zoila Luna y C\u00e9sar Mella Mej\u00edas expusieron los alcances y el impacto en la poblaci\u00f3n de sus respectivos programas.<\/p>\n<\/p>\n<p>Ni\u00f1os Perdedores de Sal<\/p>\n<p>Tambi\u00e9n participaron los doctores Elena Fern\u00e1ndez y el maestro de la medicina, Elbi Morla, directora del Programa de Medicamentos Esenciales (PROMESE\/CAL) y jefe de Endocrinolog\u00eda del hospital infantil Robert Reid Cabral, respectivamente, quienes resaltaron el impacto del programa Ni\u00f1os Perdedores de Sal, que desarrolla el Despacho de la Primera Dama, C\u00e1ndida Montilla de Medina.<\/p>\n<\/p>\n<p>Para las mujeres y toda la familia<\/p>\n<p>Adem\u00e1s del gran proyecto CAID y los programas citados, el Despacho de la Primera Dama dirige su trabajo tambi\u00e9n hacia las mujeres, j\u00f3venes y la familia en sentido general, a trav\u00e9s de distintas propuestas.<\/p>\n<\/p>\n<p>Mujeres Saludables, Mujer y Vida, Comunidades Inteligentes, con seis componentes; Servicio al Ciudadano, Cuenta Conmigo y, a punto de comenzar, los Centros de Rehabilitaci\u00f3n Psicosocial para personas que deambulan con discapacidad Psiqui\u00e1trica (RESIDE) y el de Atenci\u00f3n Psicosocial para Internos de la Penitenciar\u00eda de La Victoria (CENASID), son los pilares estrat\u00e9gicos del Despacho de la Primera Dama, C\u00e1ndida Montilla de Medina.<\/p>\n<\/p>\n<p>Representantes por la inclusi\u00f3n<\/p>\n<p>Asistieron tambi\u00e9n al programa y valoraron la gesti\u00f3n de la Primera Dama, los creadores de instituciones que trabajan con ni\u00f1os con discapacidad, a favor de la inclusi\u00f3n social, como Oscar Villanueva, de \u00abQui\u00e9reme como Soy\u00bb y Jacqueline Herrera, de la fundaci\u00f3n Manuel \u00c1lvarez Reyes.<\/p>\n<\/p>\n<p>Igualmente, resaltaron las pol\u00edticas de inclusi\u00f3n social que desarrolla la Primera Dama, las se\u00f1oras M\u00f3nika Despradel y Odille Villavizar, presidentas de las fundaciones Nido para Angeles y Manos Unidas por el Autismo, respectivamente.<\/p>\n<h6> 2016-03-07 07:55:35 <\/h6>\n<p><!--\n<link rel=\"stylesheet\" href=\"css\/bootstrap.min.css\">\n\n\n<ul class=\"pagination\">\n\t    \n\t\n\n<li >\n\t<a href='?page_no=13501'>Previous<\/a>\n\t<\/li>\n\n\n       \n    \n\n<li><a href='?page_no=1'>1<\/a><\/li>\n\n\n\n<li><a href='?page_no=2'>2<\/a><\/li>\n\n\n\n<li><a>...<\/a><\/li>\n\n\n\n<li><a href='?page_no=13500'>13500<\/a><\/li>\n\n\n\n<li><a href='?page_no=13501'>13501<\/a><\/li>\n\n\n\n<li class='active'><a>13502<\/a><\/li>\n\n\n\n<li><a href='?page_no=13503'>13503<\/a><\/li>\n\n\n\n<li><a href='?page_no=13504'>13504<\/a><\/li>\n\n\n\n<li><a>...<\/a><\/li>\n\n\n\n<li><a href='?page_no=56169'>56169<\/a><\/li>\n\n\n\n<li><a href='?page_no=56170'>56170<\/a><\/li>\n\n    \n\t\n\n<li >\n\t<a href='?page_no=13503'>Next<\/a>\n\t<\/li>\n\n\n    \n\n<li><a href='?page_no=56170'>Last &rsaquo;&rsaquo;<\/a><\/li>\n\n<\/ul>\n\n\n--><br \/>\n<\/body><\/p>\n","protected":false},"excerpt":{"rendered":"<p>Santo Domingo RD 7 marzo (DICOM).- La Primera Dama C\u00e1ndida Montilla de Medina expres\u00f3 su satisfacci\u00f3n por haber logrado impulsar programas sociales desde su Despacho que, motivados en el amor, han elevado la calidad de vida de miles de personas. Esas personas han sido dotadas de herramientas para que puedan superar sus propios sufrimientos y [&hellip;]<\/p>\n","protected":false},"author":3,"featured_media":0,"comment_status":"open","ping_status":"open","sticky":false,"template":"","format":"standard","meta":{"footnotes":""},"categories":[20],"tags":[],"class_list":["post-219152","post","type-post","status-publish","format-standard","hentry","category-dominicana-hoy"],"_links":{"self":[{"href":"https:\/\/diariodominicano.com\/index.php?rest_route=\/wp\/v2\/posts\/219152","targetHints":{"allow":["GET"]}}],"collection":[{"href":"https:\/\/diariodominicano.com\/index.php?rest_route=\/wp\/v2\/posts"}],"about":[{"href":"https:\/\/diariodominicano.com\/index.php?rest_route=\/wp\/v2\/types\/post"}],"author":[{"embeddable":true,"href":"https:\/\/diariodominicano.com\/index.php?rest_route=\/wp\/v2\/users\/3"}],"replies":[{"embeddable":true,"href":"https:\/\/diariodominicano.com\/index.php?rest_route=%2Fwp%2Fv2%2Fcomments&post=219152"}],"version-history":[{"count":0,"href":"https:\/\/diariodominicano.com\/index.php?rest_route=\/wp\/v2\/posts\/219152\/revisions"}],"wp:attachment":[{"href":"https:\/\/diariodominicano.com\/index.php?rest_route=%2Fwp%2Fv2%2Fmedia&parent=219152"}],"wp:term":[{"taxonomy":"category","embeddable":true,"href":"https:\/\/diariodominicano.com\/index.php?rest_route=%2Fwp%2Fv2%2Fcategories&post=219152"},{"taxonomy":"post_tag","embeddable":true,"href":"https:\/\/diariodominicano.com\/index.php?rest_route=%2Fwp%2Fv2%2Ftags&post=219152"}],"curies":[{"name":"wp","href":"https:\/\/api.w.org\/{rel}","templated":true}]}}