{"id":219151,"date":"2016-03-07T09:02:52","date_gmt":"2016-03-07T09:02:52","guid":{"rendered":"http:\/\/diariodominicano.ddns.net\/?p=219151"},"modified":"2016-03-07T09:02:52","modified_gmt":"2016-03-07T09:02:52","slug":"imparten-en-la-uasd-examen-nacional-unico-para-aspirantes-a-residencias-medicas","status":"publish","type":"post","link":"https:\/\/diariodominicano.com\/?p=219151","title":{"rendered":"&#13;Imparten en la UASD Examen Nacional \u00danico para Aspirantes a Residencias M\u00e9dicas&#13;"},"content":{"rendered":"<p><body><\/p>\n<p><img decoding=\"async\" src=\"img3\/uasd 3.jpg\" \/>  <\/p>\n<p>Santo Domingo RD 7 marzo.- La Universidad Aut\u00f3noma de Santo Domingo (UASD) imparti\u00f3 este domingo en el Paraninfo Doctor Defill\u00f3, en su Sede el Examen Nacional \u00danico para Aspirantes a Residencias M\u00e9dicas, donde 4 mil 503 profesionales del \u00e1rea de la salud participaron para optar por una de las 1,075 plazas disponibles en diferentes hospitales docentes del pa\u00eds.<\/p>\n<\/p>\n<p>Encabezaron el acto inaugural de la actividad evaluativa los doctores Iv\u00e1n Grull\u00f3n Fern\u00e1ndez, rector de la Primada de Am\u00e9rica; Waldo Ariel Suero, Presidente del Colegio M\u00e9dico Dominicano (CMD) y Wilson Mej\u00eda, decano de la Facultad de Ciencias de la Salud (FCS)  de la UASD, quien pronunci\u00f3 las palabras de apertura y asegur\u00f3 diafanidad en el proceso.<\/p>\n<\/p>\n<p>El doctor Grull\u00f3n Fern\u00e1ndez defendi\u00f3 la autoridad que tiene la  Academia Estatal Dominicana para preparar (en coordinaci\u00f3n con dem\u00e1s universidades nacionales)  el referido examen y resalt\u00f3 que la Ley 42-01 la faculta a revalidar y homologar los t\u00edtulos de los galenos graduados en otros pa\u00edses, para que puedan ejercer en la Rep\u00fablica Dominicana.<\/p>\n<\/p>\n<p>El Primer Funcionario Uasdiano se\u00f1al\u00f3 que la  lucha de esa casa de altos estudios por un justo presupuesto es para poder  desarrollar con mayor eficiencia sus labores docentes, investigativas  y administrativas; y al referirse a la FCS cit\u00f3 la necesidad de recursos para invertir en los laboratorios y equipos que coadyuven a una mejor formaci\u00f3n de sus egresados.<\/p>\n<\/p>\n<p>Tambi\u00e9n habl\u00f3 la doctora Carolina De la Cruz, Directora Nacional de Residencias M\u00e9dicas del Ministerio de Salud P\u00fablica, de Defensa,   junto con la UASD y  el CMD.<\/p>\n<\/p>\n<p>Del total de aspirantes  (provenientes de distintas  universidades del pa\u00eds)  que este a\u00f1o acudieron a evaluarse, por ser un  requisito indispensable para tener derecho a cursar una especialidad; 44 son doctores en Odontolog\u00eda que desean ingresar a una Residencia en Cirug\u00eda Buco-Maxilofacial.<\/p>\n<\/p>\n<p>Los m\u00e9dicos y estomat\u00f3logos fueron repartidos en 124 aulas, estuvieron acompa\u00f1ados de un jurado examinador-orientador  y sometidos a una evaluaci\u00f3n acad\u00e9mica que consta de 100 preguntas y para responder las mismas se les concedieron dos horas.<\/p>\n<\/p>\n<p>Por la UASD, conformaron la mesa principal, adem\u00e1s de los mencionados, los vicerrectores Jorge Asjana David, Docente;  y Rafael Nino F\u00e8liz, de Extensi\u00f3n; junto a los doctores  Rosel Fern\u00e1ndez, vicedecana de la FCS;  Eduardo Tactuk, director de  la Escuela de Medicina de esa academia,  y Jos\u00e9 Enrique Cueva, el cual tuvo a su cargo la presentaci\u00f3n de un informe t\u00e9cnico.<\/p>\n<\/p>\n<p>Tambi\u00e9n representaron a la Primera Universidad del Nuevo Mundo los doctores  Clara Benedicto Guzm\u00e1n, directora de Cooperaci\u00f3n Nacional e Internacional;  Julio Ravelo Astacio, ex rector, y Jos\u00e9 Garc\u00eda Ram\u00edrez, Profesor Merit\u00edsimo de esa instituci\u00f3n de estudios superiores.<\/p>\n<\/p>\n<p>Otros de los integrantes de la mesa de honor fueron los  doctores Ferm\u00edn Mercedes, Daniel Ricourt, Gerineldo Maceo, Isabel D\u00edaz y Ramona Mercedes,  en representaci\u00f3n de las escuelas de  Medicina de las universidades Central del Este (UCE), Tecnol\u00f3gica de Santiago (UTESA), Eugenio Mar\u00eda de Hostos (UNIREMHOS), Iberoamericana (UNIBE),  Cat\u00f3lica Nordestana  (UCNE), respectivamente), y el presidente del Colegio M\u00e9dico Dominicano, Waldo Ariel Suero.<\/p>\n<h6> 2016-03-07 09:02:52 <\/h6>\n<p><!--\n<link rel=\"stylesheet\" href=\"css\/bootstrap.min.css\">\n\n\n<ul class=\"pagination\">\n\t    \n\t\n\n<li >\n\t<a href='?page_no=13500'>Previous<\/a>\n\t<\/li>\n\n\n       \n    \n\n<li><a href='?page_no=1'>1<\/a><\/li>\n\n\n\n<li><a href='?page_no=2'>2<\/a><\/li>\n\n\n\n<li><a>...<\/a><\/li>\n\n\n\n<li><a href='?page_no=13499'>13499<\/a><\/li>\n\n\n\n<li><a href='?page_no=13500'>13500<\/a><\/li>\n\n\n\n<li class='active'><a>13501<\/a><\/li>\n\n\n\n<li><a href='?page_no=13502'>13502<\/a><\/li>\n\n\n\n<li><a href='?page_no=13503'>13503<\/a><\/li>\n\n\n\n<li><a>...<\/a><\/li>\n\n\n\n<li><a href='?page_no=56169'>56169<\/a><\/li>\n\n\n\n<li><a href='?page_no=56170'>56170<\/a><\/li>\n\n    \n\t\n\n<li >\n\t<a href='?page_no=13502'>Next<\/a>\n\t<\/li>\n\n\n    \n\n<li><a href='?page_no=56170'>Last &rsaquo;&rsaquo;<\/a><\/li>\n\n<\/ul>\n\n\n--><br \/>\n<\/body><\/p>\n","protected":false},"excerpt":{"rendered":"<p>Santo Domingo RD 7 marzo.- La Universidad Aut\u00f3noma de Santo Domingo (UASD) imparti\u00f3 este domingo en el Paraninfo Doctor Defill\u00f3, en su Sede el Examen Nacional \u00danico para Aspirantes a Residencias M\u00e9dicas, donde 4 mil 503 profesionales del \u00e1rea de la salud participaron para optar por una de las 1,075 plazas disponibles en diferentes hospitales [&hellip;]<\/p>\n","protected":false},"author":3,"featured_media":0,"comment_status":"open","ping_status":"open","sticky":false,"template":"","format":"standard","meta":{"footnotes":""},"categories":[20],"tags":[],"class_list":["post-219151","post","type-post","status-publish","format-standard","hentry","category-dominicana-hoy"],"_links":{"self":[{"href":"https:\/\/diariodominicano.com\/index.php?rest_route=\/wp\/v2\/posts\/219151","targetHints":{"allow":["GET"]}}],"collection":[{"href":"https:\/\/diariodominicano.com\/index.php?rest_route=\/wp\/v2\/posts"}],"about":[{"href":"https:\/\/diariodominicano.com\/index.php?rest_route=\/wp\/v2\/types\/post"}],"author":[{"embeddable":true,"href":"https:\/\/diariodominicano.com\/index.php?rest_route=\/wp\/v2\/users\/3"}],"replies":[{"embeddable":true,"href":"https:\/\/diariodominicano.com\/index.php?rest_route=%2Fwp%2Fv2%2Fcomments&post=219151"}],"version-history":[{"count":0,"href":"https:\/\/diariodominicano.com\/index.php?rest_route=\/wp\/v2\/posts\/219151\/revisions"}],"wp:attachment":[{"href":"https:\/\/diariodominicano.com\/index.php?rest_route=%2Fwp%2Fv2%2Fmedia&parent=219151"}],"wp:term":[{"taxonomy":"category","embeddable":true,"href":"https:\/\/diariodominicano.com\/index.php?rest_route=%2Fwp%2Fv2%2Fcategories&post=219151"},{"taxonomy":"post_tag","embeddable":true,"href":"https:\/\/diariodominicano.com\/index.php?rest_route=%2Fwp%2Fv2%2Ftags&post=219151"}],"curies":[{"name":"wp","href":"https:\/\/api.w.org\/{rel}","templated":true}]}}