{"id":219147,"date":"2016-03-07T11:37:46","date_gmt":"2016-03-07T11:37:46","guid":{"rendered":"http:\/\/diariodominicano.ddns.net\/?p=219147"},"modified":"2016-03-07T11:37:46","modified_gmt":"2016-03-07T11:37:46","slug":"mujer-dominicana-enfrenta-brechas-para-disfrute-de-sus-derechos","status":"publish","type":"post","link":"https:\/\/diariodominicano.com\/?p=219147","title":{"rendered":"Mujer dominicana enfrenta brechas para disfrute de sus derechos"},"content":{"rendered":"<p><body><\/p>\n<p><img decoding=\"async\" src=\"img3\/intecmujer.jpg\" \/>  <\/p>\n<p><span class=\"text1noticias\">Santo Domingo, RD, 7 de marzo.-En la Rep\u00fablica Dominicana persisten brechas de g\u00e9nero en el ejercicio de los derechos humanos que limitan el acceso de las mujeres a participar en igualdad de condiciones en la toma de decisiones, a tener ingresos justos y a ejercer de forma plena sus derechos sexuales y reproductivos.<\/span><\/p>\n<p><span class=\"text1noticias\"> <\/span><\/p>\n<p><span class=\"text1noticias\">Tales limitaciones repercuten en el desarrollo econ\u00f3mico sostenible y social del pa\u00eds, y en la consolidaci\u00f3n de la democracia representativa y participativa, advierte el Centro de Estudios de G\u00e9nero del Instituto Tecnol\u00f3gico de Santo Domingo (CEG-INTEC) en un documento presentado en una conferencia de prensa, a prop\u00f3sito de la conmemoraci\u00f3n del D\u00eda Internacional de la Mujer.<\/span><\/p>\n<p><span class=\"text1noticias\"> <\/span><\/p>\n<p><span class=\"text1noticias\">El an\u00e1lisis, titulado \u00abBrechas de g\u00e9nero: entre el dicho y el hecho de la autonom\u00eda de las mujeres en la RD\u00bb, revisa los principales problemas que resultan de las desigualdades entre hombres y mujeres, con estad\u00edsticas actualizadas. Agrupa los avances y retrocesos de la autonom\u00eda de la mujer en tres \u00e1mbitos: econ\u00f3mico, f\u00edsico (salud y violencia) y en la toma de decisiones.<\/span><\/p>\n<p><span class=\"text1noticias\"> <\/span><\/p>\n<p><span class=\"text1noticias\">La presentaci\u00f3n del documento estuvo a cargo de Lourdes Contreras y Desir\u00e9e del Rosario, coordinadora general y coordinadora acad\u00e9mica del CEG-INTEC, respectivamente; Jos\u00e9 Feliz Marrero, vicerrector acad\u00e9mico y Elsa Alc\u00e1ntara, decana del \u00c1rea de Ciencias Sociales y Humanidades de la academia.<\/span><\/p>\n<p><span class=\"text1noticias\"> <\/span><\/p>\n<p><span class=\"text1noticias\">Durante el encuentro, Contreras precis\u00f3 que la pol\u00edtica p\u00fablica en el pa\u00eds debe tener en cuenta las tareas de cuidado culturalmente asignadas a las mujeres, y que exigen de \u00e9stas un alto porcentaje de su tiempo diario; un trabajo no pagado.<\/span><\/p>\n<p><span class=\"text1noticias\"> <\/span><\/p>\n<p><span class=\"text1noticias\">\u00abEs necesario que el tiempo dedicado a la atenci\u00f3n y al cuidado dentro de los hogares sea cuantificado como trabajo que genera riqueza, que forme parte de las cuentas nacionales y por tanto parte del PBI del pa\u00eds\u00bb, afirm\u00f3 Contreras.<\/span><\/p>\n<p><span class=\"text1noticias\"> <\/span><\/p>\n<p><span class=\"text1noticias\">Ante esta situaci\u00f3n, el CEG-INTEC propuso que el Sistema Nacional de Informaci\u00f3n -SISDOM- disponga como prioridad el levantamiento de una encuesta nacional sobre uso del tiempo de las personas, para lograr conocer informaci\u00f3n sobre el tiempo de trabajo remunerado y no remunerado seg\u00fan la condici\u00f3n de g\u00e9nero. Esto permitir\u00e1 disponer datos precisos, orientadores para tomar decisiones de pol\u00edticas econ\u00f3micas y sociales y en particular para el Sistema de la Seguridad Social, en referencia a sus diferentes reg\u00edmenes.<\/span><\/p>\n<p><span class=\"text1noticias\"> <\/span><\/p>\n<p><span class=\"text1noticias\">Subraya el CEG-INTEC que contar con este tipo de informaci\u00f3n estad\u00edstica podr\u00e1 contribuir de manera decisiva a hacer efectivo  el mandato constitucional establecido en su Art. 55 numeral 11 sobre el reconocimiento del \u00abtrabajo del hogar como actividad econ\u00f3mica que crea valor agregado y produce riqueza y bienestar social, por lo que se incorporar\u00e1 en la formulaci\u00f3n y ejecuci\u00f3n de las pol\u00edticas p\u00fablicas y sociales\u00bb.<\/span><\/p>\n<p><span class=\"text1noticias\"> <\/span><\/p>\n<p><span class=\"text1noticias\"><strong>Econom\u00eda, cuerpo y decisiones pol\u00edticas<\/strong><\/span><\/p>\n<\/p>\n<p><span class=\"text1noticias\">En cuanto a la autonom\u00eda econ\u00f3mica y la pobreza, el documento se\u00f1ala que, a pesar de la tendencia a reducci\u00f3n de la proporci\u00f3n  de mujeres dominicanas sin ingresos propios, todav\u00eda 31 de cada 100 mujeres dependen econ\u00f3micamente de otras personas para su subsistencia. De igual manera, estimaciones de la CEPAL indican que el ingreso promedio de la mujer dominicana representa el 71.1% del ingreso promedio de los hombres a nivel nacional.<\/span><\/p>\n<p><span class=\"text1noticias\"> <\/span><\/p>\n<p><span class=\"text1noticias\">Sobre la autonom\u00eda f\u00edsica, indica que la mortalidad materna fue proyectada en 2015 a una tasa de 107.7, es decir 30 puntos porcentuales sobre el promedio de la regi\u00f3n. La principal causa de muertes maternas se atribuye a razones obst\u00e9tricas directas (71%) seguida por toxemia (22.5%), hemorragias (15%) y abortos (13%), lo que se relaciona a la penalizaci\u00f3n del aborto en todos sus causales.<\/span><\/p>\n<p><span class=\"text1noticias\"> <\/span><\/p>\n<p><span class=\"text1noticias\">La violencia tambi\u00e9n es un obst\u00e1culo para el desarrollo de las mujeres para una vida plena y de igualdad. A pesar de que se registra un considerable aumento en la cantidad de denuncias de violencia intrafamiliar, de g\u00e9nero y por delitos sexuales (67,187 casos al 2015), llama la atenci\u00f3n la baja cantidad de \u00f3rdenes de protecci\u00f3n emitidas (15,093), y en especial los limitados resultados de estas \u00f3rdenes que en la mayor\u00eda de los casos no son efectivas, y alertan a los agresores para evadir la justicia. <\/span><\/p>\n<p><span class=\"text1noticias\"> <\/span><\/p>\n<p><span class=\"text1noticias\">Con relaci\u00f3n a la autonom\u00eda en la toma de decisiones, el centro advierte que &#8211; a pesar de que se ha avanzado en la creaci\u00f3n de un marco jur\u00eddico nacional a  favor de la igualdad y la equidad (Art\u00edculo 39 de la Constituci\u00f3n, adhesi\u00f3n del Estado dominicano a las Conferencias Mundiales de la Mujer, y regionales de la mujer de CEPAL, las convenciones sobre derechos humanos, objetivos de desarrollo del milenio, entre otros) &#8211; existe una amplia brecha en la participaci\u00f3n de las mujeres en los cargos de toma de decisiones en los distintos poderes del Estado con relaci\u00f3n a los hombres.<\/span><\/p>\n<p><span class=\"text1noticias\"> <\/span><\/p>\n<p><span class=\"text1noticias\">El documento refiere al fortalecimiento del sujeto social MUJERES como movimiento consciente que reclama ejercicio de derechos y se posiciona frente a las instancias con responsabilidad para la garant\u00eda y respeto de los mismos, y a dos retos b\u00e1sicos del Estado dominicano frente a las desigualdades e inequidades de g\u00e9nero: 1) el logro de los indicadores de g\u00e9nero de la Estrategia Nacional de Desarrollo -END-, en tanto responsabilidad de todas las sectoriales del gobierno central y 2) la adecuaci\u00f3n del marco legal de las pol\u00edticas de g\u00e9nero, a fin de mejorar la calidad de la atenci\u00f3n a la maternidad libre y segura, la sexualidad sana y placentera y una vida libre de violencia, todo lo cual se halla dentro de la agenda inconclusa en el Congreso Nacional<\/span>.<\/p>\n<\/p>\n<h6> 2016-03-07 11:37:46 <\/h6>\n<p><!--\n<link rel=\"stylesheet\" href=\"css\/bootstrap.min.css\">\n\n\n<ul class=\"pagination\">\n\t    \n\t\n\n<li >\n\t<a href='?page_no=13498'>Previous<\/a>\n\t<\/li>\n\n\n       \n    \n\n<li><a href='?page_no=1'>1<\/a><\/li>\n\n\n\n<li><a href='?page_no=2'>2<\/a><\/li>\n\n\n\n<li><a>...<\/a><\/li>\n\n\n\n<li><a href='?page_no=13497'>13497<\/a><\/li>\n\n\n\n<li><a href='?page_no=13498'>13498<\/a><\/li>\n\n\n\n<li class='active'><a>13499<\/a><\/li>\n\n\n\n<li><a href='?page_no=13500'>13500<\/a><\/li>\n\n\n\n<li><a href='?page_no=13501'>13501<\/a><\/li>\n\n\n\n<li><a>...<\/a><\/li>\n\n\n\n<li><a href='?page_no=56169'>56169<\/a><\/li>\n\n\n\n<li><a href='?page_no=56170'>56170<\/a><\/li>\n\n    \n\t\n\n<li >\n\t<a href='?page_no=13500'>Next<\/a>\n\t<\/li>\n\n\n    \n\n<li><a href='?page_no=56170'>Last &rsaquo;&rsaquo;<\/a><\/li>\n\n<\/ul>\n\n\n--><br \/>\n<\/body><\/p>\n","protected":false},"excerpt":{"rendered":"<p>Santo Domingo, RD, 7 de marzo.-En la Rep\u00fablica Dominicana persisten brechas de g\u00e9nero en el ejercicio de los derechos humanos que limitan el acceso de las mujeres a participar en igualdad de condiciones en la toma de decisiones, a tener ingresos justos y a ejercer de forma plena sus derechos sexuales y reproductivos. Tales limitaciones [&hellip;]<\/p>\n","protected":false},"author":3,"featured_media":0,"comment_status":"open","ping_status":"open","sticky":false,"template":"","format":"standard","meta":{"footnotes":""},"categories":[20],"tags":[],"class_list":["post-219147","post","type-post","status-publish","format-standard","hentry","category-dominicana-hoy"],"_links":{"self":[{"href":"https:\/\/diariodominicano.com\/index.php?rest_route=\/wp\/v2\/posts\/219147","targetHints":{"allow":["GET"]}}],"collection":[{"href":"https:\/\/diariodominicano.com\/index.php?rest_route=\/wp\/v2\/posts"}],"about":[{"href":"https:\/\/diariodominicano.com\/index.php?rest_route=\/wp\/v2\/types\/post"}],"author":[{"embeddable":true,"href":"https:\/\/diariodominicano.com\/index.php?rest_route=\/wp\/v2\/users\/3"}],"replies":[{"embeddable":true,"href":"https:\/\/diariodominicano.com\/index.php?rest_route=%2Fwp%2Fv2%2Fcomments&post=219147"}],"version-history":[{"count":0,"href":"https:\/\/diariodominicano.com\/index.php?rest_route=\/wp\/v2\/posts\/219147\/revisions"}],"wp:attachment":[{"href":"https:\/\/diariodominicano.com\/index.php?rest_route=%2Fwp%2Fv2%2Fmedia&parent=219147"}],"wp:term":[{"taxonomy":"category","embeddable":true,"href":"https:\/\/diariodominicano.com\/index.php?rest_route=%2Fwp%2Fv2%2Fcategories&post=219147"},{"taxonomy":"post_tag","embeddable":true,"href":"https:\/\/diariodominicano.com\/index.php?rest_route=%2Fwp%2Fv2%2Ftags&post=219147"}],"curies":[{"name":"wp","href":"https:\/\/api.w.org\/{rel}","templated":true}]}}