{"id":219146,"date":"2016-03-07T12:18:41","date_gmt":"2016-03-07T12:18:41","guid":{"rendered":"http:\/\/diariodominicano.ddns.net\/?p=219146"},"modified":"2016-03-07T12:18:41","modified_gmt":"2016-03-07T12:18:41","slug":"afirma-aumenta-numero-banistas-y-vacacionistas-por-pavimentacion-carretera-najayo-palenque","status":"publish","type":"post","link":"https:\/\/diariodominicano.com\/?p=219146","title":{"rendered":"Afirma aumenta n\u00famero ba\u00f1istas y vacacionistas por pavimentaci\u00f3n carretera Najayo-Palenque"},"content":{"rendered":"<p><body><\/p>\n<p><img decoding=\"async\" src=\"img3\/carretraNajayo.jpg\" \/>  <\/p>\n<p><span class=\"text1noticias\">San Crist\u00f3bal, RD, 7 Marzo.-Catorce kil\u00f3metros fueron pavimentados por el Gobierno, a trav\u00e9s del Ministerio de Obras P\u00fablicas (MOPC), en la carretera que comunica Najayo y Sabana Grande de Palenque.<\/span><\/p>\n<p><span class=\"text1noticias\"> <\/span><\/p>\n<p><span class=\"text1noticias\">\u00abCon la intervenci\u00f3n de esa v\u00eda aumentar\u00e1 el flujo de ba\u00f1istas y vacacionistas hacia las playas de Najayo y Palenque\u00bb, dijo el senador Tommy Gal\u00e1n.<\/span><\/p>\n<p><span class=\"text1noticias\"> <\/span><\/p>\n<p><span class=\"text1noticias\">Expres\u00f3 adem\u00e1s que con el asfaltado de ese importante tramo carretero, el comercio se dinamizar\u00e1 m\u00e1s porque las ventas aumentar\u00e1n.<\/span><\/p>\n<p><span class=\"text1noticias\"> <\/span><\/p>\n<p><span class=\"text1noticias\">\u00abEse era un anhelo de los residentes en esas laboriosas comunidades, el tener la carretera completamente remozada y hermoseada\u00bb, dijo Gal\u00e1n, quien busca la reelecci\u00f3n en la posici\u00f3n por el Partido de la Liberaci\u00f3n Dominicana (PLD) y las fuerzas aliadas.<\/span><\/p>\n<p><span class=\"text1noticias\"> <\/span><\/p>\n<p><span class=\"text1noticias\">Afirm\u00f3 que los residentes en toda la franja de la carretera est\u00e1n felices y contentos por la acci\u00f3n llevada a cabo por el Gobierno.<\/span><\/p>\n<p><span class=\"text1noticias\"> <\/span><\/p>\n<p><span class=\"text1noticias\">Record\u00f3 que la pavimentaci\u00f3n de la carretera Najayo-Sabana Grande de Palenque forma parte del Plan Nacional de Asfaltado que lleva a cabo el Gobierno  de Danilo Medina en la provincia de San Crist\u00f3bal<\/span>.<\/p>\n<h6> 2016-03-07 12:18:41 <\/h6>\n<p><!--\n<link rel=\"stylesheet\" href=\"css\/bootstrap.min.css\">\n\n\n<ul class=\"pagination\">\n\t    \n\t\n\n<li >\n\t<a href='?page_no=13497'>Previous<\/a>\n\t<\/li>\n\n\n       \n    \n\n<li><a href='?page_no=1'>1<\/a><\/li>\n\n\n\n<li><a href='?page_no=2'>2<\/a><\/li>\n\n\n\n<li><a>...<\/a><\/li>\n\n\n\n<li><a href='?page_no=13496'>13496<\/a><\/li>\n\n\n\n<li><a href='?page_no=13497'>13497<\/a><\/li>\n\n\n\n<li class='active'><a>13498<\/a><\/li>\n\n\n\n<li><a href='?page_no=13499'>13499<\/a><\/li>\n\n\n\n<li><a href='?page_no=13500'>13500<\/a><\/li>\n\n\n\n<li><a>...<\/a><\/li>\n\n\n\n<li><a href='?page_no=56169'>56169<\/a><\/li>\n\n\n\n<li><a href='?page_no=56170'>56170<\/a><\/li>\n\n    \n\t\n\n<li >\n\t<a href='?page_no=13499'>Next<\/a>\n\t<\/li>\n\n\n    \n\n<li><a href='?page_no=56170'>Last &rsaquo;&rsaquo;<\/a><\/li>\n\n<\/ul>\n\n\n--><br \/>\n<\/body><\/p>\n","protected":false},"excerpt":{"rendered":"<p>San Crist\u00f3bal, RD, 7 Marzo.-Catorce kil\u00f3metros fueron pavimentados por el Gobierno, a trav\u00e9s del Ministerio de Obras P\u00fablicas (MOPC), en la carretera que comunica Najayo y Sabana Grande de Palenque. \u00abCon la intervenci\u00f3n de esa v\u00eda aumentar\u00e1 el flujo de ba\u00f1istas y vacacionistas hacia las playas de Najayo y Palenque\u00bb, dijo el senador Tommy Gal\u00e1n. [&hellip;]<\/p>\n","protected":false},"author":3,"featured_media":0,"comment_status":"open","ping_status":"open","sticky":false,"template":"","format":"standard","meta":{"footnotes":""},"categories":[20],"tags":[],"class_list":["post-219146","post","type-post","status-publish","format-standard","hentry","category-dominicana-hoy"],"_links":{"self":[{"href":"https:\/\/diariodominicano.com\/index.php?rest_route=\/wp\/v2\/posts\/219146","targetHints":{"allow":["GET"]}}],"collection":[{"href":"https:\/\/diariodominicano.com\/index.php?rest_route=\/wp\/v2\/posts"}],"about":[{"href":"https:\/\/diariodominicano.com\/index.php?rest_route=\/wp\/v2\/types\/post"}],"author":[{"embeddable":true,"href":"https:\/\/diariodominicano.com\/index.php?rest_route=\/wp\/v2\/users\/3"}],"replies":[{"embeddable":true,"href":"https:\/\/diariodominicano.com\/index.php?rest_route=%2Fwp%2Fv2%2Fcomments&post=219146"}],"version-history":[{"count":0,"href":"https:\/\/diariodominicano.com\/index.php?rest_route=\/wp\/v2\/posts\/219146\/revisions"}],"wp:attachment":[{"href":"https:\/\/diariodominicano.com\/index.php?rest_route=%2Fwp%2Fv2%2Fmedia&parent=219146"}],"wp:term":[{"taxonomy":"category","embeddable":true,"href":"https:\/\/diariodominicano.com\/index.php?rest_route=%2Fwp%2Fv2%2Fcategories&post=219146"},{"taxonomy":"post_tag","embeddable":true,"href":"https:\/\/diariodominicano.com\/index.php?rest_route=%2Fwp%2Fv2%2Ftags&post=219146"}],"curies":[{"name":"wp","href":"https:\/\/api.w.org\/{rel}","templated":true}]}}