{"id":219143,"date":"2016-03-08T01:47:58","date_gmt":"2016-03-08T01:47:58","guid":{"rendered":"http:\/\/diariodominicano.ddns.net\/?p=219143"},"modified":"2016-03-08T01:47:58","modified_gmt":"2016-03-08T01:47:58","slug":"defienden-igualdad-de-genero-y-pleno-goce-de-derechos-de-mujeres-y-ninas","status":"publish","type":"post","link":"https:\/\/diariodominicano.com\/?p=219143","title":{"rendered":"Defienden igualdad de g\u00e9nero y pleno goce de derechos de mujeres y ni\u00f1as"},"content":{"rendered":"<p><body><\/p>\n<p><img decoding=\"async\" src=\"img3\/amedina0703.jpg\" \/>  <\/p>\n<p><strong><span class=\"text1noticias\">SANTO DOMINGO, R.D, 8 de Marzo de 2016.-<\/span><\/strong><span class=\"text1noticias\"> Rep\u00fablica Dominicana urge dar pasos concretos y significativos para alcanzar la igualdad de g\u00e9nero y el goce pleno de los derechos de las mujeres y ni\u00f1as, plante\u00f3 este martes el Decano de la Facultad de Ciencias Jur\u00eddicas y Pol\u00edticas de la Universidad Aut\u00f3noma de Santo Domingo, UASD.<\/span><\/p>\n<\/p>\n<p><span class=\"text1noticias\">En ocasi\u00f3n del D\u00eda Internacional de la Mujer,  Antonio Medina Calca\u00f1o, con Dora Eusebio Gautreaux, Encargada de la Direcci\u00f3n de Investigaci\u00f3n y autoridades de la Oficina de Servicio Legal Popular y la C\u00e1tedra UASD-UNESCO: Cultura de Paz, Derechos Humanos y Democracia de la facultad, han asumido desde este a\u00f1o 2016 el compromiso de lucha denominado \u00abPor un Planeta 50-50 en 2030: Demos el paso para la igualdad de g\u00e9nero\u00bb. <\/span><\/p>\n<\/p>\n<p><span class=\"text1noticias\">Expresaron  que entre los objetivos claves de la agenda 2030 se priorizan las iniciativas para la erradicaci\u00f3n de las formas de discriminaci\u00f3n y violencia contra todas las mujeres y ni\u00f1as, de ah\u00ed  que aplaudieron las iniciativas del Estado dominicano en comprometerse a luchar por el fortalecimiento de la seguridad ciudadana.<\/span><\/p>\n<\/p>\n<p><span class=\"text1noticias\">De igual  modo, valoraron la iniciativa de crear el Centro Integral de Atenci\u00f3n a la Mujer, pero anticiparon que para ello se necesita que Rep\u00fablica Dominicana cuente con el adecuado marco legal.<\/span><\/p>\n<\/p>\n<p><strong><span class=\"text1noticias\">Avances <\/span><\/strong><\/p>\n<\/p>\n<p><span class=\"text1noticias\">Las autoridades de la Facultad de Ciencias Jur\u00eddicas y Pol\u00edticas de la UASD reconocieron positivamente los avances que se registran en el pa\u00eds con la Constituci\u00f3n de la Rep\u00fablica, la Ley del Distrito Nacional y los Municipios (Ley 176-07), el Plan Nacional de Igualdad y Equidad de G\u00e9nero 2007-2017, la Estrategia Nacional de Desarrollo 2010-2030, la Estrategia para el fortalecimiento de la respuesta del Sistema Nacional de Salud a la Violencia, con \u00e9nfasis en la violencia de g\u00e9nero y contra ni\u00f1os, ni\u00f1as, adolescentes, mujeres y personas adultas mayores, 2016-2020, entre otras. <\/span><\/p>\n<\/p>\n<p><span class=\"text1noticias\">Propusieron retomar de inmediato el debate sobre el proyecto de Ley org\u00e1nica para la prevenci\u00f3n, atenci\u00f3n, sanci\u00f3n y erradicaci\u00f3n de la violencia contra las mujeres que reposa en el Congreso Nacional y la importancia de su aprobaci\u00f3n. <\/span><\/p>\n<\/p>\n<p><strong><span class=\"text1noticias\">Plantearon la necesidad de reforzar la educaci\u00f3n para la igualdad y la paz en todos los niveles, por lo que invitaron  para este 8 de marzo a las 5:00 p.m., en el paraninfo de la Facultad de Ciencias Jur\u00eddicas y Pol\u00edticas, Edificio NU, al panel sobre el Feminicidio y su Impacto Social, con el prop\u00f3sito de dejar sentado un organismo permanente que se encargue desde la academia de dar seguimiento al problema de la violencia de g\u00e9nero. <\/span><\/strong><\/p>\n<\/p>\n<p><strong><span class=\"text1noticias\">Hechos hist\u00f3ricos<\/span><\/strong><\/p>\n<\/p>\n<p><span class=\"text1noticias\">En ocasi\u00f3n de conmemorarse del D\u00eda Internacional de la Mujer,  el Decano Medina Calca\u00f1o junto a las autoridades de la Facultad de Ciencias Jur\u00eddicas y Pol\u00edticas de la UASD, recordaron los acontecimientos hist\u00f3ricos que lo propiciaron, su significado y trascendencia.<\/span><\/p>\n<\/p>\n<p><span class=\"text1noticias\">Destacaron que  la  celebraci\u00f3n se le debe a Clara Zetkin, dirigente del Partido Socialista Alem\u00e1n fundadora en 1891 de la revista La Igualdad, escrita por mujeres, y que  durante La Segunda Conferencia de Mujeres Socialistas que tuvo lugar en Copenhague, Dinamarca, el 27 de agosto de 1910, se reconocieron los hechos que sucedieron en 1908, donde murieron calcinadas 146 mujeres trabajadoras de la f\u00e1brica textil Cotton de Nueva York, en un incendio provocado por las bombas que les lanzaron ante la negativa de abandonar el encierro en el que protestaban por los bajos salarios y las infames condiciones de trabajo que padec\u00edan. <\/span><\/p>\n<\/p>\n<p><span class=\"text1noticias\">Tambi\u00e9n se reconoce como antecedente las manifestaciones protagonizadas por obreras textiles el 8 de marzo de 1857 en Nueva York.<\/span><\/p>\n<\/p>\n<\/p>\n<\/p>\n<\/p>\n<h6> 2016-03-08 01:47:58 <\/h6>\n<p><!--\n<link rel=\"stylesheet\" href=\"css\/bootstrap.min.css\">\n\n\n<ul class=\"pagination\">\n\t    \n\t\n\n<li >\n\t<a href='?page_no=13494'>Previous<\/a>\n\t<\/li>\n\n\n       \n    \n\n<li><a href='?page_no=1'>1<\/a><\/li>\n\n\n\n<li><a href='?page_no=2'>2<\/a><\/li>\n\n\n\n<li><a>...<\/a><\/li>\n\n\n\n<li><a href='?page_no=13493'>13493<\/a><\/li>\n\n\n\n<li><a href='?page_no=13494'>13494<\/a><\/li>\n\n\n\n<li class='active'><a>13495<\/a><\/li>\n\n\n\n<li><a href='?page_no=13496'>13496<\/a><\/li>\n\n\n\n<li><a href='?page_no=13497'>13497<\/a><\/li>\n\n\n\n<li><a>...<\/a><\/li>\n\n\n\n<li><a href='?page_no=56169'>56169<\/a><\/li>\n\n\n\n<li><a href='?page_no=56170'>56170<\/a><\/li>\n\n    \n\t\n\n<li >\n\t<a href='?page_no=13496'>Next<\/a>\n\t<\/li>\n\n\n    \n\n<li><a href='?page_no=56170'>Last &rsaquo;&rsaquo;<\/a><\/li>\n\n<\/ul>\n\n\n--><br \/>\n<\/body><\/p>\n","protected":false},"excerpt":{"rendered":"<p>SANTO DOMINGO, R.D, 8 de Marzo de 2016.- Rep\u00fablica Dominicana urge dar pasos concretos y significativos para alcanzar la igualdad de g\u00e9nero y el goce pleno de los derechos de las mujeres y ni\u00f1as, plante\u00f3 este martes el Decano de la Facultad de Ciencias Jur\u00eddicas y Pol\u00edticas de la Universidad Aut\u00f3noma de Santo Domingo, UASD. [&hellip;]<\/p>\n","protected":false},"author":3,"featured_media":0,"comment_status":"open","ping_status":"open","sticky":false,"template":"","format":"standard","meta":{"footnotes":""},"categories":[20],"tags":[],"class_list":["post-219143","post","type-post","status-publish","format-standard","hentry","category-dominicana-hoy"],"_links":{"self":[{"href":"https:\/\/diariodominicano.com\/index.php?rest_route=\/wp\/v2\/posts\/219143","targetHints":{"allow":["GET"]}}],"collection":[{"href":"https:\/\/diariodominicano.com\/index.php?rest_route=\/wp\/v2\/posts"}],"about":[{"href":"https:\/\/diariodominicano.com\/index.php?rest_route=\/wp\/v2\/types\/post"}],"author":[{"embeddable":true,"href":"https:\/\/diariodominicano.com\/index.php?rest_route=\/wp\/v2\/users\/3"}],"replies":[{"embeddable":true,"href":"https:\/\/diariodominicano.com\/index.php?rest_route=%2Fwp%2Fv2%2Fcomments&post=219143"}],"version-history":[{"count":0,"href":"https:\/\/diariodominicano.com\/index.php?rest_route=\/wp\/v2\/posts\/219143\/revisions"}],"wp:attachment":[{"href":"https:\/\/diariodominicano.com\/index.php?rest_route=%2Fwp%2Fv2%2Fmedia&parent=219143"}],"wp:term":[{"taxonomy":"category","embeddable":true,"href":"https:\/\/diariodominicano.com\/index.php?rest_route=%2Fwp%2Fv2%2Fcategories&post=219143"},{"taxonomy":"post_tag","embeddable":true,"href":"https:\/\/diariodominicano.com\/index.php?rest_route=%2Fwp%2Fv2%2Ftags&post=219143"}],"curies":[{"name":"wp","href":"https:\/\/api.w.org\/{rel}","templated":true}]}}