{"id":219142,"date":"2016-03-08T07:26:34","date_gmt":"2016-03-08T07:26:34","guid":{"rendered":"http:\/\/diariodominicano.ddns.net\/?p=219142"},"modified":"2016-03-08T07:26:34","modified_gmt":"2016-03-08T07:26:34","slug":"sistema-frontal-se-aleja-del-pais","status":"publish","type":"post","link":"https:\/\/diariodominicano.com\/?p=219142","title":{"rendered":"Sistema frontal se aleja del pa\u00eds"},"content":{"rendered":"<p><body><\/p>\n<p><span class=\"text1noticias\">Santo Domingo, RD, 8 de Marzo.-La Oficina Nacional de meteorlog\u00eda inform\u00f3 que el sistema frontal se localiza al este de Puerto Rico y ha salido de nuestra \u00e1rea de pron\u00f3sticos, el mismo, est\u00e1 siendo desplazado por un sistema de alta presi\u00f3n localizado sobre aguas del Atl\u00e1ntico que impone condiciones atmosf\u00e9ricas m\u00e1s secas y estables sobre el territorio nacional. <\/span><\/p>\n<\/p>\n<p><span class=\"text1noticias\">Las lluvias disminuir\u00e1n notablemente como consecuencia de lo anterior, sin embargo, el viento del noreste transportar\u00e1 algunos campos nubosos en la noche que producir\u00e1n lluvias d\u00e9biles y pasajeras hacia las provincias: Puerto Plata, Valverde, Espaillat, Hermanas Mirabal, Mar\u00eda Trinidad S\u00e1nchez, La Vega, Monse\u00f1or Nouel, Saman\u00e1, Monte Plata y Hato Mayor.<\/span><\/p>\n<\/p>\n<p><span class=\"text1noticias\">La Onamet manifest\u00f3 que en las siguientes 48 horas el panorama ser\u00e1 bastante similar, se espera que contin\u00faen predominando condiciones meteorol\u00f3gicas bastante secas por lo que las precipitaciones ser\u00e1n escasas y poco significativas, solo ocurrir\u00e1n episodios de lluvias d\u00e9biles y espor\u00e1dicas causadas por el transporte de nubosidad que ocasiona el viento del noreste, en especial hacia las regiones norte, noreste, sureste y la vertiente norte de la cordillera Central.<\/span><\/p>\n<\/p>\n<p><span class=\"text1noticias\">Seg\u00fan el organismo predictor el viento se mantendr\u00e1 soplando del noreste con intensidad moderada y acompa\u00f1ado de r\u00e1fagas ocasionales en todo este per\u00edodo, por tal raz\u00f3n, las temperaturas continuar\u00e1n agradables a frescas especialmente en zonas de monta\u00f1as durante la noche hasta las primeras horas del d\u00eda.<\/span><\/p>\n<\/p>\n<p><span class=\"text1noticias\">La ONAMET mantiene la recomendaci\u00f3n a las fr\u00e1giles y peque\u00f1as embarcaciones en la costa Atl\u00e1ntica de permanecer en puerto, debido a viento y olas anormales,  mientras en la costa caribe\u00f1a y bah\u00eda de Saman\u00e1, pueden navegar con precauci\u00f3n cerca sin aventurarse mar adentro.<\/span><\/p>\n<\/p>\n<p><span class=\"text1noticias\">Para el Distrito Nacional y la provincia de Santo Domingo el cielo estar\u00e1 parcialmente nublado, con r\u00e1fagas de viento en ocasiones.<\/span><\/p>\n<\/p>\n<p><span class=\"text1noticias\"> Norte     Medio nublado en ocasiones. R\u00e1fagas de viento en ocasiones<\/span>.<\/p>\n<h6> 2016-03-08 07:26:34 <\/h6>\n<p><!--\n<link rel=\"stylesheet\" href=\"css\/bootstrap.min.css\">\n\n\n<ul class=\"pagination\">\n\t    \n\t\n\n<li >\n\t<a href='?page_no=13493'>Previous<\/a>\n\t<\/li>\n\n\n       \n    \n\n<li><a href='?page_no=1'>1<\/a><\/li>\n\n\n\n<li><a href='?page_no=2'>2<\/a><\/li>\n\n\n\n<li><a>...<\/a><\/li>\n\n\n\n<li><a href='?page_no=13492'>13492<\/a><\/li>\n\n\n\n<li><a href='?page_no=13493'>13493<\/a><\/li>\n\n\n\n<li class='active'><a>13494<\/a><\/li>\n\n\n\n<li><a href='?page_no=13495'>13495<\/a><\/li>\n\n\n\n<li><a href='?page_no=13496'>13496<\/a><\/li>\n\n\n\n<li><a>...<\/a><\/li>\n\n\n\n<li><a href='?page_no=56169'>56169<\/a><\/li>\n\n\n\n<li><a href='?page_no=56170'>56170<\/a><\/li>\n\n    \n\t\n\n<li >\n\t<a href='?page_no=13495'>Next<\/a>\n\t<\/li>\n\n\n    \n\n<li><a href='?page_no=56170'>Last &rsaquo;&rsaquo;<\/a><\/li>\n\n<\/ul>\n\n\n--><br \/>\n<\/body><\/p>\n","protected":false},"excerpt":{"rendered":"<p>Santo Domingo, RD, 8 de Marzo.-La Oficina Nacional de meteorlog\u00eda inform\u00f3 que el sistema frontal se localiza al este de Puerto Rico y ha salido de nuestra \u00e1rea de pron\u00f3sticos, el mismo, est\u00e1 siendo desplazado por un sistema de alta presi\u00f3n localizado sobre aguas del Atl\u00e1ntico que impone condiciones atmosf\u00e9ricas m\u00e1s secas y estables sobre [&hellip;]<\/p>\n","protected":false},"author":3,"featured_media":0,"comment_status":"open","ping_status":"open","sticky":false,"template":"","format":"standard","meta":{"footnotes":""},"categories":[20],"tags":[],"class_list":["post-219142","post","type-post","status-publish","format-standard","hentry","category-dominicana-hoy"],"_links":{"self":[{"href":"https:\/\/diariodominicano.com\/index.php?rest_route=\/wp\/v2\/posts\/219142","targetHints":{"allow":["GET"]}}],"collection":[{"href":"https:\/\/diariodominicano.com\/index.php?rest_route=\/wp\/v2\/posts"}],"about":[{"href":"https:\/\/diariodominicano.com\/index.php?rest_route=\/wp\/v2\/types\/post"}],"author":[{"embeddable":true,"href":"https:\/\/diariodominicano.com\/index.php?rest_route=\/wp\/v2\/users\/3"}],"replies":[{"embeddable":true,"href":"https:\/\/diariodominicano.com\/index.php?rest_route=%2Fwp%2Fv2%2Fcomments&post=219142"}],"version-history":[{"count":0,"href":"https:\/\/diariodominicano.com\/index.php?rest_route=\/wp\/v2\/posts\/219142\/revisions"}],"wp:attachment":[{"href":"https:\/\/diariodominicano.com\/index.php?rest_route=%2Fwp%2Fv2%2Fmedia&parent=219142"}],"wp:term":[{"taxonomy":"category","embeddable":true,"href":"https:\/\/diariodominicano.com\/index.php?rest_route=%2Fwp%2Fv2%2Fcategories&post=219142"},{"taxonomy":"post_tag","embeddable":true,"href":"https:\/\/diariodominicano.com\/index.php?rest_route=%2Fwp%2Fv2%2Ftags&post=219142"}],"curies":[{"name":"wp","href":"https:\/\/api.w.org\/{rel}","templated":true}]}}