{"id":219141,"date":"2016-03-08T07:35:00","date_gmt":"2016-03-08T07:35:00","guid":{"rendered":"http:\/\/diariodominicano.ddns.net\/?p=219141"},"modified":"2016-03-08T07:35:00","modified_gmt":"2016-03-08T07:35:00","slug":"poder-ejecutivo-asciende-a-10444-miembros-de-las-fuerzas-armadas","status":"publish","type":"post","link":"https:\/\/diariodominicano.com\/?p=219141","title":{"rendered":"Poder Ejecutivo asciende a 10,444 miembros de las  Fuerzas Armadas"},"content":{"rendered":"<p><body><\/p>\n<p><span class=\"text1noticias\">Santo Domingo, RD, 08 de marzo.-El Poder Ejecutivo ascendi\u00f3 al rango superior inmediato a 10,444 miembros de las instituciones castrenses, con efectividad al 27 de febrero.<\/span><\/p>\n<\/p>\n<p><strong><span class=\"text1noticias\">Apegadas a la Ley de las Fuerzas Armadas<\/span><\/strong><\/p>\n<\/p>\n<p><span class=\"text1noticias\">Las recomendaciones de estos ascensos fueron realizadas apegadas al escalaf\u00f3n de cada instituci\u00f3n, al tiempo de servicio, los cursos requeridos, as\u00ed como dem\u00e1s mandatos expresos en la Ley Org\u00e1nica de las Fuerzas Armadas.<\/span><\/p>\n<\/p>\n<p><strong><span class=\"text1noticias\">Ej\u00e9rcito, Armada Dominicana y Fuerza A\u00e9rea<\/span><\/strong><\/p>\n<\/p>\n<p><span class=\"text1noticias\">De los ascendidos, 6,120 miembros corresponden al Ej\u00e9rcito de Rep\u00fablica Dominicana; 2,380 a la Armada de Rep\u00fablica Dominicana y 1,944 a la Fuerza A\u00e9rea de Rep\u00fablica  Dominicana<\/span>.<\/p>\n<h6> 2016-03-08 07:35:00 <\/h6>\n<p><!--\n<link rel=\"stylesheet\" href=\"css\/bootstrap.min.css\">\n\n\n<ul class=\"pagination\">\n\t    \n\t\n\n<li >\n\t<a href='?page_no=13492'>Previous<\/a>\n\t<\/li>\n\n\n       \n    \n\n<li><a href='?page_no=1'>1<\/a><\/li>\n\n\n\n<li><a href='?page_no=2'>2<\/a><\/li>\n\n\n\n<li><a>...<\/a><\/li>\n\n\n\n<li><a href='?page_no=13491'>13491<\/a><\/li>\n\n\n\n<li><a href='?page_no=13492'>13492<\/a><\/li>\n\n\n\n<li class='active'><a>13493<\/a><\/li>\n\n\n\n<li><a href='?page_no=13494'>13494<\/a><\/li>\n\n\n\n<li><a href='?page_no=13495'>13495<\/a><\/li>\n\n\n\n<li><a>...<\/a><\/li>\n\n\n\n<li><a href='?page_no=56169'>56169<\/a><\/li>\n\n\n\n<li><a href='?page_no=56170'>56170<\/a><\/li>\n\n    \n\t\n\n<li >\n\t<a href='?page_no=13494'>Next<\/a>\n\t<\/li>\n\n\n    \n\n<li><a href='?page_no=56170'>Last &rsaquo;&rsaquo;<\/a><\/li>\n\n<\/ul>\n\n\n--><br \/>\n<\/body><\/p>\n","protected":false},"excerpt":{"rendered":"<p>Santo Domingo, RD, 08 de marzo.-El Poder Ejecutivo ascendi\u00f3 al rango superior inmediato a 10,444 miembros de las instituciones castrenses, con efectividad al 27 de febrero. Apegadas a la Ley de las Fuerzas Armadas Las recomendaciones de estos ascensos fueron realizadas apegadas al escalaf\u00f3n de cada instituci\u00f3n, al tiempo de servicio, los cursos requeridos, as\u00ed [&hellip;]<\/p>\n","protected":false},"author":3,"featured_media":0,"comment_status":"open","ping_status":"open","sticky":false,"template":"","format":"standard","meta":{"footnotes":""},"categories":[20],"tags":[],"class_list":["post-219141","post","type-post","status-publish","format-standard","hentry","category-dominicana-hoy"],"_links":{"self":[{"href":"https:\/\/diariodominicano.com\/index.php?rest_route=\/wp\/v2\/posts\/219141","targetHints":{"allow":["GET"]}}],"collection":[{"href":"https:\/\/diariodominicano.com\/index.php?rest_route=\/wp\/v2\/posts"}],"about":[{"href":"https:\/\/diariodominicano.com\/index.php?rest_route=\/wp\/v2\/types\/post"}],"author":[{"embeddable":true,"href":"https:\/\/diariodominicano.com\/index.php?rest_route=\/wp\/v2\/users\/3"}],"replies":[{"embeddable":true,"href":"https:\/\/diariodominicano.com\/index.php?rest_route=%2Fwp%2Fv2%2Fcomments&post=219141"}],"version-history":[{"count":0,"href":"https:\/\/diariodominicano.com\/index.php?rest_route=\/wp\/v2\/posts\/219141\/revisions"}],"wp:attachment":[{"href":"https:\/\/diariodominicano.com\/index.php?rest_route=%2Fwp%2Fv2%2Fmedia&parent=219141"}],"wp:term":[{"taxonomy":"category","embeddable":true,"href":"https:\/\/diariodominicano.com\/index.php?rest_route=%2Fwp%2Fv2%2Fcategories&post=219141"},{"taxonomy":"post_tag","embeddable":true,"href":"https:\/\/diariodominicano.com\/index.php?rest_route=%2Fwp%2Fv2%2Ftags&post=219141"}],"curies":[{"name":"wp","href":"https:\/\/api.w.org\/{rel}","templated":true}]}}