{"id":219138,"date":"2016-03-08T13:43:05","date_gmt":"2016-03-08T13:43:05","guid":{"rendered":"http:\/\/diariodominicano.ddns.net\/?p=219138"},"modified":"2016-03-08T13:43:05","modified_gmt":"2016-03-08T13:43:05","slug":"danilo-medina-reconoce-a-diez-mujeres-con-medalla-al-merito","status":"publish","type":"post","link":"https:\/\/diariodominicano.com\/?p=219138","title":{"rendered":"Danilo Medina reconoce a diez mujeres con Medalla al M\u00e9rito"},"content":{"rendered":"<p><body><\/p>\n<p><img decoding=\"async\" src=\"img3\/me 5.jpg\" \/><br \/><img decoding=\"async\" src=\"img3\/me 3.jpg\" \/><br \/><img decoding=\"async\" src=\"img3\/me 2.jpg\" \/>  <\/p>\n<p><strong>Santo Domingo RD 8 marzo(DICOM).-<\/strong>  En una ceremonia salpicada de emoci\u00f3n, j\u00fabilo y cari\u00f1o fraterno hacia las mujeres dominicanas, el presidente Danilo Medina entreg\u00f3 la Medalla al M\u00e9rito de la Mujer Dominicana, en el sal\u00f3n Las Cari\u00e1tides, del Palacio Nacional.<\/p>\n<p><strong> <\/strong><\/p>\n<p><strong>Mensaje de Danilo Medina: por una vida mejor para ustedes y sus familias<\/strong><\/p>\n<\/p>\n<p>Antes, Danilo Medina envi\u00f3 un mensaje en el que les asegur\u00f3 que piensa en ellas de manera constante, \u00abpor los lazos afectivos que nos unen y son determinantes para mi empe\u00f1o permanente en favorecer y fortalecer sus esfuerzos de cada d\u00eda, por una vida mejor para ustedes y sus familias\u00bb.<\/p>\n<\/p>\n<p>De igual modo, temprano en la ma\u00f1ana, otros mensajes fueron enviados a las mujeres dominicanas por el presidente Danilo Medina a trav\u00e9s de su cuenta de Twitter @DaniloMedina, en los que reitera que nunca las dejar\u00e1 solas y resalta que el apoyo y el trabajo incansable de la mujer dominicana ha sido crucial para el \u00e9xito de nuestro proyecto de pa\u00eds.<\/p>\n<\/p>\n<p>\u00abHoy celebramos la fuerza, capacidad, el coraje y la determinaci\u00f3n de la mujer dominicana\u00bb, expresa el jefe de Estado y agrega: \u00abGracias por sumar tu energ\u00eda y entusiasmo a este gran proyecto de transformaci\u00f3n de la Rep\u00fablica Dominicana\u00bb.<\/p>\n<\/p>\n<p><strong>Diez valiosas mujeres dominicanas reconocidas<\/strong><\/p>\n<\/p>\n<p>Diez valiosas mujeres dominicanas fueron galardonadas por el presidente Danilo Medina por su entrega y dedicaci\u00f3n en las distintas disciplinas en las que destacaron, marcando una fruct\u00edfera trayectoria en beneficio de sus comunidades y del pa\u00eds.<\/p>\n<\/p>\n<p><strong>Por distinguirse en los distintos campos del quehacer social<\/strong><\/p>\n<\/p>\n<p>La distinci\u00f3n a  las damas dominicanas est\u00e1 motivada con el decreto 32-16, en el que el presidente Danilo Medina refiere que se otorga la Medalla al M\u00e9rito a la Mujer, como reconocimiento a los esfuerzos realizados y por distinguirse en los diferentes campos del quehacer social.<\/p>\n<\/p>\n<p><strong>J\u00fabilo y emotividad<\/strong><\/p>\n<\/p>\n<p>Las galardonadas en la solemne ceremonia fueron Jatna Luisa Tav\u00e1rez Portillo  y Donata Antonia Guti\u00e9rrez Acevedo, en Calidad Profesional; Heideli del Rosario Toribio D\u00edaz y Mercedes Amparo Pimentel P\u00e9rez, en<\/p>\n<p>Educaci\u00f3n; Altagracia Esperanza Esquea de Cumberbatch, en Ciencias de la Salud y Magda Alina Rodr\u00edguez Azcona, Participaci\u00f3n Pol\u00edtica.<\/p>\n<\/p>\n<p>Asimismo, Eunice Josefina Jimeno Olivier, Participaci\u00f3n Pol\u00edtica; Sonia Mercedes Hurtado Casals, Labor Comunitaria; Rafaela P\u00e9rez, Labor Filantr\u00f3pica y Francisca Garc\u00eda Reyes, Homenaje P\u00f3stumo, cuya medalla fue entregada al hijo de la fenecida, Jos\u00e9 Manuel Romero.<\/p>\n<\/p>\n<p><strong>Danilo Medina resalta virtudes y talento de las mujeres dominicanas<\/strong><\/p>\n<\/p>\n<p>En el acto en el que el presidente Danilo Medina conmemor\u00f3 el D\u00eda Internacional de la Mujer con un homenaje dedicado a resaltar las virtudes y talentos de estas f\u00e9minas distinguidas, lo acompa\u00f1aron la primera dama, C\u00e1ndida Montilla de Medina; la vicepresidenta, Margarita Cede\u00f1o de Fern\u00e1ndez; las ministras de la Mujer, Alejandrina Germ\u00e1n y de Trabajo, Maritza Hern\u00e1ndez; la presidenta del Senado, Cristina Lizardo; el ministro de la Presidencia, Gustavo Montalvo y el consultor jur\u00eddico del Poder Ejecutivo, C\u00e9sar Pina Toribio. <\/p>\n<\/p>\n<p><strong>Se busca alcanzar la igualdad de g\u00e9nero<\/strong><\/p>\n<\/p>\n<p>En ese importante escenario, la ministra de la Mujer, Alejandrina Germ\u00e1n, manifest\u00f3 que como pa\u00eds la Agenda 2030 motiva a fortalecer los compromisos y en especial al Ministerio de la Mujer, con la inclusi\u00f3n del objetivo cinco de los Objetivos de Desarrollo Sostenible, \u00abalcanzar la igualdad entre los g\u00e9neros y empoderar a todas las mujeres y ni\u00f1as.<\/p>\n<p><strong> <\/strong><\/p>\n<p><strong>Cerrar las brechas de g\u00e9nero<\/strong><\/p>\n<\/p>\n<p>Indic\u00f3 que la equidad e igualdad de g\u00e9nero, como objetivo de desarrollo,  est\u00e1 posicionado como un tema relevante para el Gobierno, por lo que a trav\u00e9s de la Presidencia y la Vicepresidencia, el Ministerio de la Mujer, se ejecutan pol\u00edticas, planes y programas orientados a cerrar las brechas de g\u00e9nero en todas las \u00e1reas y a lograr el empoderamiento de las mujeres y las ni\u00f1as.<\/p>\n<\/p>\n<p><strong>Las mujeres, las m\u00e1s impactadas con empleos y reducci\u00f3n de la pobreza<\/strong><\/p>\n<\/p>\n<p>\u00abEn una demostraci\u00f3n de coherencia y cumplimiento de sus compromisos nacionales, durante su Gobierno, se\u00f1or Presidente Danilo Medina S\u00e1nchez, tal y como usted lo explicara el pasado 27 de febrero, se han creado m\u00e1s de 400 mil puestos de trabajo y m\u00e1s de 950 mil personas han salido de la pobreza; siendo las mujeres las m\u00e1s impactadas\u00bb, signific\u00f3. <\/p>\n<\/p>\n<p>M\u00e1s de 10 mil millones de pesos de Banca Solidaria, 52 mil empleos en barrios<\/p>\n<p>Dijo, en ese contexto, que a trav\u00e9s del programa Banca Solidaria se han prestado m\u00e1s de 10 mil millones de pesos a m\u00e1s de 227 mil micro, peque\u00f1os y medianos empresarios y empresarias, generando m\u00e1s de 52 mil empleos en barrios y comunidades.<\/p>\n<\/p>\n<p><strong>Madres solteras, jefas de hogares, centro de atenci\u00f3n<\/strong><\/p>\n<\/p>\n<p>El 75% de beneficiarios son mujeres, afirm\u00f3, un segmento poblacional al que el programa presta atenci\u00f3n especial, sobre todo a madres solteras y jefas de hogar.<\/p>\n<\/p>\n<p><strong>Las 129 Visitas Sorpresa han favorecido significativamente a las mujeres rurales<\/strong><\/p>\n<\/p>\n<p>\u00abDe las 129 Visitas Sorpresa en todo el pa\u00eds, se han generado 657 proyectos, m\u00e1s de 100 mil empleos directos y m\u00e1s de 180 mil indirectos, con inversiones por m\u00e1s de 16 mil 376 millones de pesos, favoreciendo significativamente a las mujeres rurales, las que tambi\u00e9n se han beneficiado con los pr\u00e9stamos al sector agr\u00edcola, por 57 mil millones de pesos a trav\u00e9s del Banco Agr\u00edcola.<\/p>\n<p><strong> <\/strong><\/p>\n<p><strong>Impacto de la Jornada Escolar Extendida<\/strong><\/p>\n<\/p>\n<p>Alejandrina Germ\u00e1n destac\u00f3 adem\u00e1s, el impacto que para el logro de la econom\u00eda dom\u00e9stica han tenido la Jornada Escolar Extendida, los centros de Atenci\u00f3n Integral a la Primera Infancia, que ofrecen atenci\u00f3n de calidad a m\u00e1s de 41 mil infantes, con edades entre 0 a 5 a\u00f1os, as\u00ed como los centros de Atenci\u00f3n Integral a la Discapacidad, que dirige el Despacho de la Primera Dama.<\/p>\n<\/p>\n<p>\u00abGracias a estos programas, las mujeres, especialmente las madres solteras y las jefas de hogar pueden retornar a sus estudios y trabajar mientras sus hijos e hijas est\u00e1n en un lugar seguro\u00bb, precis\u00f3.<\/p>\n<p><strong> <\/strong><\/p>\n<p><strong>Maestra Eunice Jimeno: un Presidente como usted est\u00e1 promoviendo avances<\/strong><\/p>\n<\/p>\n<p>En sus palabras de agradecimiento, la maestra Eunice Jimeno Olivier, dijo que este d\u00eda pone de relieve el combate de las mujeres para mejorar sus vidas. <\/p>\n<\/p>\n<p>\u00abEs una fecha para reflexionar y tomar conciencia; pero tambi\u00e9n para conmemorar y rendir homenaje al valor, la fortaleza y a los logros de mujeres del mundo y de nuestro pa\u00eds; porque como lo ha dicho usted, se\u00f1or Presidente, las mujeres no estamos solas\u00bb, signific\u00f3 Jimeno Olivier.<\/p>\n<\/p>\n<p>Resalt\u00f3 la visi\u00f3n y voluntad expresa del Gobierno y del presidente Danilo Medina en los diferentes escenarios donde se desenvuelve la mujer dominicana.<\/p>\n<\/p>\n<p>\u00abUn Presidente como usted que est\u00e1 promoviendo avances importantes para que se produzcan cambios a favor de las mujeres y que reconoce adem\u00e1s, nuestro papel en el desarrollo del pa\u00eds\u00bb.<\/p>\n<h6> 2016-03-08 13:43:05 <\/h6>\n<p><!--\n<link rel=\"stylesheet\" href=\"css\/bootstrap.min.css\">\n\n\n<ul class=\"pagination\">\n\t    \n\t\n\n<li >\n\t<a href='?page_no=13489'>Previous<\/a>\n\t<\/li>\n\n\n       \n    \n\n<li><a href='?page_no=1'>1<\/a><\/li>\n\n\n\n<li><a href='?page_no=2'>2<\/a><\/li>\n\n\n\n<li><a>...<\/a><\/li>\n\n\n\n<li><a href='?page_no=13488'>13488<\/a><\/li>\n\n\n\n<li><a href='?page_no=13489'>13489<\/a><\/li>\n\n\n\n<li class='active'><a>13490<\/a><\/li>\n\n\n\n<li><a href='?page_no=13491'>13491<\/a><\/li>\n\n\n\n<li><a href='?page_no=13492'>13492<\/a><\/li>\n\n\n\n<li><a>...<\/a><\/li>\n\n\n\n<li><a href='?page_no=56169'>56169<\/a><\/li>\n\n\n\n<li><a href='?page_no=56170'>56170<\/a><\/li>\n\n    \n\t\n\n<li >\n\t<a href='?page_no=13491'>Next<\/a>\n\t<\/li>\n\n\n    \n\n<li><a href='?page_no=56170'>Last &rsaquo;&rsaquo;<\/a><\/li>\n\n<\/ul>\n\n\n--><br \/>\n<\/body><\/p>\n","protected":false},"excerpt":{"rendered":"<p>Santo Domingo RD 8 marzo(DICOM).- En una ceremonia salpicada de emoci\u00f3n, j\u00fabilo y cari\u00f1o fraterno hacia las mujeres dominicanas, el presidente Danilo Medina entreg\u00f3 la Medalla al M\u00e9rito de la Mujer Dominicana, en el sal\u00f3n Las Cari\u00e1tides, del Palacio Nacional. Mensaje de Danilo Medina: por una vida mejor para ustedes y sus familias Antes, Danilo [&hellip;]<\/p>\n","protected":false},"author":3,"featured_media":0,"comment_status":"open","ping_status":"open","sticky":false,"template":"","format":"standard","meta":{"footnotes":""},"categories":[20],"tags":[],"class_list":["post-219138","post","type-post","status-publish","format-standard","hentry","category-dominicana-hoy"],"_links":{"self":[{"href":"https:\/\/diariodominicano.com\/index.php?rest_route=\/wp\/v2\/posts\/219138","targetHints":{"allow":["GET"]}}],"collection":[{"href":"https:\/\/diariodominicano.com\/index.php?rest_route=\/wp\/v2\/posts"}],"about":[{"href":"https:\/\/diariodominicano.com\/index.php?rest_route=\/wp\/v2\/types\/post"}],"author":[{"embeddable":true,"href":"https:\/\/diariodominicano.com\/index.php?rest_route=\/wp\/v2\/users\/3"}],"replies":[{"embeddable":true,"href":"https:\/\/diariodominicano.com\/index.php?rest_route=%2Fwp%2Fv2%2Fcomments&post=219138"}],"version-history":[{"count":0,"href":"https:\/\/diariodominicano.com\/index.php?rest_route=\/wp\/v2\/posts\/219138\/revisions"}],"wp:attachment":[{"href":"https:\/\/diariodominicano.com\/index.php?rest_route=%2Fwp%2Fv2%2Fmedia&parent=219138"}],"wp:term":[{"taxonomy":"category","embeddable":true,"href":"https:\/\/diariodominicano.com\/index.php?rest_route=%2Fwp%2Fv2%2Fcategories&post=219138"},{"taxonomy":"post_tag","embeddable":true,"href":"https:\/\/diariodominicano.com\/index.php?rest_route=%2Fwp%2Fv2%2Ftags&post=219138"}],"curies":[{"name":"wp","href":"https:\/\/api.w.org\/{rel}","templated":true}]}}