{"id":219136,"date":"2016-03-08T14:50:51","date_gmt":"2016-03-08T14:50:51","guid":{"rendered":"http:\/\/diariodominicano.ddns.net\/?p=219136"},"modified":"2016-03-08T14:50:51","modified_gmt":"2016-03-08T14:50:51","slug":"mandatario-recibe-al-secretario-adjunto-de-la-onu","status":"publish","type":"post","link":"https:\/\/diariodominicano.com\/?p=219136","title":{"rendered":"Mandatario recibe al Secretario Adjunto de la ONU"},"content":{"rendered":"<p><body><\/p>\n<p><img decoding=\"async\" src=\"img3\/visita 3.jpg\" \/>  <\/p>\n<p>Santo Domingo RD 8 marzo (DICOM) .- El presidente Danilo Medina recibi\u00f3 despuntando el mediod\u00eda de hoy al secretario general adjunto de la Organizaci\u00f3n de las Naciones Unidas (ONU), Philippe Douste-Blazy, con quien intercambi\u00f3 sobre diversos temas de inter\u00e9s.<\/p>\n<\/p>\n<p>Se trat\u00f3 de una visita de cortes\u00eda, que se desarroll\u00f3 en un ambiente de mucha cordialidad.<\/p>\n<\/p>\n<p>Acompa\u00f1aron a Douste-Blazy,  Robert Cazal, consejero  para el Caribe, Jos\u00e9 G\u00f3mez, embajador de Francia en el pa\u00eds y Joel Ornstein, cofundador de Monument Capital Grup Holdings.<\/p>\n<\/p>\n<h6> 2016-03-08 14:50:51 <\/h6>\n<p><!--\n<link rel=\"stylesheet\" href=\"css\/bootstrap.min.css\">\n\n\n<ul class=\"pagination\">\n\t    \n\t\n\n<li >\n\t<a href='?page_no=13488'>Previous<\/a>\n\t<\/li>\n\n\n       \n    \n\n<li><a href='?page_no=1'>1<\/a><\/li>\n\n\n\n<li><a href='?page_no=2'>2<\/a><\/li>\n\n\n\n<li><a>...<\/a><\/li>\n\n\n\n<li><a href='?page_no=13487'>13487<\/a><\/li>\n\n\n\n<li><a href='?page_no=13488'>13488<\/a><\/li>\n\n\n\n<li class='active'><a>13489<\/a><\/li>\n\n\n\n<li><a href='?page_no=13490'>13490<\/a><\/li>\n\n\n\n<li><a href='?page_no=13491'>13491<\/a><\/li>\n\n\n\n<li><a>...<\/a><\/li>\n\n\n\n<li><a href='?page_no=56169'>56169<\/a><\/li>\n\n\n\n<li><a href='?page_no=56170'>56170<\/a><\/li>\n\n    \n\t\n\n<li >\n\t<a href='?page_no=13490'>Next<\/a>\n\t<\/li>\n\n\n    \n\n<li><a href='?page_no=56170'>Last &rsaquo;&rsaquo;<\/a><\/li>\n\n<\/ul>\n\n\n--><br \/>\n<\/body><\/p>\n","protected":false},"excerpt":{"rendered":"<p>Santo Domingo RD 8 marzo (DICOM) .- El presidente Danilo Medina recibi\u00f3 despuntando el mediod\u00eda de hoy al secretario general adjunto de la Organizaci\u00f3n de las Naciones Unidas (ONU), Philippe Douste-Blazy, con quien intercambi\u00f3 sobre diversos temas de inter\u00e9s. Se trat\u00f3 de una visita de cortes\u00eda, que se desarroll\u00f3 en un ambiente de mucha cordialidad. [&hellip;]<\/p>\n","protected":false},"author":3,"featured_media":0,"comment_status":"open","ping_status":"open","sticky":false,"template":"","format":"standard","meta":{"footnotes":""},"categories":[20],"tags":[],"class_list":["post-219136","post","type-post","status-publish","format-standard","hentry","category-dominicana-hoy"],"_links":{"self":[{"href":"https:\/\/diariodominicano.com\/index.php?rest_route=\/wp\/v2\/posts\/219136","targetHints":{"allow":["GET"]}}],"collection":[{"href":"https:\/\/diariodominicano.com\/index.php?rest_route=\/wp\/v2\/posts"}],"about":[{"href":"https:\/\/diariodominicano.com\/index.php?rest_route=\/wp\/v2\/types\/post"}],"author":[{"embeddable":true,"href":"https:\/\/diariodominicano.com\/index.php?rest_route=\/wp\/v2\/users\/3"}],"replies":[{"embeddable":true,"href":"https:\/\/diariodominicano.com\/index.php?rest_route=%2Fwp%2Fv2%2Fcomments&post=219136"}],"version-history":[{"count":0,"href":"https:\/\/diariodominicano.com\/index.php?rest_route=\/wp\/v2\/posts\/219136\/revisions"}],"wp:attachment":[{"href":"https:\/\/diariodominicano.com\/index.php?rest_route=%2Fwp%2Fv2%2Fmedia&parent=219136"}],"wp:term":[{"taxonomy":"category","embeddable":true,"href":"https:\/\/diariodominicano.com\/index.php?rest_route=%2Fwp%2Fv2%2Fcategories&post=219136"},{"taxonomy":"post_tag","embeddable":true,"href":"https:\/\/diariodominicano.com\/index.php?rest_route=%2Fwp%2Fv2%2Ftags&post=219136"}],"curies":[{"name":"wp","href":"https:\/\/api.w.org\/{rel}","templated":true}]}}