{"id":219134,"date":"2016-03-08T15:36:24","date_gmt":"2016-03-08T15:36:24","guid":{"rendered":"http:\/\/diariodominicano.ddns.net\/?p=219134"},"modified":"2016-03-08T15:36:24","modified_gmt":"2016-03-08T15:36:24","slug":"idac-y-ministerio-de-defensa-firman-acuerdo-de-cooperacion-interinstitucional","status":"publish","type":"post","link":"https:\/\/diariodominicano.com\/?p=219134","title":{"rendered":"IDAC y Ministerio de Defensa firman acuerdo de cooperaci\u00f3n interinstitucional"},"content":{"rendered":"<p><body><\/p>\n<p><img decoding=\"async\" src=\"img3\/defensa 1.jpg\" \/>  <\/p>\n<p>Santo Domingo RD 9 marzo.- .- El director general del Instituto Dominicano de Aviaci\u00f3n Civil (IDAC), Alejandro Herrera y el ministro de Defensa, teniente general M\u00e1ximo William Mu\u00f1oz Delgado, suscribieron un acuerdo de cooperaci\u00f3n interinstitucional entre ambas entidades, mediante el cual se comprometen, con la colaboraci\u00f3n t\u00e9cnica y el apadrinamiento del IDAC, en el remozamiento de varios monumentos que son administrados por el  cuerpo castrense, como forma de dar seguimiento a las pol\u00edticas de Responsabilidad  Social que han decidido reforzar para este a\u00f1o.<\/p>\n<\/p>\n<p>Los monumentos que ser\u00e1n intervenidos por el IDAC son, en principio, el de los H\u00e9roes de Capotillo, en Loma de Cabrera y el del Valle de Lil\u00eds, en las inmediaciones del pico Duarte, una contribuci\u00f3n a estos lugares hist\u00f3ricos que requieren remodelaci\u00f3n y que han sido una inquietud de la direcci\u00f3n general encabezada por Herrera.<\/p>\n<\/p>\n<p>\u00abEl IDAC se siente regocijada con este acuerdo, el mismo que nos estimula a seguir hacia adelante en nuestro proceso de consolidaci\u00f3n de nuestras relaciones con las instituciones que de una manera u otra tienen que ver con la seguridad ciudadana y de nuestros l\u00edmites territoriales, as\u00ed como del cuidado del medio ambiente, por eso nuestro empe\u00f1o en poder contribuir con este peque\u00f1o aporte a nuestros monumentos hist\u00f3ricos\u00bb, destac\u00f3 el titular del \u00f3rgano rector del espacio a\u00e9reo dominicano.<\/p>\n<\/p>\n<p>En el mismo orden, el ministro de Defensa, quien adem\u00e1s de felicitar al IDAC por los logros alcanzados en cuanto a seguridad operacional y cumplimiento de las exigencias internacionales se refiere, agradeci\u00f3 el gesto del director general, Alejandro Herrera, por su iniciativa de suscribir un acuerdo que no solo beneficia a los miembros de ambas instituciones, sino que est\u00e1 enfocado en la preservaci\u00f3n de valores patrios como son el cuidado y remozamiento de estos monumentos.<\/p>\n<\/p>\n<p>\u00abAgradecemos el gesto que ha tenido la direcci\u00f3n general del IDAC en la persona del doctor Alejandro Herrera, quien fue el primero en manifestar su inquietud de que nuestras instituciones colaboren mutuamente en programas de asistencia t\u00e9cnica y especialmente en esta iniciativa de remozamiento de estos lugares hist\u00f3ricos que nos identifican como naci\u00f3n\u00bb, se\u00f1al\u00f3 el jefe militar, Mu\u00f1oz Delgado.<\/p>\n<\/p>\n<p>A la firma del acuerdo fue invitado el exadministrador de la Loter\u00eda Nacional, Fulgencio Espinal, quien durante su gesti\u00f3n en el a\u00f1o 1982 promovi\u00f3 un concurso literario que dio como resultado la construcci\u00f3n del monumento a los H\u00e9roes de Capotillo, en Loma de Cabrera, y quien manifest\u00f3 su agradecimiento por este importante paso interinstitucional, a\u00f1adiendo que la comunidad que representa quedar\u00e1 eternamente satisfecha con el hecho de que su monumento sea rescatado.<\/p>\n<\/p>\n<p>Tambi\u00e9n asistieron a la firma, por parte del IDAC, el subdirector general Santiago Rosa Mart\u00ednez y los directores de Legal, Jos\u00e9 Valdez; de Normas de Vuelo, capit\u00e1n piloto Gabriel Medina Felipe; de Navegaci\u00f3n A\u00e9rea, Francisco Bol\u00edvar de Le\u00f3n; Administrativo, Jos\u00e9 Ortiz; de Planificaci\u00f3n y Desarrollo, Enna de Arredondo; de Transparencia y Atenci\u00f3n Ciudadana, Anita Sifres; y de Fiscalizaci\u00f3n, Mariano Reyes.<\/p>\n<\/p>\n<p>Por el Ministerio de Defensa asistieron el vicealmirante Edmundo F\u00e9lix Pimentel, comandante general de la Armada de Rep\u00fablica Dominicana; mayor general piloto Elvis Marcelino F\u00e9liz P\u00e9rez, comandante general de la Fuerza A\u00e9rea; general de brigada Julio C\u00e9sar Solano Dur\u00e1n, subcomandante general del Ej\u00e9rcito de la Rep\u00fablica Dominicana; general de brigada Rafael N\u00fa\u00f1ez Veloz, director general de Inteligencia del Ministerio de Defensa; general Aracenis Castillo de la Cruz, director del Cuerpo Especializado en Seguridad Aeroportuaria y de la Aviaci\u00f3n Civil (CESAC); y el coronel abogado Felipe Ota\u00f1o D?Oleo, director Jur\u00eddico del Ministerio de Defensa.<\/p>\n<\/p>\n<p>PIE DE FOTO<\/p>\n<\/p>\n<p>El director general del Instituto Dominicano de Aviaci\u00f3n Civil (IDAC), Alejandro Herrera y el ministro de Defensa, teniente general M\u00e1ximo William Mu\u00f1oz Delgado, durante la firma del acuerdo.<\/p>\n<h6> 2016-03-08 15:36:24 <\/h6>\n<p><!--\n<link rel=\"stylesheet\" href=\"css\/bootstrap.min.css\">\n\n\n<ul class=\"pagination\">\n\t    \n\t\n\n<li >\n\t<a href='?page_no=13486'>Previous<\/a>\n\t<\/li>\n\n\n       \n    \n\n<li><a href='?page_no=1'>1<\/a><\/li>\n\n\n\n<li><a href='?page_no=2'>2<\/a><\/li>\n\n\n\n<li><a>...<\/a><\/li>\n\n\n\n<li><a href='?page_no=13485'>13485<\/a><\/li>\n\n\n\n<li><a href='?page_no=13486'>13486<\/a><\/li>\n\n\n\n<li class='active'><a>13487<\/a><\/li>\n\n\n\n<li><a href='?page_no=13488'>13488<\/a><\/li>\n\n\n\n<li><a href='?page_no=13489'>13489<\/a><\/li>\n\n\n\n<li><a>...<\/a><\/li>\n\n\n\n<li><a href='?page_no=56169'>56169<\/a><\/li>\n\n\n\n<li><a href='?page_no=56170'>56170<\/a><\/li>\n\n    \n\t\n\n<li >\n\t<a href='?page_no=13488'>Next<\/a>\n\t<\/li>\n\n\n    \n\n<li><a href='?page_no=56170'>Last &rsaquo;&rsaquo;<\/a><\/li>\n\n<\/ul>\n\n\n--><br \/>\n<\/body><\/p>\n","protected":false},"excerpt":{"rendered":"<p>Santo Domingo RD 9 marzo.- .- El director general del Instituto Dominicano de Aviaci\u00f3n Civil (IDAC), Alejandro Herrera y el ministro de Defensa, teniente general M\u00e1ximo William Mu\u00f1oz Delgado, suscribieron un acuerdo de cooperaci\u00f3n interinstitucional entre ambas entidades, mediante el cual se comprometen, con la colaboraci\u00f3n t\u00e9cnica y el apadrinamiento del IDAC, en el remozamiento [&hellip;]<\/p>\n","protected":false},"author":3,"featured_media":0,"comment_status":"open","ping_status":"open","sticky":false,"template":"","format":"standard","meta":{"footnotes":""},"categories":[20],"tags":[],"class_list":["post-219134","post","type-post","status-publish","format-standard","hentry","category-dominicana-hoy"],"_links":{"self":[{"href":"https:\/\/diariodominicano.com\/index.php?rest_route=\/wp\/v2\/posts\/219134","targetHints":{"allow":["GET"]}}],"collection":[{"href":"https:\/\/diariodominicano.com\/index.php?rest_route=\/wp\/v2\/posts"}],"about":[{"href":"https:\/\/diariodominicano.com\/index.php?rest_route=\/wp\/v2\/types\/post"}],"author":[{"embeddable":true,"href":"https:\/\/diariodominicano.com\/index.php?rest_route=\/wp\/v2\/users\/3"}],"replies":[{"embeddable":true,"href":"https:\/\/diariodominicano.com\/index.php?rest_route=%2Fwp%2Fv2%2Fcomments&post=219134"}],"version-history":[{"count":0,"href":"https:\/\/diariodominicano.com\/index.php?rest_route=\/wp\/v2\/posts\/219134\/revisions"}],"wp:attachment":[{"href":"https:\/\/diariodominicano.com\/index.php?rest_route=%2Fwp%2Fv2%2Fmedia&parent=219134"}],"wp:term":[{"taxonomy":"category","embeddable":true,"href":"https:\/\/diariodominicano.com\/index.php?rest_route=%2Fwp%2Fv2%2Fcategories&post=219134"},{"taxonomy":"post_tag","embeddable":true,"href":"https:\/\/diariodominicano.com\/index.php?rest_route=%2Fwp%2Fv2%2Ftags&post=219134"}],"curies":[{"name":"wp","href":"https:\/\/api.w.org\/{rel}","templated":true}]}}