{"id":219132,"date":"2016-03-08T15:43:48","date_gmt":"2016-03-08T15:43:48","guid":{"rendered":"http:\/\/diariodominicano.ddns.net\/?p=219132"},"modified":"2016-03-08T15:43:48","modified_gmt":"2016-03-08T15:43:48","slug":"embajador-elogia-relacion-entre-japon-y-la-rd","status":"publish","type":"post","link":"https:\/\/diariodominicano.com\/?p=219132","title":{"rendered":"Embajador elogia relaci\u00f3n entre Jap\u00f3n y la RD"},"content":{"rendered":"<p><body><\/p>\n<p><img decoding=\"async\" src=\"img3\/japon 2.jpg\" \/>  <\/p>\n<p>PARA\u00cdSO, Barahona RD (Por Omar Medina).- .- El embajador del Jap\u00f3n anunci\u00f3 en este municipio que las relaciones en la Rep\u00fablica Dominicana y su pa\u00eds se encuentran en sus mejores momentos por los estrechos v\u00ednculos de amistad que reina entre las dos naciones.<\/p>\n<\/p>\n<p>Takashi Fuchigami dijo que el pueblo japon\u00e9s y el dominicano sostienen excelentes relaciones, las cuales se hacen m\u00e1s robustas, ya que incluyen aspectos de cooperaciones mutuas para el desarrollo de ambas naciones.<\/p>\n<\/p>\n<p>El diplom\u00e1tico cito que a trav\u00e9s de la Embajada est\u00e1n llevando ayudas no reembolsables al Gobierno central, las cuales ser\u00e1n destinadas al Instituto Nacional de Recursos Hidr\u00e1ulicos (INDRHI) y a l Oficina Nacional de Meteorolog\u00eda (ONAMET) para su mejoramiento.<\/p>\n<\/p>\n<p>Tambi\u00e9n se\u00f1al\u00f3 que en los pr\u00f3ximos d\u00edas har\u00e1n donaciones a las escuelas vocacionales y al Instituto de Agricultura de Santiago de los Caballeros, dentro del marco de ayudas prioritarias que desarrolla el Gobierno del Jap\u00f3n.<\/p>\n<h6> 2016-03-08 15:43:48 <\/h6>\n<p><!--\n<link rel=\"stylesheet\" href=\"css\/bootstrap.min.css\">\n\n\n<ul class=\"pagination\">\n\t    \n\t\n\n<li >\n\t<a href='?page_no=13484'>Previous<\/a>\n\t<\/li>\n\n\n       \n    \n\n<li><a href='?page_no=1'>1<\/a><\/li>\n\n\n\n<li><a href='?page_no=2'>2<\/a><\/li>\n\n\n\n<li><a>...<\/a><\/li>\n\n\n\n<li><a href='?page_no=13483'>13483<\/a><\/li>\n\n\n\n<li><a href='?page_no=13484'>13484<\/a><\/li>\n\n\n\n<li class='active'><a>13485<\/a><\/li>\n\n\n\n<li><a href='?page_no=13486'>13486<\/a><\/li>\n\n\n\n<li><a href='?page_no=13487'>13487<\/a><\/li>\n\n\n\n<li><a>...<\/a><\/li>\n\n\n\n<li><a href='?page_no=56169'>56169<\/a><\/li>\n\n\n\n<li><a href='?page_no=56170'>56170<\/a><\/li>\n\n    \n\t\n\n<li >\n\t<a href='?page_no=13486'>Next<\/a>\n\t<\/li>\n\n\n    \n\n<li><a href='?page_no=56170'>Last &rsaquo;&rsaquo;<\/a><\/li>\n\n<\/ul>\n\n\n--><br \/>\n<\/body><\/p>\n","protected":false},"excerpt":{"rendered":"<p>PARA\u00cdSO, Barahona RD (Por Omar Medina).- .- El embajador del Jap\u00f3n anunci\u00f3 en este municipio que las relaciones en la Rep\u00fablica Dominicana y su pa\u00eds se encuentran en sus mejores momentos por los estrechos v\u00ednculos de amistad que reina entre las dos naciones. Takashi Fuchigami dijo que el pueblo japon\u00e9s y el dominicano sostienen excelentes [&hellip;]<\/p>\n","protected":false},"author":3,"featured_media":0,"comment_status":"open","ping_status":"open","sticky":false,"template":"","format":"standard","meta":{"footnotes":""},"categories":[20],"tags":[],"class_list":["post-219132","post","type-post","status-publish","format-standard","hentry","category-dominicana-hoy"],"_links":{"self":[{"href":"https:\/\/diariodominicano.com\/index.php?rest_route=\/wp\/v2\/posts\/219132","targetHints":{"allow":["GET"]}}],"collection":[{"href":"https:\/\/diariodominicano.com\/index.php?rest_route=\/wp\/v2\/posts"}],"about":[{"href":"https:\/\/diariodominicano.com\/index.php?rest_route=\/wp\/v2\/types\/post"}],"author":[{"embeddable":true,"href":"https:\/\/diariodominicano.com\/index.php?rest_route=\/wp\/v2\/users\/3"}],"replies":[{"embeddable":true,"href":"https:\/\/diariodominicano.com\/index.php?rest_route=%2Fwp%2Fv2%2Fcomments&post=219132"}],"version-history":[{"count":0,"href":"https:\/\/diariodominicano.com\/index.php?rest_route=\/wp\/v2\/posts\/219132\/revisions"}],"wp:attachment":[{"href":"https:\/\/diariodominicano.com\/index.php?rest_route=%2Fwp%2Fv2%2Fmedia&parent=219132"}],"wp:term":[{"taxonomy":"category","embeddable":true,"href":"https:\/\/diariodominicano.com\/index.php?rest_route=%2Fwp%2Fv2%2Fcategories&post=219132"},{"taxonomy":"post_tag","embeddable":true,"href":"https:\/\/diariodominicano.com\/index.php?rest_route=%2Fwp%2Fv2%2Ftags&post=219132"}],"curies":[{"name":"wp","href":"https:\/\/api.w.org\/{rel}","templated":true}]}}