{"id":219131,"date":"2016-03-08T16:59:43","date_gmt":"2016-03-08T16:59:43","guid":{"rendered":"http:\/\/diariodominicano.ddns.net\/?p=219131"},"modified":"2016-03-08T16:59:43","modified_gmt":"2016-03-08T16:59:43","slug":"presidente-danilo-medina-convoca-segunda-jornada-nacional-para-prevenir-dengue-zika-y-chikungunya","status":"publish","type":"post","link":"https:\/\/diariodominicano.com\/?p=219131","title":{"rendered":"Presidente Danilo Medina convoca segunda jornada nacional para prevenir dengue, zika y chikungunya"},"content":{"rendered":"<p><body><\/p>\n<p><img decoding=\"async\" src=\"img3\/den 3.jpg\" \/><br \/><img decoding=\"async\" src=\"img3\/den 5.jpg\" \/>  <\/p>\n<p><strong>Santo Domingo RD 9 marzo de 2016.- <\/strong>Preocupado por la salud del pueblo dominicano, el presidente Danilo Medina convoc\u00f3 a otra gran jornada nacional de eliminaci\u00f3n de criaderos de mosquitos, para erradicar as\u00ed el Aedes Aegypti y prevenir el dengue, el zika y la chikungunya, inform\u00f3 ayer la ministra de Salud P\u00fablica, Altagracia Guzm\u00e1n Marcelino, en el Sal\u00f3n Orlando Mart\u00ednez, del Palacio Nacional, luego de participar en una reuni\u00f3n con el presidente Danilo Medina y el Gabinete Ministerial del Gobierno, donde el Jefe de Estado instruy\u00f3 afianzar las medidas para prevenir estas enfermedades y cuidar sobre todas las cosas la salud de la poblaci\u00f3n.<\/p>\n<\/p>\n<p>Explic\u00f3 que en la jornada nacional que se realizar\u00e1 el viernes 18 y s\u00e1bado 19 de este mes, participar\u00e1n todas las instituciones p\u00fablicas, con la integraci\u00f3n en las provincias de las gobernaciones y las alcald\u00edas.<\/p>\n<p><strong> <\/strong><\/p>\n<p>En lo que ata\u00f1e a las instrucciones dadas por el presidente Danilo Medina para la prevenci\u00f3n y erradicaci\u00f3n del mosquito adulto del Aedes Agypti, hay disponibles mil millones de pesos, seg\u00fan explic\u00f3 la ministra de Salud P\u00fablica.<\/p>\n<p><strong> <\/strong><\/p>\n<p>\u00abJustamente terminamos la reuni\u00f3n con el Presidente de la Rep\u00fablica, quien convoc\u00f3 a todos los titulares de las instituciones gubernamentales, a los fines de continuar los trabajos para la prevenci\u00f3n del dengue, del zika y la chikungunya, espec\u00edficamente dirigido a la eliminaci\u00f3n de criaderos del mosquito Aedes Aegypti y la eliminaci\u00f3n del mosquito adulto\u00bb, dijo Altagracia Guzm\u00e1n Marcelino.<\/p>\n<\/p>\n<p>Indic\u00f3 que en la jornada nacional cada instituci\u00f3n gubernamental tiene asignada una provincia. Cada instituci\u00f3n se coordinar\u00e1 con las direcciones provinciales y municipales de Salud.<\/p>\n<\/p>\n<p>\u00abDe tal manera que los recursos humanos, los colaboradores de esas instituciones ir\u00e1n a los barrios, a las calles a orientar a la poblaci\u00f3n\u00bb, dijo.<\/p>\n<\/p>\n<p>Dijo que a la fecha el Sistema de Vigilancia Epidemiol\u00f3gica tiene registrados 428 casos sospechosos de zika; las pruebas se remiten a Atlanta para identificar en qu\u00e9 localidades est\u00e1 el virus.<\/p>\n<\/p>\n<p><strong>Voluntad pol\u00edtica de proteger la salud de la gente<\/strong><\/p>\n<\/p>\n<p>\u00abA prop\u00f3sito de la inversi\u00f3n, del financiamiento, dada la voluntad pol\u00edtica del Presidente y ustedes han visto el decreto para compras de emergencias (decreto-15-16), los reactivos para saber la prueba espec\u00edfica de si se trata de zika, dengue o chikungunya, se realizar\u00e1 en el Laboratorio Nacional, no con fines de saber si se tiene una de estas tres enfermedades, el diagn\u00f3stico es eminentemente cl\u00ednico, es con el fin contribuir a la vigilancia epidemiol\u00f3gica, saber qu\u00e9 espacios del pa\u00eds tienen casos de zika y saber en qu\u00e9 momento se han reducido estos casos\u00bb.<\/p>\n<\/p>\n<p>A seguidas dijo que con esta medida de eliminar criaderos se previenen estas enfermedades.<\/p>\n<h6> 2016-03-08 16:59:43 <\/h6>\n<p><!--\n<link rel=\"stylesheet\" href=\"css\/bootstrap.min.css\">\n\n\n<ul class=\"pagination\">\n\t    \n\t\n\n<li >\n\t<a href='?page_no=13483'>Previous<\/a>\n\t<\/li>\n\n\n       \n    \n\n<li><a href='?page_no=1'>1<\/a><\/li>\n\n\n\n<li><a href='?page_no=2'>2<\/a><\/li>\n\n\n\n<li><a>...<\/a><\/li>\n\n\n\n<li><a href='?page_no=13482'>13482<\/a><\/li>\n\n\n\n<li><a href='?page_no=13483'>13483<\/a><\/li>\n\n\n\n<li class='active'><a>13484<\/a><\/li>\n\n\n\n<li><a href='?page_no=13485'>13485<\/a><\/li>\n\n\n\n<li><a href='?page_no=13486'>13486<\/a><\/li>\n\n\n\n<li><a>...<\/a><\/li>\n\n\n\n<li><a href='?page_no=56169'>56169<\/a><\/li>\n\n\n\n<li><a href='?page_no=56170'>56170<\/a><\/li>\n\n    \n\t\n\n<li >\n\t<a href='?page_no=13485'>Next<\/a>\n\t<\/li>\n\n\n    \n\n<li><a href='?page_no=56170'>Last &rsaquo;&rsaquo;<\/a><\/li>\n\n<\/ul>\n\n\n--><br \/>\n<\/body><\/p>\n","protected":false},"excerpt":{"rendered":"<p>Santo Domingo RD 9 marzo de 2016.- Preocupado por la salud del pueblo dominicano, el presidente Danilo Medina convoc\u00f3 a otra gran jornada nacional de eliminaci\u00f3n de criaderos de mosquitos, para erradicar as\u00ed el Aedes Aegypti y prevenir el dengue, el zika y la chikungunya, inform\u00f3 ayer la ministra de Salud P\u00fablica, Altagracia Guzm\u00e1n Marcelino, [&hellip;]<\/p>\n","protected":false},"author":3,"featured_media":0,"comment_status":"open","ping_status":"open","sticky":false,"template":"","format":"standard","meta":{"footnotes":""},"categories":[20],"tags":[],"class_list":["post-219131","post","type-post","status-publish","format-standard","hentry","category-dominicana-hoy"],"_links":{"self":[{"href":"https:\/\/diariodominicano.com\/index.php?rest_route=\/wp\/v2\/posts\/219131","targetHints":{"allow":["GET"]}}],"collection":[{"href":"https:\/\/diariodominicano.com\/index.php?rest_route=\/wp\/v2\/posts"}],"about":[{"href":"https:\/\/diariodominicano.com\/index.php?rest_route=\/wp\/v2\/types\/post"}],"author":[{"embeddable":true,"href":"https:\/\/diariodominicano.com\/index.php?rest_route=\/wp\/v2\/users\/3"}],"replies":[{"embeddable":true,"href":"https:\/\/diariodominicano.com\/index.php?rest_route=%2Fwp%2Fv2%2Fcomments&post=219131"}],"version-history":[{"count":0,"href":"https:\/\/diariodominicano.com\/index.php?rest_route=\/wp\/v2\/posts\/219131\/revisions"}],"wp:attachment":[{"href":"https:\/\/diariodominicano.com\/index.php?rest_route=%2Fwp%2Fv2%2Fmedia&parent=219131"}],"wp:term":[{"taxonomy":"category","embeddable":true,"href":"https:\/\/diariodominicano.com\/index.php?rest_route=%2Fwp%2Fv2%2Fcategories&post=219131"},{"taxonomy":"post_tag","embeddable":true,"href":"https:\/\/diariodominicano.com\/index.php?rest_route=%2Fwp%2Fv2%2Ftags&post=219131"}],"curies":[{"name":"wp","href":"https:\/\/api.w.org\/{rel}","templated":true}]}}