{"id":219130,"date":"2016-03-08T21:49:41","date_gmt":"2016-03-08T21:49:41","guid":{"rendered":"http:\/\/diariodominicano.ddns.net\/?p=219130"},"modified":"2016-03-08T21:49:41","modified_gmt":"2016-03-08T21:49:41","slug":"vicepresidenta-valora-participacion-de-la-mujer-en-lucha-contra-la-pobreza","status":"publish","type":"post","link":"https:\/\/diariodominicano.com\/?p=219130","title":{"rendered":"Vicepresidenta valora participaci\u00f3n de la mujer en lucha contra la pobreza"},"content":{"rendered":"<p><body><\/p>\n<p><img decoding=\"async\" src=\"img3\/Vice3.JPG\" \/><br \/><img decoding=\"async\" src=\"img3\/Vice.JPG\" \/><br \/><img decoding=\"async\" src=\"img3\/Vice2.JPG\" \/>  <\/p>\n<p><span class=\"text1noticias\">Santo Domingo, R. D., 8 de marzo.- Con la oncena entrega del Premio Nacional Mujer de Progreso 2016, la vicepresidenta de la Rep\u00fablica, doctora Margarita Cede\u00f1o, reconoci\u00f3 este martes el esfuerzo de 15 mujeres pertenecientes al programa Progresando con Solidaridad (Prosoli) de diferentes localidades del pa\u00eds, quienes vencieron el c\u00edrculo de la pobreza, desigualdad, violencia intrafamiliar y son ejemplos de superaci\u00f3n para que su familia y su comunidad puedan tener un futuro promisorio.<\/span><\/p>\n<p><span class=\"text1noticias\"> <\/span><\/p>\n<p><span class=\"text1noticias\">La Vicemandataria indic\u00f3 que la premiaci\u00f3n que se realiza cada a\u00f1o en ocasi\u00f3n de la celebraci\u00f3n del D\u00eda Internacional de la Mujer, es un incentivo para reconocer el valor del esfuerzo, sacrificio y dedicaci\u00f3n de las mujeres de escasos recursos para convertirse en emprendedoras, y que a trav\u00e9s de sus testimonios convierten a la Rep\u00fablica Dominicana en un pa\u00eds m\u00e1s justo, unido y solidario.<\/span><\/p>\n<p><span class=\"text1noticias\"> <\/span><\/p>\n<p><span class=\"text1noticias\">\u00abEste d\u00eda honra el reconocimiento de los derechos de la mujer, su val\u00eda, sus aportes a la sociedad y nos recuerda la necesidad de seguir luchando por la superaci\u00f3n del ser que gesta y cuida la vida en todas sus manifestaciones, y sin la  cual la conquista de la inclusi\u00f3n, de la justicia social y  del desarrollo humano es imposible\u00bb, indic\u00f3.<\/span><\/p>\n<p><span class=\"text1noticias\"> <\/span><\/p>\n<p><span class=\"text1noticias\">Dijo que cada d\u00eda millones de mujeres libran una batalla por la igualdad en sus casas,  barrios y comunidades, cuando se enfrentan a la violencia de g\u00e9nero, discriminaci\u00f3n salarial, violencia sexual, la trata, dificultades socioecon\u00f3micas y los obst\u00e1culos para alcanzar su pleno desarrollo.<\/span><\/p>\n<p><span class=\"text1noticias\"> <\/span><\/p>\n<p><span class=\"text1noticias\">\u00abEn la uni\u00f3n de nuestras voluntades est\u00e1 la clave para que, en poco tiempo, la preocupaci\u00f3n de la desigualdad de g\u00e9nero no sea m\u00e1s que un triste cap\u00edtulo en la historia universal. De nuestra unidad depende que nuestras ni\u00f1as, las generaciones futuras, tengan m\u00e1s oportunidades de las que nosotras tuvimos, para que as\u00ed puedan romper el c\u00edrculo vicioso de la pobreza y de la exclusi\u00f3n\u00bb, consider\u00f3 la Vicemandataria.<\/span><\/p>\n<p><span class=\"text1noticias\"> <\/span><\/p>\n<p><span class=\"text1noticias\">El premio contempla cinco categor\u00edas a alcanzar, que son: Desarrollo Econ\u00f3mico; Superaci\u00f3n de limitaciones o situaciones de vulnerabilidad personal y familiar; Compromiso con el programa; Cumplimiento de las metas y objetivos del programa; y Liderazgo comunitario.<\/span><\/p>\n<p><span class=\"text1noticias\">Las f\u00e9minas que provienen de Santo Domingo, Distrito Nacional, Monte Plata, La Altagracia, Barahona, Hato Mayor, San Pedro, Monte Plata, El Seibo, El\u00edas Pi\u00f1a y San Crist\u00f3bal recibieron el galard\u00f3n por sus aportes al desarrollo de sus familias y sus comunidades.<\/span><\/p>\n<p><span class=\"text1noticias\"> <\/span><\/p>\n<p><span class=\"text1noticias\">Tambi\u00e9n, entre las reconocidas est\u00e1n tres mujeres que recibieron el galard\u00f3n Estrellas de Progreso por mantener una trayectoria de avance y desarrollo en Prosoli en los \u00faltimos once a\u00f1os.<\/span><\/p>\n<p><span class=\"text1noticias\"> <\/span><\/p>\n<p><span class=\"text1noticias\">Ganadoras<\/span><\/p>\n<p><span class=\"text1noticias\"> <\/span><\/p>\n<p><span class=\"text1noticias\">El m\u00e1ximo galard\u00f3n Estrellas de Progreso lo recibieron Marisol Contreras Liriano, Martha Ramona Sandoval y Rosa D\u00edaz, en Cumplimiento de las metas y objetivos del programa, Liderazgo comunitario y Desarrollo Econ\u00f3mico respectivamente.<\/span><\/p>\n<p><span class=\"text1noticias\">  <\/span><\/p>\n<p><span class=\"text1noticias\">En la categor\u00eda Desarrollo Econ\u00f3mico fueron reconocidas Carmen Mora, Dulce Mar\u00eda de los Santos, Socorro Rodr\u00edguez y Yazm\u00edn Soto. Tambi\u00e9n, fueron galardonadas Cristy N\u00e1taly Abreu Almonte, Greisis Miladis Qui\u00f1ones y Virginia Cabrera, en Superaci\u00f3n de limitaciones o situaciones de vulnerabilidad personal y familiar.<\/span><\/p>\n<p><span class=\"text1noticias\"> <\/span><\/p>\n<p><span class=\"text1noticias\">De igual manera, en la categor\u00eda Compromiso con el programa, la Vicepresidencia reconoci\u00f3 la labor de Estela Altagracia Mena y Gleny Araceli Rodr\u00edguez. Asimismo, a Fior de Lina de la Cruz y a Joselyn V\u00e1squez en Cumplimiento de las metas y objetivos del programa; mientras que en Liderazgo comunitario se reconoci\u00f3 a Mar\u00eda Osoria.<\/span><\/p>\n<p><span class=\"text1noticias\"> <\/span><\/p>\n<p><span class=\"text1noticias\">La premiaci\u00f3n Mujer de Progreso es un reconocimiento a aquellas f\u00e9minas que cumplieron metas concretas que les permitir\u00e1n cambios significativos en su vida personal, familiar y en su comunidad; adem\u00e1s, con su esfuerzo rompieron el c\u00edrculo hereditario de la pobreza, alcanzaron el desarrollo econ\u00f3mico y el de sus familias; y lograron superar situaciones de marginalidad y vulnerabilidad social.<\/span><\/p>\n<p><span class=\"text1noticias\"> <\/span><\/p>\n<p><span class=\"text1noticias\">El galard\u00f3n sirve adem\u00e1s de est\u00edmulo para superar las condiciones de extrema pobreza de las familias dominicanas, crear fuentes de empleo y bienestar personal y colectivo.<\/span><\/p>\n<p><span class=\"text1noticias\"> <\/span><\/p>\n<p><span class=\"text1noticias\">Tambi\u00e9n busca incentivar a las mujeres sumidas en ese flagelo y el desempleo a alcanzar su propio desarrollo mediante iniciativas de orientaci\u00f3n, capacitaci\u00f3n, seguimiento y emprendimiento impulsadas desde Prosoli.<\/span><\/p>\n<h6> 2016-03-08 21:49:41 <\/h6>\n<p><!--\n<link rel=\"stylesheet\" href=\"css\/bootstrap.min.css\">\n\n\n<ul class=\"pagination\">\n\t    \n\t\n\n<li >\n\t<a href='?page_no=13482'>Previous<\/a>\n\t<\/li>\n\n\n       \n    \n\n<li><a href='?page_no=1'>1<\/a><\/li>\n\n\n\n<li><a href='?page_no=2'>2<\/a><\/li>\n\n\n\n<li><a>...<\/a><\/li>\n\n\n\n<li><a href='?page_no=13481'>13481<\/a><\/li>\n\n\n\n<li><a href='?page_no=13482'>13482<\/a><\/li>\n\n\n\n<li class='active'><a>13483<\/a><\/li>\n\n\n\n<li><a href='?page_no=13484'>13484<\/a><\/li>\n\n\n\n<li><a href='?page_no=13485'>13485<\/a><\/li>\n\n\n\n<li><a>...<\/a><\/li>\n\n\n\n<li><a href='?page_no=56169'>56169<\/a><\/li>\n\n\n\n<li><a href='?page_no=56170'>56170<\/a><\/li>\n\n    \n\t\n\n<li >\n\t<a href='?page_no=13484'>Next<\/a>\n\t<\/li>\n\n\n    \n\n<li><a href='?page_no=56170'>Last &rsaquo;&rsaquo;<\/a><\/li>\n\n<\/ul>\n\n\n--><br \/>\n<\/body><\/p>\n","protected":false},"excerpt":{"rendered":"<p>Santo Domingo, R. D., 8 de marzo.- Con la oncena entrega del Premio Nacional Mujer de Progreso 2016, la vicepresidenta de la Rep\u00fablica, doctora Margarita Cede\u00f1o, reconoci\u00f3 este martes el esfuerzo de 15 mujeres pertenecientes al programa Progresando con Solidaridad (Prosoli) de diferentes localidades del pa\u00eds, quienes vencieron el c\u00edrculo de la pobreza, desigualdad, violencia [&hellip;]<\/p>\n","protected":false},"author":3,"featured_media":0,"comment_status":"open","ping_status":"open","sticky":false,"template":"","format":"standard","meta":{"footnotes":""},"categories":[20],"tags":[],"class_list":["post-219130","post","type-post","status-publish","format-standard","hentry","category-dominicana-hoy"],"_links":{"self":[{"href":"https:\/\/diariodominicano.com\/index.php?rest_route=\/wp\/v2\/posts\/219130","targetHints":{"allow":["GET"]}}],"collection":[{"href":"https:\/\/diariodominicano.com\/index.php?rest_route=\/wp\/v2\/posts"}],"about":[{"href":"https:\/\/diariodominicano.com\/index.php?rest_route=\/wp\/v2\/types\/post"}],"author":[{"embeddable":true,"href":"https:\/\/diariodominicano.com\/index.php?rest_route=\/wp\/v2\/users\/3"}],"replies":[{"embeddable":true,"href":"https:\/\/diariodominicano.com\/index.php?rest_route=%2Fwp%2Fv2%2Fcomments&post=219130"}],"version-history":[{"count":0,"href":"https:\/\/diariodominicano.com\/index.php?rest_route=\/wp\/v2\/posts\/219130\/revisions"}],"wp:attachment":[{"href":"https:\/\/diariodominicano.com\/index.php?rest_route=%2Fwp%2Fv2%2Fmedia&parent=219130"}],"wp:term":[{"taxonomy":"category","embeddable":true,"href":"https:\/\/diariodominicano.com\/index.php?rest_route=%2Fwp%2Fv2%2Fcategories&post=219130"},{"taxonomy":"post_tag","embeddable":true,"href":"https:\/\/diariodominicano.com\/index.php?rest_route=%2Fwp%2Fv2%2Ftags&post=219130"}],"curies":[{"name":"wp","href":"https:\/\/api.w.org\/{rel}","templated":true}]}}