{"id":219128,"date":"2016-03-09T16:47:50","date_gmt":"2016-03-09T16:47:50","guid":{"rendered":"http:\/\/diariodominicano.ddns.net\/?p=219128"},"modified":"2016-03-09T16:47:50","modified_gmt":"2016-03-09T16:47:50","slug":"en-agosto-gobierno-completara-la-construccion-de-18-mil-nuevas-aulas","status":"publish","type":"post","link":"https:\/\/diariodominicano.com\/?p=219128","title":{"rendered":"En agosto, gobierno completar\u00e1 la construcci\u00f3n de 18 mil nuevas aulas"},"content":{"rendered":"<p><body><\/p>\n<p><span class=\"text1noticias\">Santo Domingo, RD, 9 de Marzo.-El Ministro de Educaci\u00f3n, licenciado Carlos Amarante Baret, anunci\u00f3  que para el venidero mes de agosto, el Gobierno alcanzar\u00e1 la meta de construir 18 mil nuevas aulas. <\/span><\/p>\n<\/p>\n<p><span class=\"text1noticias\">Otras 5 mil correspondientes al cuarto sorteo estar\u00e1n listas el pr\u00f3ximo a\u00f1o, con lo que se terminar\u00e1 el programa de construcci\u00f3n de nuevos planteles escolares y se habr\u00e1 universalizado la Jornada Escolar Extendida.<\/span><\/p>\n<\/p>\n<p><span class=\"text1noticias\">El funcionario afirm\u00f3 que aunque son evidentes los cambios logrados en el sistema educativo dominicano en la gesti\u00f3n del presidente Danilo Medina, en la escuela a\u00fan persisten actitudes y h\u00e1bitos del viejo modelo.<\/span><\/p>\n<\/p>\n<p><span class=\"text1noticias\">Resalt\u00f3 que con la implementaci\u00f3n de la Jornada Escolar Extendida (JEE) y otras pol\u00edticas educativas que fueron producto del consenso del Plan Decenal de Educaci\u00f3n 2010-2018, y las metas presidenciales de este cuatrienio y la firma del Pacto Educativo se ha creado un ambiente muy fruct\u00edfero al interior de la escuela, que ha sido percibido por la sociedad dominicana.<\/span><\/p>\n<\/p>\n<p><span class=\"text1noticias\">Sostuvo que la JEE se est\u00e1 expandiendo y en la actualidad bajo esta modalidad hay cerca de 900 mil estudiantes, casi el 50% de la matricula estudiantil que debe estar en este sistema, que es 1.7 millones de estudiantes.<\/span><\/p>\n<\/p>\n<p><span class=\"text1noticias\">\u00abLo que ha facilitado que hayamos podido llegar a esta meta es que hemos estado avanzando en la construcci\u00f3n de las aulas, porque siempre dijimos que para ir a este nuevo modelo necesit\u00e1bamos una determinada cantidad de aulas\u00bb, precis\u00f3 Amarante Baret.<\/span><\/p>\n<\/p>\n<p><span class=\"text1noticias\">El Ministro de Educaci\u00f3n indic\u00f3 que en la gesti\u00f3n del presidente Medina, con la Revoluci\u00f3n Educativa se ha iniciado un camino sin retorno para mejorar la escuela dominicana, aunque aclar\u00f3 que no se trata de una vara m\u00e1gica, porque los sistemas educativos que hoy son iconos en el mundo, les tom\u00f3 entre 20 y 25 a\u00f1os para consolidarse.<\/span><\/p>\n<\/p>\n<p><span class=\"text1noticias\">\u00abFueron veinte o veinticinco a\u00f1os de trabajo continuo, de inversi\u00f3n, de nuevas pol\u00edticas, de mejoras, y sobre todo, de una visi\u00f3n estrat\u00e9gica de los gobernantes y de la sociedad civil que participa en todo lo relacionado a la escuela\u00bb, enfatiz\u00f3.<\/span><\/p>\n<\/p>\n<p><strong><span class=\"text1noticias\">Tecnolog\u00eda en las escuelas<\/span><\/strong><\/p>\n<\/p>\n<p><span class=\"text1noticias\">Amarante Baret resalt\u00f3 que en el proceso de construcci\u00f3n de nuevas escuelas, los planteles se est\u00e1n equipando con nuevas tecnolog\u00edas y que ya el Ministerio de Educaci\u00f3n (MINERD) cuenta con los laboratorios de Inform\u00e1tica y rincones tecnol\u00f3gicos que se instalar\u00e1n en los nuevos centros educativos que entrar\u00e1n en funcionamiento hasta el mes de agosto.<\/span><\/p>\n<\/p>\n<p><span class=\"text1noticias\">\u00abLa tecnolog\u00eda no es la panacea para la calidad de la educaci\u00f3n, sin embargo, ella correctamente implementada, puede ser una herramienta de gran utilidad para el maestro y el estudiante en la escuela\u00bb.<\/span><\/p>\n<\/p>\n<p><span class=\"text1noticias\">Expres\u00f3 que en la actualidad se trabaja en lo que debe ser, desde el punto de vista del MINERD, el programa Republica Digital que ha anunciado el presidente Danilo Medina, al tiempo que refiri\u00f3 que \u00abestamos montando el proyecto, y es evidente que dentro de ese proyecto est\u00e1n los costos y los plazos en que se ir\u00e1 implementando\u00bb.<\/span><\/p>\n<\/p>\n<p><span class=\"text1noticias\">Record\u00f3 que la idea planteada por el mandatario es que el proyecto arranque en el a\u00f1o escolar 2017-2018, el cual se ir\u00e1 expandiendo gradualmente y atendiendo a los resultados de su implementaci\u00f3n en el primer a\u00f1o. Amarante Baret emiti\u00f3 sus consideraciones al ser entrevistado en el programa Matinal 5, en Telemicro, Canal 5<\/span>.<\/p>\n<\/p>\n<h6> 2016-03-09 16:47:50 <\/h6>\n<p><!--\n<link rel=\"stylesheet\" href=\"css\/bootstrap.min.css\">\n\n\n<ul class=\"pagination\">\n\t    \n\t\n\n<li >\n\t<a href='?page_no=13480'>Previous<\/a>\n\t<\/li>\n\n\n       \n    \n\n<li><a href='?page_no=1'>1<\/a><\/li>\n\n\n\n<li><a href='?page_no=2'>2<\/a><\/li>\n\n\n\n<li><a>...<\/a><\/li>\n\n\n\n<li><a href='?page_no=13479'>13479<\/a><\/li>\n\n\n\n<li><a href='?page_no=13480'>13480<\/a><\/li>\n\n\n\n<li class='active'><a>13481<\/a><\/li>\n\n\n\n<li><a href='?page_no=13482'>13482<\/a><\/li>\n\n\n\n<li><a href='?page_no=13483'>13483<\/a><\/li>\n\n\n\n<li><a>...<\/a><\/li>\n\n\n\n<li><a href='?page_no=56169'>56169<\/a><\/li>\n\n\n\n<li><a href='?page_no=56170'>56170<\/a><\/li>\n\n    \n\t\n\n<li >\n\t<a href='?page_no=13482'>Next<\/a>\n\t<\/li>\n\n\n    \n\n<li><a href='?page_no=56170'>Last &rsaquo;&rsaquo;<\/a><\/li>\n\n<\/ul>\n\n\n--><br \/>\n<\/body><\/p>\n","protected":false},"excerpt":{"rendered":"<p>Santo Domingo, RD, 9 de Marzo.-El Ministro de Educaci\u00f3n, licenciado Carlos Amarante Baret, anunci\u00f3 que para el venidero mes de agosto, el Gobierno alcanzar\u00e1 la meta de construir 18 mil nuevas aulas. Otras 5 mil correspondientes al cuarto sorteo estar\u00e1n listas el pr\u00f3ximo a\u00f1o, con lo que se terminar\u00e1 el programa de construcci\u00f3n de nuevos [&hellip;]<\/p>\n","protected":false},"author":3,"featured_media":0,"comment_status":"open","ping_status":"open","sticky":false,"template":"","format":"standard","meta":{"footnotes":""},"categories":[20],"tags":[],"class_list":["post-219128","post","type-post","status-publish","format-standard","hentry","category-dominicana-hoy"],"_links":{"self":[{"href":"https:\/\/diariodominicano.com\/index.php?rest_route=\/wp\/v2\/posts\/219128","targetHints":{"allow":["GET"]}}],"collection":[{"href":"https:\/\/diariodominicano.com\/index.php?rest_route=\/wp\/v2\/posts"}],"about":[{"href":"https:\/\/diariodominicano.com\/index.php?rest_route=\/wp\/v2\/types\/post"}],"author":[{"embeddable":true,"href":"https:\/\/diariodominicano.com\/index.php?rest_route=\/wp\/v2\/users\/3"}],"replies":[{"embeddable":true,"href":"https:\/\/diariodominicano.com\/index.php?rest_route=%2Fwp%2Fv2%2Fcomments&post=219128"}],"version-history":[{"count":0,"href":"https:\/\/diariodominicano.com\/index.php?rest_route=\/wp\/v2\/posts\/219128\/revisions"}],"wp:attachment":[{"href":"https:\/\/diariodominicano.com\/index.php?rest_route=%2Fwp%2Fv2%2Fmedia&parent=219128"}],"wp:term":[{"taxonomy":"category","embeddable":true,"href":"https:\/\/diariodominicano.com\/index.php?rest_route=%2Fwp%2Fv2%2Fcategories&post=219128"},{"taxonomy":"post_tag","embeddable":true,"href":"https:\/\/diariodominicano.com\/index.php?rest_route=%2Fwp%2Fv2%2Ftags&post=219128"}],"curies":[{"name":"wp","href":"https:\/\/api.w.org\/{rel}","templated":true}]}}