{"id":219127,"date":"2016-03-09T16:51:08","date_gmt":"2016-03-09T16:51:08","guid":{"rendered":"http:\/\/diariodominicano.ddns.net\/?p=219127"},"modified":"2016-03-09T16:51:08","modified_gmt":"2016-03-09T16:51:08","slug":"canciller-navarro-afirma-que-la-nueva-politica-exterior-es-inclusiva-y-busca-superar-la-tradicional","status":"publish","type":"post","link":"https:\/\/diariodominicano.com\/?p=219127","title":{"rendered":"Canciller Navarro afirma que la nueva pol\u00edtica exterior es inclusiva y busca superar la tradicional"},"content":{"rendered":"<p><body><\/p>\n<p><img decoding=\"async\" src=\"img3\/NAVARROPUCAMAIMA.jpg\" \/>  <\/p>\n<p><span class=\"text1noticias\">Santo Domingo, RD, 9 de Marzo.- El ministro de Relaciones Exteriores, arquitecto Andr\u00e9s Navarro, asegur\u00f3 que la diplomacia moderna no puede ser concebida como una actuaci\u00f3n monop\u00f3lica del Estado, sino que debe ser entendida como el ejercicio internacional de todos los sectores del pa\u00eds, en plena sinton\u00eda con la Estrategia Nacional de Desarrollo.<\/span><\/p>\n<\/p>\n<p><span class=\"text1noticias\">Garantiz\u00f3 que sobre esa premisa fue formulada y se ejecuta la Nueva Pol\u00edtica Exterior puesta en marcha por el presidente Danilo Medina, con el prop\u00f3sito de reposicionar a la Rep\u00fablica Dominicana en t\u00e9rminos de imagen, desarrollo econ\u00f3mico y social, acorde a los objetivos de la Agenda Nacional de Desarrollo y las Metas Presidenciales.<\/span><\/p>\n<\/p>\n<p><span class=\"text1noticias\">Al dictar la conferencia magistral \u00abLa Diplomacia Multilateral y su importancia dentro de la Nueva Pol\u00edtica Exterior\u00bb ante estudiantes de la carrera de Derecho Internacional de la Pontificia Universidad Cat\u00f3lica Madre y Maestra (PUCMM), Navarro destac\u00f3 que la diplomacia debe ser cada d\u00eda m\u00e1s transparente e inclusiva.<\/span><\/p>\n<\/p>\n<p><span class=\"text1noticias\">\u00abPara nosotros, dentro de todas las iniciativas que hemos emprendido en la Canciller\u00eda, la m\u00e1s importante ha sido el paso a una diplomacia m\u00e1s trasparente y m\u00e1s abierta; a una diplomacia m\u00e1s inclusiva, procurando mayor apertura de la diplomacia dominicana, promocionando y facilitando el di\u00e1logo y la participaci\u00f3n de sujetos no tradicionales p\u00fablicos y privados, en el quehacer de la pol\u00edtica exterior\u00bb, sostuvo.<\/span><\/p>\n<\/p>\n<p><span class=\"text1noticias\">El canciller explic\u00f3 que esta nueva visi\u00f3n est\u00e1 logrando un acercamiento progresivo con nuestra di\u00e1spora en procura de garantizar la atenci\u00f3n y protecci\u00f3n del Estado a los dominicanos que viven en el exterior.<\/span><\/p>\n<\/p>\n<p><span class=\"text1noticias\">Sostuvo que la transformaci\u00f3n de la diplomacia dominicana tambi\u00e9n ha sido sustentada en una actuaci\u00f3n exterior orientada por una pol\u00edtica y un plan institucional, confiriendo mayor direccionalidad y efectividad al pa\u00eds en el contexto internacional.<\/span><\/p>\n<\/p>\n<p><span class=\"text1noticias\">Asimismo, la articulaci\u00f3n estrecha del Ministerio con la Estrategia Nacional de Desarrollo y las Metas Presidenciales, garantizando que la actuaci\u00f3n en el exterior se corresponda con los intereses de nuestro pa\u00eds.<\/span><\/p>\n<\/p>\n<p><span class=\"text1noticias\">Asegur\u00f3 que para que las transformaciones sean sostenidas y definitivas se requiere una profunda reforma y modernizaci\u00f3n y por esta raz\u00f3n actualmente se encuentra en proceso la m\u00e1s ambiciosa trasformaci\u00f3n organizacional del Ministerio de Relaciones Exteriores jam\u00e1s vista en una instituci\u00f3n p\u00fablica dominicana.<\/span><\/p>\n<p><span class=\"text1noticias\"><strong>Transformaci\u00f3n institucional<\/strong><\/span><\/p>\n<\/p>\n<p><span class=\"text1noticias\">Navarro sostuvo que el Plan Estrat\u00e9gico del Ministerio de Relaciones Exteriores conlleva el alcance de objetivos y metas muy concretas.<\/span><\/p>\n<\/p>\n<p><span class=\"text1noticias\">\u00abLa mudanza de la que estamos siendo objeto representa el paso de prehistoria a la historia del Ministerio de Relaciones Exteriores, orientado por la voluntad y mandato de nuestro presidente Danilo Medina inspirado en las necesidades y experiencias de la sociedad dominicana. M\u00e1s temprano que tarde el pa\u00eds contar\u00e1 con una Canciller\u00eda realmente competitiva y eficaz, y ya hemos iniciado el proceso.\u00bb<\/span><\/p>\n<\/p>\n<p><span class=\"text1noticias\">Expuso que en ese objetivo de cambio, se ha comenzado a establecer un sistema de Planificaci\u00f3n, Monitoreo y Evaluaci\u00f3n de la actuaci\u00f3n institucional con el apoyo del Ministerio de Econom\u00eda, Planificaci\u00f3n y Desarrollo. Asimismo, se ha trabajado la organizaci\u00f3n del sistema financiero y administrativo con el apoyo del Ministerio de Hacienda, la Contralor\u00eda General de la Rep\u00fablica, la Direcci\u00f3n General de Presupuesto, la Tesorer\u00eda Nacional, la Direcci\u00f3n General de Comparas y Contrataciones P\u00fablicas, y de la C\u00e1mara de Cuentas.<\/span><\/p>\n<\/p>\n<p><span class=\"text1noticias\">\u00abHemos puesto mucho empe\u00f1o en que esta transformaci\u00f3n institucional vaya plenamente acorde con el andamiaje jur\u00eddico, en materia de administraci\u00f3n p\u00fablica\u00bb, puntualiz\u00f3.<\/span><\/p>\n<p><span class=\"text1noticias\"><strong>Avance en el multilateralismo<\/strong><\/span><\/p>\n<\/p>\n<p><span class=\"text1noticias\">El ministro de Relaciones Exteriores tambi\u00e9n expuso que en el \u00e1mbito de los mecanismos multilaterales regionales y globales, se est\u00e1 elevando la presencia dominicana en el contexto internacional con responsabilidad creciente del servicio exterior en la consecuci\u00f3n de metas sectoriales en nuestro pa\u00eds como la promoci\u00f3n del comercio y la inversi\u00f3n, la promoci\u00f3n de la imagen nacional y otros \u00e1mbitos del desarrollo.<\/span><\/p>\n<\/p>\n<p><span class=\"text1noticias\">Al encuentro asistieron La vicerrectora administrativa, Raquel Pe\u00f1a, el director de departamento de Ciencias Jur\u00eddicas, Julio Miguel Casta\u00f1os, el decano de los Estudiantes, Frank De La Cruz, Alejandra Valerio, coordinadora de investigaci\u00f3n y Yuri Rodr\u00edguez, presidente de la Asociaci\u00f3n de Estudiantes de Derecho Internacional de la Pontificia Universidad Cat\u00f3lica Madre y Maestra (PUCMM)<\/span>.<\/p>\n<h6> 2016-03-09 16:51:08 <\/h6>\n<p><!--\n<link rel=\"stylesheet\" href=\"css\/bootstrap.min.css\">\n\n\n<ul class=\"pagination\">\n\t    \n\t\n\n<li >\n\t<a href='?page_no=13479'>Previous<\/a>\n\t<\/li>\n\n\n       \n    \n\n<li><a href='?page_no=1'>1<\/a><\/li>\n\n\n\n<li><a href='?page_no=2'>2<\/a><\/li>\n\n\n\n<li><a>...<\/a><\/li>\n\n\n\n<li><a href='?page_no=13478'>13478<\/a><\/li>\n\n\n\n<li><a href='?page_no=13479'>13479<\/a><\/li>\n\n\n\n<li class='active'><a>13480<\/a><\/li>\n\n\n\n<li><a href='?page_no=13481'>13481<\/a><\/li>\n\n\n\n<li><a href='?page_no=13482'>13482<\/a><\/li>\n\n\n\n<li><a>...<\/a><\/li>\n\n\n\n<li><a href='?page_no=56169'>56169<\/a><\/li>\n\n\n\n<li><a href='?page_no=56170'>56170<\/a><\/li>\n\n    \n\t\n\n<li >\n\t<a href='?page_no=13481'>Next<\/a>\n\t<\/li>\n\n\n    \n\n<li><a href='?page_no=56170'>Last &rsaquo;&rsaquo;<\/a><\/li>\n\n<\/ul>\n\n\n--><br \/>\n<\/body><\/p>\n","protected":false},"excerpt":{"rendered":"<p>Santo Domingo, RD, 9 de Marzo.- El ministro de Relaciones Exteriores, arquitecto Andr\u00e9s Navarro, asegur\u00f3 que la diplomacia moderna no puede ser concebida como una actuaci\u00f3n monop\u00f3lica del Estado, sino que debe ser entendida como el ejercicio internacional de todos los sectores del pa\u00eds, en plena sinton\u00eda con la Estrategia Nacional de Desarrollo. Garantiz\u00f3 que [&hellip;]<\/p>\n","protected":false},"author":3,"featured_media":0,"comment_status":"open","ping_status":"open","sticky":false,"template":"","format":"standard","meta":{"footnotes":""},"categories":[20],"tags":[],"class_list":["post-219127","post","type-post","status-publish","format-standard","hentry","category-dominicana-hoy"],"_links":{"self":[{"href":"https:\/\/diariodominicano.com\/index.php?rest_route=\/wp\/v2\/posts\/219127","targetHints":{"allow":["GET"]}}],"collection":[{"href":"https:\/\/diariodominicano.com\/index.php?rest_route=\/wp\/v2\/posts"}],"about":[{"href":"https:\/\/diariodominicano.com\/index.php?rest_route=\/wp\/v2\/types\/post"}],"author":[{"embeddable":true,"href":"https:\/\/diariodominicano.com\/index.php?rest_route=\/wp\/v2\/users\/3"}],"replies":[{"embeddable":true,"href":"https:\/\/diariodominicano.com\/index.php?rest_route=%2Fwp%2Fv2%2Fcomments&post=219127"}],"version-history":[{"count":0,"href":"https:\/\/diariodominicano.com\/index.php?rest_route=\/wp\/v2\/posts\/219127\/revisions"}],"wp:attachment":[{"href":"https:\/\/diariodominicano.com\/index.php?rest_route=%2Fwp%2Fv2%2Fmedia&parent=219127"}],"wp:term":[{"taxonomy":"category","embeddable":true,"href":"https:\/\/diariodominicano.com\/index.php?rest_route=%2Fwp%2Fv2%2Fcategories&post=219127"},{"taxonomy":"post_tag","embeddable":true,"href":"https:\/\/diariodominicano.com\/index.php?rest_route=%2Fwp%2Fv2%2Ftags&post=219127"}],"curies":[{"name":"wp","href":"https:\/\/api.w.org\/{rel}","templated":true}]}}