{"id":219121,"date":"2016-03-10T14:58:57","date_gmt":"2016-03-10T14:58:57","guid":{"rendered":"http:\/\/diariodominicano.ddns.net\/?p=219121"},"modified":"2016-03-10T14:58:57","modified_gmt":"2016-03-10T14:58:57","slug":"uasd-propone-pacto-nacional-por-la-vida-y-dignidad-de-la-mujer","status":"publish","type":"post","link":"https:\/\/diariodominicano.com\/?p=219121","title":{"rendered":"UASD propone pacto nacional por la vida y dignidad de la mujer"},"content":{"rendered":"<p><body><\/p>\n<p><img decoding=\"async\" src=\"img3\/mujerdigna.jpg\" \/>  <\/p>\n<p><span class=\"text1noticias\">Santo Domingo, RD, 10 de marzo.-El decano de la Facultad de Ciencias de la Salud (FCS) de la Universidad Aut\u00f3noma de Santo Domingo (UASD), doctor Wilson Mej\u00eda, propuso la concertaci\u00f3n de un pacto nacionalque mejore las condiciones de vida de la mujer dominicana, que erradique tanto la violencia machista como la discriminaci\u00f3n laboralexistente en el pa\u00edsypromueva la universalizaci\u00f3n de los cuidados de salud en igualdad de condiciones.<\/span><\/p>\n<\/p>\n<p><span class=\"text1noticias\">El galeno y funcionario uasdiano present\u00f3 su propuesta en el marco de la celebraci\u00f3n del IV Foro Nacional de Salud que bajo el t\u00edtulo \u00abMujer, Salud y Derechos\u00bb, organizaron la FCS y el Instituto de Investigaci\u00f3n y Estudios de G\u00e9nero y Familia de la Primada de Am\u00e9rica, en el paraninfo de la Facultad de Ciencias Econ\u00f3micas y Sociales. <\/span><\/p>\n<\/p>\n<p><span class=\"text1noticias\">\u00abPrecisamente ahora que el pa\u00eds est\u00e1 en pol\u00edtica y en campa\u00f1a electoral, lleg\u00f3 la hora de firmar un pacto que permita promover la participaci\u00f3n de las mujeres en condiciones de igualdad con los hombres, para el logro de los objetivos de desarrollo sostenible, la paz, la seguridad social y el pleno respeto de los derechos humanos\u00bb, sostuvo. <\/span><\/p>\n<\/p>\n<p><span class=\"text1noticias\">Al dirigirse al p\u00fablico, el doctor Mej\u00edahizo referencia a la agresi\u00f3n y violaci\u00f3n permanente que existe en el pa\u00eds contra las ni\u00f1as, hecho que se evidencia a trav\u00e9s de la tasa de embarazos en adolescentes, la cual alcanza el 22%.<\/span><\/p>\n<\/p>\n<p><span class=\"text1noticias\">Tambi\u00e9n se refiri\u00f3 a otrosindicadores, como la tasa de mortalidad materna, la de desempleo y la brecha que existe en cuanto al  trabajo remunerado y al hecho de que a los hombres se les pague m\u00e1s que a las mujeres, por igual labor realizada. <\/span><\/p>\n<\/p>\n<p><span class=\"text1noticias\">\u00abEn el pa\u00eds cada  dos d\u00edas ocurre un feminicidio y s\u00f3lo eso justifica la celebraci\u00f3n de un pacto con su debidos programas, estrategias y planes\u00bb, sostuvo el decano. <\/span><\/p>\n<\/p>\n<p><span class=\"text1noticias\">En el Foro particip\u00f3 la licenciada Marilyn P\u00e9rez, en representaci\u00f3n del Ministerio de la Mujer, con la ponencia: Violencia de G\u00e9nero en la Rep\u00fablica Dominicana, Avances, Retos y Desaf\u00edos.   <\/span><\/p>\n<\/p>\n<p><span class=\"text1noticias\">Otras participaciones destacadas del evento fueron la de Altagracia Balc\u00e1cer, con la ponenciaObjetivos de Desarrollo Sostenible e Igualdad de G\u00e9nero\u00bb, y de la maestra Maritza Mart\u00ednez, quien se refiri\u00f3 a la situaci\u00f3n de salud de la mujer dominicana. <\/span><\/p>\n<\/p>\n<p><span class=\"text1noticias\">En la actividad estuvieron presentes adem\u00e1s, el vicerrector de Extensi\u00f3n, maestro Rafael Nino F\u00e8liz; los decanos, de las facultades de Humanidades, maestro Ram\u00f3n Rodr\u00edguez, de Ciencias Econ\u00f3micas y Sociales, doctor Ram\u00f3n Desangles Flores; de Ciencias Jur\u00eddicas y Pol\u00edticas, doctor Antonio Medina; de Ciencia, maestro Alejandro Ozuna; la Directora del  Instituto de Investigaci\u00f3n y Estudios de G\u00e9nero y Familia, maestra virtudes de la Rosa;, as\u00ed como directores de escuela, departamentales, profesores  y estudiantes<\/span>.<\/p>\n<h6> 2016-03-10 14:58:57 <\/h6>\n<p><!--\n<link rel=\"stylesheet\" href=\"css\/bootstrap.min.css\">\n\n\n<ul class=\"pagination\">\n\t    \n\t\n\n<li >\n\t<a href='?page_no=13474'>Previous<\/a>\n\t<\/li>\n\n\n       \n    \n\n<li><a href='?page_no=1'>1<\/a><\/li>\n\n\n\n<li><a href='?page_no=2'>2<\/a><\/li>\n\n\n\n<li><a>...<\/a><\/li>\n\n\n\n<li><a href='?page_no=13473'>13473<\/a><\/li>\n\n\n\n<li><a href='?page_no=13474'>13474<\/a><\/li>\n\n\n\n<li class='active'><a>13475<\/a><\/li>\n\n\n\n<li><a href='?page_no=13476'>13476<\/a><\/li>\n\n\n\n<li><a href='?page_no=13477'>13477<\/a><\/li>\n\n\n\n<li><a>...<\/a><\/li>\n\n\n\n<li><a href='?page_no=56169'>56169<\/a><\/li>\n\n\n\n<li><a href='?page_no=56170'>56170<\/a><\/li>\n\n    \n\t\n\n<li >\n\t<a href='?page_no=13476'>Next<\/a>\n\t<\/li>\n\n\n    \n\n<li><a href='?page_no=56170'>Last &rsaquo;&rsaquo;<\/a><\/li>\n\n<\/ul>\n\n\n--><br \/>\n<\/body><\/p>\n","protected":false},"excerpt":{"rendered":"<p>Santo Domingo, RD, 10 de marzo.-El decano de la Facultad de Ciencias de la Salud (FCS) de la Universidad Aut\u00f3noma de Santo Domingo (UASD), doctor Wilson Mej\u00eda, propuso la concertaci\u00f3n de un pacto nacionalque mejore las condiciones de vida de la mujer dominicana, que erradique tanto la violencia machista como la discriminaci\u00f3n laboralexistente en el [&hellip;]<\/p>\n","protected":false},"author":3,"featured_media":0,"comment_status":"open","ping_status":"open","sticky":false,"template":"","format":"standard","meta":{"footnotes":""},"categories":[20],"tags":[],"class_list":["post-219121","post","type-post","status-publish","format-standard","hentry","category-dominicana-hoy"],"_links":{"self":[{"href":"https:\/\/diariodominicano.com\/index.php?rest_route=\/wp\/v2\/posts\/219121","targetHints":{"allow":["GET"]}}],"collection":[{"href":"https:\/\/diariodominicano.com\/index.php?rest_route=\/wp\/v2\/posts"}],"about":[{"href":"https:\/\/diariodominicano.com\/index.php?rest_route=\/wp\/v2\/types\/post"}],"author":[{"embeddable":true,"href":"https:\/\/diariodominicano.com\/index.php?rest_route=\/wp\/v2\/users\/3"}],"replies":[{"embeddable":true,"href":"https:\/\/diariodominicano.com\/index.php?rest_route=%2Fwp%2Fv2%2Fcomments&post=219121"}],"version-history":[{"count":0,"href":"https:\/\/diariodominicano.com\/index.php?rest_route=\/wp\/v2\/posts\/219121\/revisions"}],"wp:attachment":[{"href":"https:\/\/diariodominicano.com\/index.php?rest_route=%2Fwp%2Fv2%2Fmedia&parent=219121"}],"wp:term":[{"taxonomy":"category","embeddable":true,"href":"https:\/\/diariodominicano.com\/index.php?rest_route=%2Fwp%2Fv2%2Fcategories&post=219121"},{"taxonomy":"post_tag","embeddable":true,"href":"https:\/\/diariodominicano.com\/index.php?rest_route=%2Fwp%2Fv2%2Ftags&post=219121"}],"curies":[{"name":"wp","href":"https:\/\/api.w.org\/{rel}","templated":true}]}}