{"id":219119,"date":"2016-03-10T17:48:39","date_gmt":"2016-03-10T17:48:39","guid":{"rendered":"http:\/\/diariodominicano.ddns.net\/?p=219119"},"modified":"2016-03-10T17:48:39","modified_gmt":"2016-03-10T17:48:39","slug":"hospital-padre-billini-es-tomado-como-punto-de-referencia","status":"publish","type":"post","link":"https:\/\/diariodominicano.com\/?p=219119","title":{"rendered":"Hospital Padre Billini es tomado como punto de referencia &#13;"},"content":{"rendered":"<p><body><\/p>\n<p><img decoding=\"async\" src=\"img3\/OPSzika.jpg\" \/>  <\/p>\n<p><span class=\"text1noticias\">Santo Domingo, RD, 10 de Marzo.-Representantes de la Organizaci\u00f3n Panamericana de la Salud\/Organizaci\u00f3n Mundial de la Salud, visitaron este mi\u00e9rcoles el Hospital Docente Padre Billini para hacer un levantamiento del manejo que se da en el centro de salud a los pacientes febriles.<\/span><\/p>\n<\/p>\n<p><span class=\"text1noticias\">El consultor internacional de la entidad, Alexander Rosewell y la consultora nacional de prevenci\u00f3n y control de enfermedades epidemiol\u00f3gicas de la OPS\/OMS en el pa\u00eds, Mar\u00eda Alejandra Lora Cabral, se reunieron  con la directora del centro de salud, doctora Ysabel Menual, representantes del \u00c1rea Quinta de Salud y la Direcci\u00f3n Nacional de Epidemiolog\u00eda.<\/span><\/p>\n<\/p>\n<p><span class=\"text1noticias\">Durante el encuentro, los representantes del organismo internacional recibieron informaciones y cifras de los casos sospechosos de Zika, presentados en el hospital y que representan el 17% del total de casos reportados por el M.S.P.<\/span><\/p>\n<\/p>\n<p><span class=\"text1noticias\">De igual forma, Rosewell y Lora Cabral se interesaron por saber el seguimiento que se da las personas que son detectadas como sospechosas de Zika.<\/span><\/p>\n<\/p>\n<p><span class=\"text1noticias\">Alexander Rosewell  que lleg\u00f3 al pa\u00eds desde Hait\u00ed, luego de recorrer varias islas de la regi\u00f3n explic\u00f3 que tomaron el Hospital Docente Padre Billini como punto de partida para el inicio de su trabajo, porque el centro lleva una vigilancia estricta y ofrece una notificaci\u00f3n oportuna de los casos febriles que se presentan.<\/span><\/p>\n<\/p>\n<p><span class=\"text1noticias\">Luego de recibir en cifras los datos que ha manejado el hospital, la doctora Ysabel Menual recorri\u00f3 junto a los visitantes las diferentes a\u00e9reas del centro de salud, donde se reciben a los pacientes febriles, entre ellas la emergencia, y la unidad de aislamiento para estos casos.<\/span><\/p>\n<\/p>\n<p><span class=\"text1noticias\">Durante el recorrido, Mar\u00eda Alejandra Lora Cabral, enfatiz\u00f3 en la importancia del uso de mosquiteros, tal y como observ\u00f3 en el Hospital Docente Padre Billini.<\/span><\/p>\n<\/p>\n<p><span class=\"text1noticias\">\u00abDe ante manos quiero felicitarles, ustedes est\u00e1n haciendo un trabajo muy bien hecho, serio y formal\u00bb, dijo Lora Cabral a las autoridades del hospital.<\/span><\/p>\n<\/p>\n<p><span class=\"text1noticias\">Explic\u00f3  que la visita al centro forma parte de Una misi\u00f3n de apoyo en torno a las enfermedades febriles y eruptivas.<\/span><\/p>\n<\/p>\n<p><span class=\"text1noticias\">Durante la visita de los representantes de la OPS\/OMS, estuvieron presentes Delia Castillo, de la Direcci\u00f3n General de Epidemiologia, la Doctora Milagros Mart\u00ednez en representaci\u00f3n del \u00c1rea V, y los epidemi\u00f3logos del Hospital Docente Padre Billini, doctores Olivo Mej\u00eda y Mar\u00eda Elena Mercedes<\/span>.  <\/p>\n<\/p>\n<h6> 2016-03-10 17:48:39 <\/h6>\n<p><!--\n<link rel=\"stylesheet\" href=\"css\/bootstrap.min.css\">\n\n\n<ul class=\"pagination\">\n\t    \n\t\n\n<li >\n\t<a href='?page_no=13472'>Previous<\/a>\n\t<\/li>\n\n\n       \n    \n\n<li><a href='?page_no=1'>1<\/a><\/li>\n\n\n\n<li><a href='?page_no=2'>2<\/a><\/li>\n\n\n\n<li><a>...<\/a><\/li>\n\n\n\n<li><a href='?page_no=13471'>13471<\/a><\/li>\n\n\n\n<li><a href='?page_no=13472'>13472<\/a><\/li>\n\n\n\n<li class='active'><a>13473<\/a><\/li>\n\n\n\n<li><a href='?page_no=13474'>13474<\/a><\/li>\n\n\n\n<li><a href='?page_no=13475'>13475<\/a><\/li>\n\n\n\n<li><a>...<\/a><\/li>\n\n\n\n<li><a href='?page_no=56169'>56169<\/a><\/li>\n\n\n\n<li><a href='?page_no=56170'>56170<\/a><\/li>\n\n    \n\t\n\n<li >\n\t<a href='?page_no=13474'>Next<\/a>\n\t<\/li>\n\n\n    \n\n<li><a href='?page_no=56170'>Last &rsaquo;&rsaquo;<\/a><\/li>\n\n<\/ul>\n\n\n--><br \/>\n<\/body><\/p>\n","protected":false},"excerpt":{"rendered":"<p>Santo Domingo, RD, 10 de Marzo.-Representantes de la Organizaci\u00f3n Panamericana de la Salud\/Organizaci\u00f3n Mundial de la Salud, visitaron este mi\u00e9rcoles el Hospital Docente Padre Billini para hacer un levantamiento del manejo que se da en el centro de salud a los pacientes febriles. El consultor internacional de la entidad, Alexander Rosewell y la consultora nacional [&hellip;]<\/p>\n","protected":false},"author":3,"featured_media":0,"comment_status":"open","ping_status":"open","sticky":false,"template":"","format":"standard","meta":{"footnotes":""},"categories":[20],"tags":[],"class_list":["post-219119","post","type-post","status-publish","format-standard","hentry","category-dominicana-hoy"],"_links":{"self":[{"href":"https:\/\/diariodominicano.com\/index.php?rest_route=\/wp\/v2\/posts\/219119","targetHints":{"allow":["GET"]}}],"collection":[{"href":"https:\/\/diariodominicano.com\/index.php?rest_route=\/wp\/v2\/posts"}],"about":[{"href":"https:\/\/diariodominicano.com\/index.php?rest_route=\/wp\/v2\/types\/post"}],"author":[{"embeddable":true,"href":"https:\/\/diariodominicano.com\/index.php?rest_route=\/wp\/v2\/users\/3"}],"replies":[{"embeddable":true,"href":"https:\/\/diariodominicano.com\/index.php?rest_route=%2Fwp%2Fv2%2Fcomments&post=219119"}],"version-history":[{"count":0,"href":"https:\/\/diariodominicano.com\/index.php?rest_route=\/wp\/v2\/posts\/219119\/revisions"}],"wp:attachment":[{"href":"https:\/\/diariodominicano.com\/index.php?rest_route=%2Fwp%2Fv2%2Fmedia&parent=219119"}],"wp:term":[{"taxonomy":"category","embeddable":true,"href":"https:\/\/diariodominicano.com\/index.php?rest_route=%2Fwp%2Fv2%2Fcategories&post=219119"},{"taxonomy":"post_tag","embeddable":true,"href":"https:\/\/diariodominicano.com\/index.php?rest_route=%2Fwp%2Fv2%2Ftags&post=219119"}],"curies":[{"name":"wp","href":"https:\/\/api.w.org\/{rel}","templated":true}]}}