{"id":219118,"date":"2016-03-10T22:15:00","date_gmt":"2016-03-10T22:15:00","guid":{"rendered":"http:\/\/diariodominicano.ddns.net\/?p=219118"},"modified":"2016-03-10T22:15:00","modified_gmt":"2016-03-10T22:15:00","slug":"gobierno-escucha-propuestas-de-las-pymes-para-su-desarrollo-2","status":"publish","type":"post","link":"https:\/\/diariodominicano.com\/?p=219118","title":{"rendered":"Gobierno escucha propuestas de las PYMES para su desarrollo"},"content":{"rendered":"<p><body><\/p>\n<p><img decoding=\"async\" src=\"img3\/desarrollo.jpg\" \/>  <\/p>\n<p><span class=\"text1noticias\">Santo Domingo, R. D., 11 de marzo (DICOM).- El ministro de la Presidencia, Gustavo Montalvo, encabez\u00f3 hoy la segunda reuni\u00f3n de la Iniciativa para el Apoyo y Promoci\u00f3n de las MIPYMES, que a\u00fana tanto a empresas como a instituciones p\u00fablicas.<\/span><\/p>\n<p><span class=\"text1noticias\"> <\/span><\/p>\n<p><span class=\"text1noticias\">Durante la reuni\u00f3n, los gremios de PYMES presentaron y expusieron sus sugerencias de acciones y pol\u00edticas para el apoyo a este sector, que inclu\u00edan recomendaciones en materia tributaria, financiera, legal, de compras p\u00fablicas, entre otros aspectos.     <\/span><\/p>\n<p><span class=\"text1noticias\"> <\/span><\/p>\n<p><span class=\"text1noticias\">Gobierno comprometido con las PYMES                                                                                                                                                             \u00abEl Gobierno est\u00e1 comprometido a seguir apoyando al sector de las PYMES como motor de la econom\u00eda dominicana, raz\u00f3n por la cual estamos haciendo esta alianza estrat\u00e9gica con las asociaciones de PYMES para que juntos podamos dise\u00f1ar pol\u00edticas p\u00fablicas de apoyo al sector\u00bb, comunic\u00f3 el ministro Montalvo durante la reuni\u00f3n.<\/span><\/p>\n<p><span class=\"text1noticias\"> <\/span><\/p>\n<p><span class=\"text1noticias\">En un marco m\u00e1s amplio, el Montalvo expres\u00f3 el compromiso del Gobierno dominicano de continuar haciendo alianzas con los distintos sectores de la sociedad, como el sector privado, las organizaciones sociales y las universidades, para la construcci\u00f3n de un modelo de gobierno de consenso y unidad nacional.<\/span><\/p>\n<p><span class=\"text1noticias\"> <\/span><\/p>\n<p><span class=\"text1noticias\">Promover la formalizaci\u00f3n, competitividad y productividad<\/span><\/p>\n<p><span class=\"text1noticias\"> <\/span><\/p>\n<p><span class=\"text1noticias\">\u00abEstamos conscientes de que a\u00fan queda mucho por hacer desde el Gobierno para impulsar las MIPYMES, obst\u00e1culos por superar, por lo que esta iniciativa p\u00fablico-privada debe convertirse en el espacio donde ambos sectores trabajen de la mano en promover la formalizaci\u00f3n, competitividad y productividad de ese sector.<\/span><\/p>\n<p><span class=\"text1noticias\"> <\/span><\/p>\n<p><span class=\"text1noticias\">Las propuestas y acciones presentadas ser\u00e1n conocidas por las instituciones del Gobierno en un periodo de tres semanas, con la finalidad de sostener una tercera reuni\u00f3n el jueves 31 de marzo, donde se propicie una agenda de trabajo que permita dar respuesta, en la medida de lo posible, a esas sugerencias y propuestas presentadas por el sector privado.<\/span><\/p>\n<p><span class=\"text1noticias\"> <\/span><\/p>\n<p><span class=\"text1noticias\">En la reuni\u00f3n participaron Ignacio M\u00e9ndez, viceministro de Industria Comercio; Rosa Rita \u00c1lvarez, directora ejecutiva de la Fundaci\u00f3n Banreservas; Yokasta Guzm\u00e1n,directora de Compras y Contrataciones; Andr\u00e9s Vander Horst, director del Consejo Nacional de Competitividad; Ren\u00e9 J\u00e1quez, director del INABIE;  Ricardo Padilla, director de Pymes de Banreservas.<\/span><\/p>\n<p><span class=\"text1noticias\"> <\/span><\/p>\n<p><span class=\"text1noticias\">Tambi\u00e9n estuvieron Claudio P\u00e9rez, gerente Legal de Promipyme; Rayza Pichardo, gerente de Competitividad de INFOTEP; Wilfredo Oliver, director de Servicio de Apoyo Industrial de Proindustria; Esther Hern\u00e1ndez, subdirectora de de Impuestos Internos; Noel Bou, director de PYMES de Industria y Comercio; Jos\u00e9 Luis Liranzo, director del Gobierno Electr\u00f3nico OPTIC;  Eugenio Geraldino y Jos\u00e9 Miguel Zabala, Coordinador y Encargado de Seguimiento del FEDA.<\/span><\/p>\n<p><span class=\"text1noticias\"> <\/span><\/p>\n<p><span class=\"text1noticias\">As\u00ed como Alfredo Jim\u00e9nez, Vinicio Gerardo y Leonardo Peralta, de AIRAC; Cristhian Ciccone, de CADOCON; Felipe Mor\u00e1n, Antonio Rojas y Eilen Calder\u00f3n, de CONACERD; Julio Brache, de la AIRD; Gilberto Luna, de Confecomercio; Ram\u00f3n B\u00e1ez, de la FAI; Carlos Espinal, de FEDOCAMARAS; Aleja Flores, Will Lajara y Abel Vaquer, de FENAPYMED Sto. Dgo.; H\u00e9ctor Nieves, de FENACODEP.<\/span><\/p>\n<p><span class=\"text1noticias\"> <\/span><\/p>\n<p><span class=\"text1noticias\">Adem\u00e1s, Valerie Valette, de REDOMIF; Carlos Yun\u00e9n, FEDOCAMARAS; Glady Pimentel, ADOEXPO; Ivonne Garc\u00eda, de la JAD; Greicy Romero, de AEIH; Isachaart Burgos, de CODOPYME y Aurora Garc\u00eda, de ADME.<\/span><\/p>\n<h6> 2016-03-10 22:15:00 <\/h6>\n<p><!--\n<link rel=\"stylesheet\" href=\"css\/bootstrap.min.css\">\n\n\n<ul class=\"pagination\">\n\t    \n\t\n\n<li >\n\t<a href='?page_no=13471'>Previous<\/a>\n\t<\/li>\n\n\n       \n    \n\n<li><a href='?page_no=1'>1<\/a><\/li>\n\n\n\n<li><a href='?page_no=2'>2<\/a><\/li>\n\n\n\n<li><a>...<\/a><\/li>\n\n\n\n<li><a href='?page_no=13470'>13470<\/a><\/li>\n\n\n\n<li><a href='?page_no=13471'>13471<\/a><\/li>\n\n\n\n<li class='active'><a>13472<\/a><\/li>\n\n\n\n<li><a href='?page_no=13473'>13473<\/a><\/li>\n\n\n\n<li><a href='?page_no=13474'>13474<\/a><\/li>\n\n\n\n<li><a>...<\/a><\/li>\n\n\n\n<li><a href='?page_no=56169'>56169<\/a><\/li>\n\n\n\n<li><a href='?page_no=56170'>56170<\/a><\/li>\n\n    \n\t\n\n<li >\n\t<a href='?page_no=13473'>Next<\/a>\n\t<\/li>\n\n\n    \n\n<li><a href='?page_no=56170'>Last &rsaquo;&rsaquo;<\/a><\/li>\n\n<\/ul>\n\n\n--><br \/>\n<\/body><\/p>\n","protected":false},"excerpt":{"rendered":"<p>Santo Domingo, R. D., 11 de marzo (DICOM).- El ministro de la Presidencia, Gustavo Montalvo, encabez\u00f3 hoy la segunda reuni\u00f3n de la Iniciativa para el Apoyo y Promoci\u00f3n de las MIPYMES, que a\u00fana tanto a empresas como a instituciones p\u00fablicas. Durante la reuni\u00f3n, los gremios de PYMES presentaron y expusieron sus sugerencias de acciones y [&hellip;]<\/p>\n","protected":false},"author":3,"featured_media":0,"comment_status":"open","ping_status":"open","sticky":false,"template":"","format":"standard","meta":{"footnotes":""},"categories":[20],"tags":[],"class_list":["post-219118","post","type-post","status-publish","format-standard","hentry","category-dominicana-hoy"],"_links":{"self":[{"href":"https:\/\/diariodominicano.com\/index.php?rest_route=\/wp\/v2\/posts\/219118","targetHints":{"allow":["GET"]}}],"collection":[{"href":"https:\/\/diariodominicano.com\/index.php?rest_route=\/wp\/v2\/posts"}],"about":[{"href":"https:\/\/diariodominicano.com\/index.php?rest_route=\/wp\/v2\/types\/post"}],"author":[{"embeddable":true,"href":"https:\/\/diariodominicano.com\/index.php?rest_route=\/wp\/v2\/users\/3"}],"replies":[{"embeddable":true,"href":"https:\/\/diariodominicano.com\/index.php?rest_route=%2Fwp%2Fv2%2Fcomments&post=219118"}],"version-history":[{"count":0,"href":"https:\/\/diariodominicano.com\/index.php?rest_route=\/wp\/v2\/posts\/219118\/revisions"}],"wp:attachment":[{"href":"https:\/\/diariodominicano.com\/index.php?rest_route=%2Fwp%2Fv2%2Fmedia&parent=219118"}],"wp:term":[{"taxonomy":"category","embeddable":true,"href":"https:\/\/diariodominicano.com\/index.php?rest_route=%2Fwp%2Fv2%2Fcategories&post=219118"},{"taxonomy":"post_tag","embeddable":true,"href":"https:\/\/diariodominicano.com\/index.php?rest_route=%2Fwp%2Fv2%2Ftags&post=219118"}],"curies":[{"name":"wp","href":"https:\/\/api.w.org\/{rel}","templated":true}]}}