{"id":219116,"date":"2016-03-11T08:03:11","date_gmt":"2016-03-11T08:03:11","guid":{"rendered":"http:\/\/diariodominicano.ddns.net\/?p=219116"},"modified":"2016-03-11T08:03:11","modified_gmt":"2016-03-11T08:03:11","slug":"canciller-ofrece-detalles-sobre-encuentro-con-embajadores-de-estados-unidos-y-haiti","status":"publish","type":"post","link":"https:\/\/diariodominicano.com\/?p=219116","title":{"rendered":"Canciller ofrece detalles sobre encuentro con embajadores  de Estados Unidos y Hait\u00ed"},"content":{"rendered":"<p><body><\/p>\n<p><img decoding=\"async\" src=\"img3\/saluda 1.jpg\" \/><br \/><img decoding=\"async\" src=\"img3\/palacio 1.jpg\" \/>  <\/p>\n<p>Santo Domingo RD 11 marzo.- Los ministros de la Presidencia, Gustavo Montalvo, de Relaciones Exteriores, Andr\u00e9s Navarro, y los embajadores de Estados Unidos, James W. Brewster, y de Hait\u00ed, Peter M. Mulrean, se reunieron pasado el mediod\u00eda a puertas cerradas, en el sal\u00f3n Hermanas Mirabal del Palacio Nacional.<\/p>\n<\/p>\n<p>Al t\u00e9rmino del encuentro el canciller dijo que trataron sobre una agenda de di\u00e1logo y que fue la primera reuni\u00f3n que realizan como ambos representantes diplom\u00e1ticos juntos.<\/p>\n<\/p>\n<p>Tambi\u00e9n trataron sobre la instauraci\u00f3n de un gobierno constitucional que se lleva a cabo en el vecino pa\u00eds.<\/p>\n<\/p>\n<p>\u00abTratamos una agenda de di\u00e1logo y fue una reuni\u00f3n de trabajo muy particular, porque es la primera reuni\u00f3n que celebramos con el embajador de Estados Unidos en el pa\u00eds y el embajador de Estados Unidos en Puerto Pr\u00edncipe\u00bb, se\u00f1al\u00f3 el Canciller.<\/p>\n<\/p>\n<p>Al referir la agenda de trabajo con relaci\u00f3n a la instauraci\u00f3n de un gobierno provisional en Hait\u00ed, el Canciller respondi\u00f3 a los periodistas que le preguntaron sobre la repulsa de muchos sectores que han pedido al presidente Barack Obama que sustituya a su representante diplom\u00e1tico en el pa\u00eds, por la promoci\u00f3n que le atribuyen y el activismo pro gay que realiza en Rep\u00fablica Dominicana.<\/p>\n<\/p>\n<p>Al respecto, Andr\u00e9s Navarro signific\u00f3 que en el encuentro no tocaron temas \u00abintrascendentes\u00bb.<\/p>\n<\/p>\n<p>Sobre la tem\u00e1tica dominico-haitiana y las conversaciones impulsadas entre ambos pa\u00edses durante m\u00e1s de dos a\u00f1os, en las que hubo altas y bajas hasta que llegaron las convulsiones y protestas de octubre y meses anteriores, de quienes ped\u00edan la salida de Martelly, la situaci\u00f3n ha ca\u00eddo en un terreno muerto.<\/p>\n<\/p>\n<p>La crisis que precedi\u00f3 a las elecciones haitianas, la designaci\u00f3n de un gobierno provisional y la intensa problem\u00e1tica interna de ese pa\u00eds que descollaron con el t\u00e9rmino del periodo de Michell Martelly, hoy ha colocado en un punto vac\u00edo esas negociaciones. A mediados del a\u00f1o pasado la situaci\u00f3n se torn\u00f3 hostil de parte del lado haitiano, pues segu\u00edan los enfrentamientos del gobierno de ese pa\u00eds y de la oposici\u00f3n.<\/p>\n<\/p>\n<h6> 2016-03-11 08:03:11 <\/h6>\n<p><!--\n<link rel=\"stylesheet\" href=\"css\/bootstrap.min.css\">\n\n\n<ul class=\"pagination\">\n\t    \n\t\n\n<li >\n\t<a href='?page_no=13469'>Previous<\/a>\n\t<\/li>\n\n\n       \n    \n\n<li><a href='?page_no=1'>1<\/a><\/li>\n\n\n\n<li><a href='?page_no=2'>2<\/a><\/li>\n\n\n\n<li><a>...<\/a><\/li>\n\n\n\n<li><a href='?page_no=13468'>13468<\/a><\/li>\n\n\n\n<li><a href='?page_no=13469'>13469<\/a><\/li>\n\n\n\n<li class='active'><a>13470<\/a><\/li>\n\n\n\n<li><a href='?page_no=13471'>13471<\/a><\/li>\n\n\n\n<li><a href='?page_no=13472'>13472<\/a><\/li>\n\n\n\n<li><a>...<\/a><\/li>\n\n\n\n<li><a href='?page_no=56169'>56169<\/a><\/li>\n\n\n\n<li><a href='?page_no=56170'>56170<\/a><\/li>\n\n    \n\t\n\n<li >\n\t<a href='?page_no=13471'>Next<\/a>\n\t<\/li>\n\n\n    \n\n<li><a href='?page_no=56170'>Last &rsaquo;&rsaquo;<\/a><\/li>\n\n<\/ul>\n\n\n--><br \/>\n<\/body><\/p>\n","protected":false},"excerpt":{"rendered":"<p>Santo Domingo RD 11 marzo.- Los ministros de la Presidencia, Gustavo Montalvo, de Relaciones Exteriores, Andr\u00e9s Navarro, y los embajadores de Estados Unidos, James W. Brewster, y de Hait\u00ed, Peter M. Mulrean, se reunieron pasado el mediod\u00eda a puertas cerradas, en el sal\u00f3n Hermanas Mirabal del Palacio Nacional. Al t\u00e9rmino del encuentro el canciller dijo [&hellip;]<\/p>\n","protected":false},"author":3,"featured_media":0,"comment_status":"open","ping_status":"open","sticky":false,"template":"","format":"standard","meta":{"footnotes":""},"categories":[20],"tags":[],"class_list":["post-219116","post","type-post","status-publish","format-standard","hentry","category-dominicana-hoy"],"_links":{"self":[{"href":"https:\/\/diariodominicano.com\/index.php?rest_route=\/wp\/v2\/posts\/219116","targetHints":{"allow":["GET"]}}],"collection":[{"href":"https:\/\/diariodominicano.com\/index.php?rest_route=\/wp\/v2\/posts"}],"about":[{"href":"https:\/\/diariodominicano.com\/index.php?rest_route=\/wp\/v2\/types\/post"}],"author":[{"embeddable":true,"href":"https:\/\/diariodominicano.com\/index.php?rest_route=\/wp\/v2\/users\/3"}],"replies":[{"embeddable":true,"href":"https:\/\/diariodominicano.com\/index.php?rest_route=%2Fwp%2Fv2%2Fcomments&post=219116"}],"version-history":[{"count":0,"href":"https:\/\/diariodominicano.com\/index.php?rest_route=\/wp\/v2\/posts\/219116\/revisions"}],"wp:attachment":[{"href":"https:\/\/diariodominicano.com\/index.php?rest_route=%2Fwp%2Fv2%2Fmedia&parent=219116"}],"wp:term":[{"taxonomy":"category","embeddable":true,"href":"https:\/\/diariodominicano.com\/index.php?rest_route=%2Fwp%2Fv2%2Fcategories&post=219116"},{"taxonomy":"post_tag","embeddable":true,"href":"https:\/\/diariodominicano.com\/index.php?rest_route=%2Fwp%2Fv2%2Ftags&post=219116"}],"curies":[{"name":"wp","href":"https:\/\/api.w.org\/{rel}","templated":true}]}}