{"id":219114,"date":"2016-03-11T09:00:50","date_gmt":"2016-03-11T09:00:50","guid":{"rendered":"http:\/\/diariodominicano.ddns.net\/?p=219114"},"modified":"2016-03-11T09:00:50","modified_gmt":"2016-03-11T09:00:50","slug":"poder-ejecutivo-realiza-cambios-en-consulados-de-europa","status":"publish","type":"post","link":"https:\/\/diariodominicano.com\/?p=219114","title":{"rendered":"Poder Ejecutivo realiza cambios en Consulados de Europa"},"content":{"rendered":"<p><body><\/p>\n<p><img decoding=\"async\" src=\"img3\/cambia 1.jpg\" \/>  <\/p>\n<p>Madrid, Espa\u00f1a 11 marzo .-  El presidente de la Rep\u00fablica Dominicana, Danilo Medina, realiz\u00f3 cambios en  varios Consulados dominicanos en Europa, mediante el decreto 121-16, el cual designa al  miembro del Comit\u00e9 Central-Europa , Santiago Rodr\u00edguez, como C\u00f3nsul en la ciudad de G\u00e9nova, Italia, en sustituci\u00f3n de Mercedes Brito, quien fue nombrada  C\u00f3nsul en Hamburgo, Alemania.<\/p>\n<\/p>\n<p>Asimismo,  Francisco Fern\u00e1ndez C\u00e1ceres, qued\u00f3 designado C\u00f3nsul en la ciudad de Mil\u00e1n, Italia, sustituyendo a Natasha S\u00e1nchez, quien pasa a ser C\u00f3nsul en Amberes, Reino De B\u00e9lgica.<\/p>\n<\/p>\n<p>Tambi\u00e9n quedaron  designados  Ram\u00f3n Carre\u00f1o como C\u00f3nsul en Frankfurt , Alemania ,y Ram\u00f3n Feliz Pe\u00f1a en la ciudad de Praga , Rep\u00fablica Checa.<\/p>\n<\/p>\n<h6> 2016-03-11 09:00:50 <\/h6>\n<p><!--\n<link rel=\"stylesheet\" href=\"css\/bootstrap.min.css\">\n\n\n<ul class=\"pagination\">\n\t    \n\t\n\n<li >\n\t<a href='?page_no=13468'>Previous<\/a>\n\t<\/li>\n\n\n       \n    \n\n<li><a href='?page_no=1'>1<\/a><\/li>\n\n\n\n<li><a href='?page_no=2'>2<\/a><\/li>\n\n\n\n<li><a>...<\/a><\/li>\n\n\n\n<li><a href='?page_no=13467'>13467<\/a><\/li>\n\n\n\n<li><a href='?page_no=13468'>13468<\/a><\/li>\n\n\n\n<li class='active'><a>13469<\/a><\/li>\n\n\n\n<li><a href='?page_no=13470'>13470<\/a><\/li>\n\n\n\n<li><a href='?page_no=13471'>13471<\/a><\/li>\n\n\n\n<li><a>...<\/a><\/li>\n\n\n\n<li><a href='?page_no=56169'>56169<\/a><\/li>\n\n\n\n<li><a href='?page_no=56170'>56170<\/a><\/li>\n\n    \n\t\n\n<li >\n\t<a href='?page_no=13470'>Next<\/a>\n\t<\/li>\n\n\n    \n\n<li><a href='?page_no=56170'>Last &rsaquo;&rsaquo;<\/a><\/li>\n\n<\/ul>\n\n\n--><br \/>\n<\/body><\/p>\n","protected":false},"excerpt":{"rendered":"<p>Madrid, Espa\u00f1a 11 marzo .- El presidente de la Rep\u00fablica Dominicana, Danilo Medina, realiz\u00f3 cambios en varios Consulados dominicanos en Europa, mediante el decreto 121-16, el cual designa al miembro del Comit\u00e9 Central-Europa , Santiago Rodr\u00edguez, como C\u00f3nsul en la ciudad de G\u00e9nova, Italia, en sustituci\u00f3n de Mercedes Brito, quien fue nombrada C\u00f3nsul en Hamburgo, [&hellip;]<\/p>\n","protected":false},"author":3,"featured_media":0,"comment_status":"open","ping_status":"open","sticky":false,"template":"","format":"standard","meta":{"footnotes":""},"categories":[20],"tags":[],"class_list":["post-219114","post","type-post","status-publish","format-standard","hentry","category-dominicana-hoy"],"_links":{"self":[{"href":"https:\/\/diariodominicano.com\/index.php?rest_route=\/wp\/v2\/posts\/219114","targetHints":{"allow":["GET"]}}],"collection":[{"href":"https:\/\/diariodominicano.com\/index.php?rest_route=\/wp\/v2\/posts"}],"about":[{"href":"https:\/\/diariodominicano.com\/index.php?rest_route=\/wp\/v2\/types\/post"}],"author":[{"embeddable":true,"href":"https:\/\/diariodominicano.com\/index.php?rest_route=\/wp\/v2\/users\/3"}],"replies":[{"embeddable":true,"href":"https:\/\/diariodominicano.com\/index.php?rest_route=%2Fwp%2Fv2%2Fcomments&post=219114"}],"version-history":[{"count":0,"href":"https:\/\/diariodominicano.com\/index.php?rest_route=\/wp\/v2\/posts\/219114\/revisions"}],"wp:attachment":[{"href":"https:\/\/diariodominicano.com\/index.php?rest_route=%2Fwp%2Fv2%2Fmedia&parent=219114"}],"wp:term":[{"taxonomy":"category","embeddable":true,"href":"https:\/\/diariodominicano.com\/index.php?rest_route=%2Fwp%2Fv2%2Fcategories&post=219114"},{"taxonomy":"post_tag","embeddable":true,"href":"https:\/\/diariodominicano.com\/index.php?rest_route=%2Fwp%2Fv2%2Ftags&post=219114"}],"curies":[{"name":"wp","href":"https:\/\/api.w.org\/{rel}","templated":true}]}}