{"id":219113,"date":"2016-03-11T09:05:06","date_gmt":"2016-03-11T09:05:06","guid":{"rendered":"http:\/\/diariodominicano.ddns.net\/?p=219113"},"modified":"2016-03-11T09:05:06","modified_gmt":"2016-03-11T09:05:06","slug":"consulado-dominicano-en-amberes-invita-a-inscribirse-al-seguro-senasa","status":"publish","type":"post","link":"https:\/\/diariodominicano.com\/?p=219113","title":{"rendered":"Consulado Dominicano en Amberes invita a Inscribirse al Seguro SeNaSa."},"content":{"rendered":"<p><body><\/p>\n<p><img decoding=\"async\" src=\"img3\/sena 2.jpg\" \/><br \/><img decoding=\"async\" src=\"img3\/sena 1.jpg\" \/>  <\/p>\n<p>Santo Domingo RD 11 marzo.- El Consulado General Dominicano en Amberes-B\u00e9lgica, a trav\u00e9s de su c\u00f3nsul general, Rafael Hern\u00e1ndez; invita a toda la comunidad Dominicana residente en este pa\u00eds, a incorporase al Seguro Nacional de Salud (SeNaSa).<\/p>\n<\/p>\n<p>Hern\u00e1ndez Cuevas dijo que se hace necesario que todo Dominicano tenga un seguro medico por lo que debe dirigirse a su consulado m\u00e1s cercano para su inscripci\u00f3n, y as\u00ed quede garantizada su salud en caso de necesitarlo.<\/p>\n<\/p>\n<p>El C\u00f3nsul Dominicano, Rafael Hern\u00e1ndez; explic\u00f3 que el Dominicano en el Exterior  siempre fue y ha sido tema de preocupaci\u00f3n por parte del presidente Medina; motivo por el cual este inici\u00f3 un plan para beneficio de la salud de todos los Dominicanos en el exterior (Inclusi\u00f3n en el seguro SeNaSa).<\/p>\n<\/p>\n<\/p>\n<h6> 2016-03-11 09:05:06 <\/h6>\n<p><!--\n<link rel=\"stylesheet\" href=\"css\/bootstrap.min.css\">\n\n\n<ul class=\"pagination\">\n\t    \n\t\n\n<li >\n\t<a href='?page_no=13467'>Previous<\/a>\n\t<\/li>\n\n\n       \n    \n\n<li><a href='?page_no=1'>1<\/a><\/li>\n\n\n\n<li><a href='?page_no=2'>2<\/a><\/li>\n\n\n\n<li><a>...<\/a><\/li>\n\n\n\n<li><a href='?page_no=13466'>13466<\/a><\/li>\n\n\n\n<li><a href='?page_no=13467'>13467<\/a><\/li>\n\n\n\n<li class='active'><a>13468<\/a><\/li>\n\n\n\n<li><a href='?page_no=13469'>13469<\/a><\/li>\n\n\n\n<li><a href='?page_no=13470'>13470<\/a><\/li>\n\n\n\n<li><a>...<\/a><\/li>\n\n\n\n<li><a href='?page_no=56169'>56169<\/a><\/li>\n\n\n\n<li><a href='?page_no=56170'>56170<\/a><\/li>\n\n    \n\t\n\n<li >\n\t<a href='?page_no=13469'>Next<\/a>\n\t<\/li>\n\n\n    \n\n<li><a href='?page_no=56170'>Last &rsaquo;&rsaquo;<\/a><\/li>\n\n<\/ul>\n\n\n--><br \/>\n<\/body><\/p>\n","protected":false},"excerpt":{"rendered":"<p>Santo Domingo RD 11 marzo.- El Consulado General Dominicano en Amberes-B\u00e9lgica, a trav\u00e9s de su c\u00f3nsul general, Rafael Hern\u00e1ndez; invita a toda la comunidad Dominicana residente en este pa\u00eds, a incorporase al Seguro Nacional de Salud (SeNaSa). Hern\u00e1ndez Cuevas dijo que se hace necesario que todo Dominicano tenga un seguro medico por lo que debe [&hellip;]<\/p>\n","protected":false},"author":3,"featured_media":0,"comment_status":"open","ping_status":"open","sticky":false,"template":"","format":"standard","meta":{"footnotes":""},"categories":[20],"tags":[],"class_list":["post-219113","post","type-post","status-publish","format-standard","hentry","category-dominicana-hoy"],"_links":{"self":[{"href":"https:\/\/diariodominicano.com\/index.php?rest_route=\/wp\/v2\/posts\/219113","targetHints":{"allow":["GET"]}}],"collection":[{"href":"https:\/\/diariodominicano.com\/index.php?rest_route=\/wp\/v2\/posts"}],"about":[{"href":"https:\/\/diariodominicano.com\/index.php?rest_route=\/wp\/v2\/types\/post"}],"author":[{"embeddable":true,"href":"https:\/\/diariodominicano.com\/index.php?rest_route=\/wp\/v2\/users\/3"}],"replies":[{"embeddable":true,"href":"https:\/\/diariodominicano.com\/index.php?rest_route=%2Fwp%2Fv2%2Fcomments&post=219113"}],"version-history":[{"count":0,"href":"https:\/\/diariodominicano.com\/index.php?rest_route=\/wp\/v2\/posts\/219113\/revisions"}],"wp:attachment":[{"href":"https:\/\/diariodominicano.com\/index.php?rest_route=%2Fwp%2Fv2%2Fmedia&parent=219113"}],"wp:term":[{"taxonomy":"category","embeddable":true,"href":"https:\/\/diariodominicano.com\/index.php?rest_route=%2Fwp%2Fv2%2Fcategories&post=219113"},{"taxonomy":"post_tag","embeddable":true,"href":"https:\/\/diariodominicano.com\/index.php?rest_route=%2Fwp%2Fv2%2Ftags&post=219113"}],"curies":[{"name":"wp","href":"https:\/\/api.w.org\/{rel}","templated":true}]}}