{"id":219111,"date":"2016-03-11T14:05:47","date_gmt":"2016-03-11T14:05:47","guid":{"rendered":"http:\/\/diariodominicano.ddns.net\/?p=219111"},"modified":"2016-03-11T14:05:47","modified_gmt":"2016-03-11T14:05:47","slug":"herrera-reitera-compromiso-del-idac-en-regulacion-uso-de-drones","status":"publish","type":"post","link":"https:\/\/diariodominicano.com\/?p=219111","title":{"rendered":"&#13;Herrera reitera compromiso del IDAC en regulaci\u00f3n uso de drones"},"content":{"rendered":"<p><body><\/p>\n<p><img decoding=\"async\" src=\"img3\/Herrera,.jpg\" \/>  <\/p>\n<p><span class=\"text1noticias\"> <\/span><\/p>\n<\/p>\n<p><span class=\"text1noticias\"> <\/span><\/p>\n<p><span class=\"text1noticias\">Santo Domingo, RD, 11 de marzo .- El director general del Instituto Dominicano de Aviaci\u00f3n Civil (IDAC),doctor Alejandro Herrera, reiter\u00f3 que ese organismo mantiene su compromiso de vigilancia y regulaci\u00f3n del uso de las aeronaves no tripuladas o drones, adhiri\u00e9ndose a las disposiciones emanadas de  la Organizaci\u00f3n de Aviaci\u00f3n Civil Internacional (OACI) en su primer manual del a\u00f1o 2015, en el que se plantea a los Estados las gu\u00edas t\u00e9cnicas y aspectos operacionales para la integraci\u00f3n segura de esos aparatos dentro de los espacios a\u00e9reos comunes.<\/span><\/p>\n<p><span class=\"text1noticias\"> <\/span><\/p>\n<p><span class=\"text1noticias\">Como resultado  de esos trabajos se public\u00f3 la circular 328 AN 190 de la OACI, con el prop\u00f3sito principal de informar a los Estados sobre el surgimiento y perspectivas de los veh\u00edculos a\u00e9reos no tripulados en los aer\u00f3dromos nacionales, lo que las autoridades del IDAC acataron posteriormente.<\/span><\/p>\n<p><span class=\"text1noticias\"> <\/span><\/p>\n<p><span class=\"text1noticias\">\u00abDe manera conjunta, nosotros en el IDAC emitimos en julio del a\u00f1o 2015 la resoluci\u00f3n 008-2015, con la cual sentamos las bases iniciales para el desarrollo de la regulaci\u00f3n y procedimientos espec\u00edficos que reg\u00edan el uso de esos equipos en nuestro espacio a\u00e9reo. Su uso ha demandado la realizaci\u00f3n y preparaci\u00f3n de estudios que exigen tiempo y trabajo\u00bb, sostuvo Herrera.<\/span><\/p>\n<p><span class=\"text1noticias\"> <\/span><\/p>\n<p><span class=\"text1noticias\">Se\u00f1al\u00f3 que como autoridad  aeron\u00e1utica, no deja de preocuparles el uso indiscriminado que puede d\u00e1rsele a esos equipos en el   espacio a\u00e9reo dominicano, y de hecho, es esa preocupaci\u00f3n la que llev\u00f3 a la comisi\u00f3n de aeronavegaci\u00f3n de la OACI durante la primera sesi\u00f3n de su 169 per\u00edodo  en abril de 2005, pedir al secretario general de esta agencia de las Naciones Unidas que consultara a los Estados y organizaciones internacionales seleccionadas, respecto a actividades internacionales presentes con veh\u00edculos a\u00e9reos no tripulados en el espacio a\u00e9reo civil.<\/span><\/p>\n<p><span class=\"text1noticias\"> <\/span><\/p>\n<p><span class=\"text1noticias\">\u00abEn el caso de la Rep\u00fablica Dominicana, el IDAC ha desarrollado una estrategia de equipamiento que nos coloca como una de las autoridades de aviaci\u00f3n civil m\u00e1s equipada para el cumplimiento de las funciones de vigilancia de la aviaci\u00f3n, a lo que se suma la disponibilidad de simuladores y tecnolog\u00edas para la capacitaci\u00f3n del personal a trav\u00e9s de la Academia Superior de Ciencias Aeron\u00e1uticas, en cuanto a la operaci\u00f3n de los veh\u00edculos a\u00e9reos no tripulados o sistemas de aeronaves piloteadas a distancia conocidos como drones. El IDAC, muy temprano ha reconocido el reto que implican estas operaciones en el espacio a\u00e9reo y en general dentro de un sistema de aviaci\u00f3n organizado\u00bb, declar\u00f3 el director del IDAC.<\/span><\/p>\n<p><span class=\"text1noticias\"> <\/span><\/p>\n<p><span class=\"text1noticias\">Alejandro Herrera emiti\u00f3 estas opiniones en el turno  central  del seminario \u00abOperaciones de Drones en Rep\u00fablica Dominicana\u00bb, impartido en la Universidad Apec, auspiciado por el IDAC y organizado por la Academia Superior de Ciencias Aeron\u00e1uticas (ASCA), en el que tambi\u00e9n participaron el director de Educaci\u00f3n Continuada de Unapec, C\u00e9sar Caracas y el director de la ASCA, Juan C\u00e9sar Thomas Burgos como moderador, con un importante despliegue en los medios de comunicaci\u00f3n.<\/span><\/p>\n<p><span class=\"text1noticias\"> <\/span><\/p>\n<p><span class=\"text1noticias\">Una amplia delegaci\u00f3n del IDAC particip\u00f3 en varios aspectos del seminario, entre ellos Julio C\u00e9sar Mej\u00eda, encargado del departamento de Gesti\u00f3n del Tr\u00e1nsito A\u00e9reo; Yohara Caraballo, en representaci\u00f3n del director Legal; Pedro Cabrera, encargado del departamento de Operaciones; y Juan Matos, encargado del departamento de Soporte T\u00e9cnico.<\/span><\/p>\n<p><span class=\"text1noticias\"> <\/span><\/p>\n<p><span class=\"text1noticias\">Tambi\u00e9n participaron Antonio Berg\u00e9s, gerente general de la empresa AB Gadgets y Carlos Sanlley, gerente de Mapix Aerial S.R.L, con el tema \u00abExperiencias de operaciones de drones\u00bb.<\/span><\/p>\n<h6> 2016-03-11 14:05:47 <\/h6>\n<p><!--\n<link rel=\"stylesheet\" href=\"css\/bootstrap.min.css\">\n\n\n<ul class=\"pagination\">\n\t    \n\t\n\n<li >\n\t<a href='?page_no=13465'>Previous<\/a>\n\t<\/li>\n\n\n       \n    \n\n<li><a href='?page_no=1'>1<\/a><\/li>\n\n\n\n<li><a href='?page_no=2'>2<\/a><\/li>\n\n\n\n<li><a>...<\/a><\/li>\n\n\n\n<li><a href='?page_no=13464'>13464<\/a><\/li>\n\n\n\n<li><a href='?page_no=13465'>13465<\/a><\/li>\n\n\n\n<li class='active'><a>13466<\/a><\/li>\n\n\n\n<li><a href='?page_no=13467'>13467<\/a><\/li>\n\n\n\n<li><a href='?page_no=13468'>13468<\/a><\/li>\n\n\n\n<li><a>...<\/a><\/li>\n\n\n\n<li><a href='?page_no=56169'>56169<\/a><\/li>\n\n\n\n<li><a href='?page_no=56170'>56170<\/a><\/li>\n\n    \n\t\n\n<li >\n\t<a href='?page_no=13467'>Next<\/a>\n\t<\/li>\n\n\n    \n\n<li><a href='?page_no=56170'>Last &rsaquo;&rsaquo;<\/a><\/li>\n\n<\/ul>\n\n\n--><br \/>\n<\/body><\/p>\n","protected":false},"excerpt":{"rendered":"<p>Santo Domingo, RD, 11 de marzo .- El director general del Instituto Dominicano de Aviaci\u00f3n Civil (IDAC),doctor Alejandro Herrera, reiter\u00f3 que ese organismo mantiene su compromiso de vigilancia y regulaci\u00f3n del uso de las aeronaves no tripuladas o drones, adhiri\u00e9ndose a las disposiciones emanadas de la Organizaci\u00f3n de Aviaci\u00f3n Civil Internacional (OACI) en su primer [&hellip;]<\/p>\n","protected":false},"author":3,"featured_media":0,"comment_status":"open","ping_status":"open","sticky":false,"template":"","format":"standard","meta":{"footnotes":""},"categories":[20],"tags":[],"class_list":["post-219111","post","type-post","status-publish","format-standard","hentry","category-dominicana-hoy"],"_links":{"self":[{"href":"https:\/\/diariodominicano.com\/index.php?rest_route=\/wp\/v2\/posts\/219111","targetHints":{"allow":["GET"]}}],"collection":[{"href":"https:\/\/diariodominicano.com\/index.php?rest_route=\/wp\/v2\/posts"}],"about":[{"href":"https:\/\/diariodominicano.com\/index.php?rest_route=\/wp\/v2\/types\/post"}],"author":[{"embeddable":true,"href":"https:\/\/diariodominicano.com\/index.php?rest_route=\/wp\/v2\/users\/3"}],"replies":[{"embeddable":true,"href":"https:\/\/diariodominicano.com\/index.php?rest_route=%2Fwp%2Fv2%2Fcomments&post=219111"}],"version-history":[{"count":0,"href":"https:\/\/diariodominicano.com\/index.php?rest_route=\/wp\/v2\/posts\/219111\/revisions"}],"wp:attachment":[{"href":"https:\/\/diariodominicano.com\/index.php?rest_route=%2Fwp%2Fv2%2Fmedia&parent=219111"}],"wp:term":[{"taxonomy":"category","embeddable":true,"href":"https:\/\/diariodominicano.com\/index.php?rest_route=%2Fwp%2Fv2%2Fcategories&post=219111"},{"taxonomy":"post_tag","embeddable":true,"href":"https:\/\/diariodominicano.com\/index.php?rest_route=%2Fwp%2Fv2%2Ftags&post=219111"}],"curies":[{"name":"wp","href":"https:\/\/api.w.org\/{rel}","templated":true}]}}