{"id":219110,"date":"2016-03-11T14:22:36","date_gmt":"2016-03-11T14:22:36","guid":{"rendered":"http:\/\/diariodominicano.ddns.net\/?p=219110"},"modified":"2016-03-11T14:22:36","modified_gmt":"2016-03-11T14:22:36","slug":"el-ejercicio-fisico-previene-el-alzheimer","status":"publish","type":"post","link":"https:\/\/diariodominicano.com\/?p=219110","title":{"rendered":"El ejercicio f\u00edsico previene el alzheimer"},"content":{"rendered":"<p><body><\/p>\n<p><img decoding=\"async\" src=\"img3\/Alzheimer-17.jpg\" \/>  <\/p>\n<p><span class=\"text1noticias\">Washington, 11 mar (PL) Las caminatas, el baile y otros ejercicios f\u00edsicos pueden reducir hasta en 50 por ciento el riesgo de desarrollar alzheimer, se\u00f1ala un estudio publicado en una revista especializada.<\/span><\/p>\n<p><span class=\"text1noticias\"> <\/span><\/p>\n<p><span class=\"text1noticias\">Esta es la primera investigaci\u00f3n en la que se relaciona el beneficio de actividades f\u00edsicas con el riesgo de padecer la enfernedad, informaron los investigadores de la Universidad de California en Los \u00c1ngeles.<\/span><\/p>\n<p><span class=\"text1noticias\"> <\/span><\/p>\n<p><span class=\"text1noticias\">El estudio analiz\u00f3 a casi 900 adultos con una edad promedio de 78 a\u00f1os, mediante pruebas de resonancia magn\u00e9tica para eval\u00faar el vol\u00famen del cerebro, el hipocampo y las \u00e1reas relacionadas con la memoria.<\/span><\/p>\n<p><span class=\"text1noticias\"> <\/span><\/p>\n<p><span class=\"text1noticias\">Los cient\u00edficos correlacionaron el volumen cerebral con el grado de actividad f\u00edsica y descubrieron que los participantes con mayor volumen cerebral, consecuencia de gran actividad f\u00edsica previenen el alzheimer y otras demencias, constat\u00f3 el estudio publicado en la revista Journal of Alzheimer\u00e2?\u00d6s Disease.<\/span><\/p>\n<p><span class=\"text1noticias\"> <\/span><\/p>\n<p><span class=\"text1noticias\">Estudios anteriores evidencian que las personas en baja forma f\u00edsica en la mediana edad tienen cerebros de menor tama\u00f1o al cabo de un par de d\u00e9cadas y son m\u00e1s propensos a la aparici\u00f3n de alzheimer.<\/span><\/p>\n<p><span class=\"text1noticias\"> <\/span><\/p>\n<p><span class=\"text1noticias\">Seg\u00fan datos de la Organizaci\u00f3n Mundial de la Salud, cada a\u00f1o se registran 7,7 millones de nuevos casos de alzheimer, que es la causa de demencia m\u00e1s c<\/span>om\u00fan.<\/p>\n<h6> 2016-03-11 14:22:36 <\/h6>\n<p><!--\n<link rel=\"stylesheet\" href=\"css\/bootstrap.min.css\">\n\n\n<ul class=\"pagination\">\n\t    \n\t\n\n<li >\n\t<a href='?page_no=13464'>Previous<\/a>\n\t<\/li>\n\n\n       \n    \n\n<li><a href='?page_no=1'>1<\/a><\/li>\n\n\n\n<li><a href='?page_no=2'>2<\/a><\/li>\n\n\n\n<li><a>...<\/a><\/li>\n\n\n\n<li><a href='?page_no=13463'>13463<\/a><\/li>\n\n\n\n<li><a href='?page_no=13464'>13464<\/a><\/li>\n\n\n\n<li class='active'><a>13465<\/a><\/li>\n\n\n\n<li><a href='?page_no=13466'>13466<\/a><\/li>\n\n\n\n<li><a href='?page_no=13467'>13467<\/a><\/li>\n\n\n\n<li><a>...<\/a><\/li>\n\n\n\n<li><a href='?page_no=56169'>56169<\/a><\/li>\n\n\n\n<li><a href='?page_no=56170'>56170<\/a><\/li>\n\n    \n\t\n\n<li >\n\t<a href='?page_no=13466'>Next<\/a>\n\t<\/li>\n\n\n    \n\n<li><a href='?page_no=56170'>Last &rsaquo;&rsaquo;<\/a><\/li>\n\n<\/ul>\n\n\n--><br \/>\n<\/body><\/p>\n","protected":false},"excerpt":{"rendered":"<p>Washington, 11 mar (PL) Las caminatas, el baile y otros ejercicios f\u00edsicos pueden reducir hasta en 50 por ciento el riesgo de desarrollar alzheimer, se\u00f1ala un estudio publicado en una revista especializada. Esta es la primera investigaci\u00f3n en la que se relaciona el beneficio de actividades f\u00edsicas con el riesgo de padecer la enfernedad, informaron [&hellip;]<\/p>\n","protected":false},"author":3,"featured_media":0,"comment_status":"open","ping_status":"open","sticky":false,"template":"","format":"standard","meta":{"footnotes":""},"categories":[20],"tags":[],"class_list":["post-219110","post","type-post","status-publish","format-standard","hentry","category-dominicana-hoy"],"_links":{"self":[{"href":"https:\/\/diariodominicano.com\/index.php?rest_route=\/wp\/v2\/posts\/219110","targetHints":{"allow":["GET"]}}],"collection":[{"href":"https:\/\/diariodominicano.com\/index.php?rest_route=\/wp\/v2\/posts"}],"about":[{"href":"https:\/\/diariodominicano.com\/index.php?rest_route=\/wp\/v2\/types\/post"}],"author":[{"embeddable":true,"href":"https:\/\/diariodominicano.com\/index.php?rest_route=\/wp\/v2\/users\/3"}],"replies":[{"embeddable":true,"href":"https:\/\/diariodominicano.com\/index.php?rest_route=%2Fwp%2Fv2%2Fcomments&post=219110"}],"version-history":[{"count":0,"href":"https:\/\/diariodominicano.com\/index.php?rest_route=\/wp\/v2\/posts\/219110\/revisions"}],"wp:attachment":[{"href":"https:\/\/diariodominicano.com\/index.php?rest_route=%2Fwp%2Fv2%2Fmedia&parent=219110"}],"wp:term":[{"taxonomy":"category","embeddable":true,"href":"https:\/\/diariodominicano.com\/index.php?rest_route=%2Fwp%2Fv2%2Fcategories&post=219110"},{"taxonomy":"post_tag","embeddable":true,"href":"https:\/\/diariodominicano.com\/index.php?rest_route=%2Fwp%2Fv2%2Ftags&post=219110"}],"curies":[{"name":"wp","href":"https:\/\/api.w.org\/{rel}","templated":true}]}}