{"id":219109,"date":"2016-03-11T14:33:54","date_gmt":"2016-03-11T14:33:54","guid":{"rendered":"http:\/\/diariodominicano.ddns.net\/?p=219109"},"modified":"2016-03-11T14:33:54","modified_gmt":"2016-03-11T14:33:54","slug":"presidente-casa-de-campo-califica-extraordinario-apoyo-danilo-medina-al-turismo","status":"publish","type":"post","link":"https:\/\/diariodominicano.com\/?p=219109","title":{"rendered":"&#13;&#13;Presidente Casa de Campo califica extraordinario apoyo Danilo Medina al Turismo"},"content":{"rendered":"<p><body><\/p>\n<p><img decoding=\"async\" src=\"img3\/Torres.jpg\" \/>  <\/p>\n<\/p>\n<\/p>\n<p><span class=\"text1noticias\">BERL\u00cdN, Alemania,  11 de marzo.- El presidente de Casa de Campo, Rafael Torres, elogi\u00f3 el apoyo decidido del gobierno del presidente Danilo Medina a la industria tur\u00edstica nacional.<\/span><\/p>\n<p><span class=\"text1noticias\"> <\/span><\/p>\n<p><span class=\"text1noticias\">Torres calific\u00f3 como extraordinaria la labor que realiza el presidente Medina a trav\u00e9s del Ministerio de Turismo para crecer en el mercado europeo, uno de los mercados m\u00e1s importantes del mundo.<\/span><\/p>\n<p><span class=\"text1noticias\"> <\/span><\/p>\n<p><span class=\"text1noticias\">Este esfuerzo que realiza el gobierno por promover la locomotora de su econom\u00eda que es el turismo, Torres lo calific\u00f3 como una muestra fehaciente del inter\u00e9s del presidente dominicano de cumplir su meta de alcanzar los 10 millones de turistas.<\/span><\/p>\n<p><span class=\"text1noticias\"> <\/span><\/p>\n<p><span class=\"text1noticias\">Dijo que cada a\u00f1o la representaci\u00f3n de Rep\u00fablica Dominicana es cada vez mayor en ITB Berl\u00edn, debido al trabajo que realiza el Ministerio de Turismo para abrir nuevos nichos de inversi\u00f3n en el mercado europeo. <\/span><\/p>\n<p><span class=\"text1noticias\"> <\/span><\/p>\n<p><span class=\"text1noticias\">\u00abEl Gobierno dominicano est\u00e1 haciendo una labor extraordinaria para crecer en el mercado europeo y alcanzar as\u00ed la meta del presidente de lograr 10 millones de turistas\u00bb.<\/span><\/p>\n<p><span class=\"text1noticias\"> <\/span><\/p>\n<p><span class=\"text1noticias\">\u00abEl apoyo del gobierno del presidente Danilo Medina y del Ministerio de Turismo ha sido vital; a los n\u00fameros me remito: el crecimiento que tenemos de 5.6 millones de turistas llegando al pa\u00eds, liderando la llegada de turistas a la regi\u00f3n, representa un incremento de 9%\u00bb dijo Torres.<\/span><\/p>\n<p><span class=\"text1noticias\"> <\/span><\/p>\n<p><span class=\"text1noticias\">Casa de Campo con grandes expectativas en ITB<\/span><\/p>\n<\/p>\n<p><span class=\"text1noticias\">Torres afirm\u00f3 que el resort Casa de Campo tiene grandes expectativas con su participaci\u00f3n en la Feria Internacional de Turismo de Berl\u00edn, ya que ese atractivo tur\u00edstico ha aprovechado el incremento del n\u00famero de turistas en Rep\u00fablica Dominicana.<\/span><\/p>\n<p><span class=\"text1noticias\"> <\/span><\/p>\n<p><span class=\"text1noticias\">El presidente de Casa de Campo salud\u00f3 tambi\u00e9n el Plan de Desarrollo del Sur lanzado por el Gobierno dominicano y aunque estableci\u00f3 que se mantienen enfocados en los proyectos que \u00abtienen por delante y en el desarrollo de Bayah\u00edbe\u00bb, no descart\u00f3 en un futuro explorar en el Sur.<\/span><\/p>\n<p><span class=\"text1noticias\"> <\/span><\/p>\n<p><span class=\"text1noticias\">Casa de Campo crece en un 40%<\/span><\/p>\n<\/p>\n<p><span class=\"text1noticias\">Torres revel\u00f3 que Casa de Campo est\u00e1 creciendo a un ritmo de un 40% en el mercado europeo, crecimiento importante pese a la ca\u00edda que ha tenido el mercado ruso a nivel mundial.<\/span><\/p>\n<p><span class=\"text1noticias\"> <\/span><\/p>\n<p><span class=\"text1noticias\">RD aprovecha crisis de Medio Oriente para atraer turistas<\/span><\/p>\n<p><span class=\"text1noticias\">Rafael Torres indic\u00f3 que debido a la crisis de Medio Oriente, turistas europeos que antes se desplazaban a pa\u00edses de esa regi\u00f3n ahora viajan a Latinoam\u00e9rica y el Caribe, espec\u00edficamente a Rep\u00fablica Dominicana, pa\u00eds que el a\u00f1o pasado recibi\u00f3 la visita de 250 mil turistas alemanes.<\/span><\/p>\n<p><span class=\"text1noticias\"> <\/span><\/p>\n<p><span class=\"text1noticias\">Altos de Chav\u00f3n: una joyita dentro de RD<\/span><\/p>\n<\/p>\n<p><span class=\"text1noticias\">\u00abMuy pocos destinos o resorts en el mundo pueden tener como hemos tenido en los \u00faltimos ocho meses seis artistas de primer nivel tales como Ricky Mart\u00edn, Alejandro Fern\u00e1ndez, Enrique Iglesias, Juan Luis Guerra y ahora Marck Anthony\u00bb.<\/span><\/p>\n<p><span class=\"text1noticias\"> <\/span><\/p>\n<p><span class=\"text1noticias\">Dijo que tener a Altos de Chav\u00f3n, que es una joyita dentro de Rep\u00fablica Dominicana, con la visibilidad que est\u00e1 teniendo es una acci\u00f3n muy positiva no solo para Casa de Campo sino tambi\u00e9n para el pa\u00eds.<\/span><\/p>\n<p><span class=\"text1noticias\"> <\/span><\/p>\n<p><span class=\"text1noticias\">Excelentes expectativas de Casa de Campo<\/span><\/p>\n<\/p>\n<p><span class=\"text1noticias\">Rafael Torres asever\u00f3 que Casa de Campo al igual que la Rep\u00fablica Dominicana llega a ITB Berl\u00edn con muchas expectativas y todo luce indicar que esas expectativas ser\u00e1n superadas.<\/span><\/p>\n<p><span class=\"text1noticias\"> <\/span><\/p>\n<p><span class=\"text1noticias\">Casa de Campo es famosa mundialmente por sus campos de golf, dise\u00f1ados por Pete Dye, y por sus numerosos reconocimientos otorgados por la industria del turismo internacional. Recientemente, el resort fue elegido Leading Golf Resort en Rep\u00fablica Dominicana y el Caribe; Leading Hotel y Leading Resort de la Rep\u00fablica Dominicana en los WTA (World Travel Awards) del Caribe y de Las Am\u00e9ricas, as\u00ed como Resort de Golf N\u00famero Uno en el Mundo por IAGTO 2014.<\/span><\/p>\n<p><span class=\"text1noticias\"> <\/span><\/p>\n<p><span class=\"text1noticias\">Situada en la costa sureste de Rep\u00fablica Dominicana, Casa de Campo tiene una extensi\u00f3n de terreno de 7,000 acres, amplias habitaciones y suites \u00e9lite, adem\u00e1s de lujosas villas Ocean Front, exclusivas y cl\u00e1sicas; restaurantes cinco estrellas como The Beach Club by Le Cirque y la Ca\u00f1a by Il Circo.<\/span><\/p>\n<h6> 2016-03-11 14:33:54 <\/h6>\n<p><!--\n<link rel=\"stylesheet\" href=\"css\/bootstrap.min.css\">\n\n\n<ul class=\"pagination\">\n\t    \n\t\n\n<li >\n\t<a href='?page_no=13463'>Previous<\/a>\n\t<\/li>\n\n\n       \n    \n\n<li><a href='?page_no=1'>1<\/a><\/li>\n\n\n\n<li><a href='?page_no=2'>2<\/a><\/li>\n\n\n\n<li><a>...<\/a><\/li>\n\n\n\n<li><a href='?page_no=13462'>13462<\/a><\/li>\n\n\n\n<li><a href='?page_no=13463'>13463<\/a><\/li>\n\n\n\n<li class='active'><a>13464<\/a><\/li>\n\n\n\n<li><a href='?page_no=13465'>13465<\/a><\/li>\n\n\n\n<li><a href='?page_no=13466'>13466<\/a><\/li>\n\n\n\n<li><a>...<\/a><\/li>\n\n\n\n<li><a href='?page_no=56169'>56169<\/a><\/li>\n\n\n\n<li><a href='?page_no=56170'>56170<\/a><\/li>\n\n    \n\t\n\n<li >\n\t<a href='?page_no=13465'>Next<\/a>\n\t<\/li>\n\n\n    \n\n<li><a href='?page_no=56170'>Last &rsaquo;&rsaquo;<\/a><\/li>\n\n<\/ul>\n\n\n--><br \/>\n<\/body><\/p>\n","protected":false},"excerpt":{"rendered":"<p>BERL\u00cdN, Alemania, 11 de marzo.- El presidente de Casa de Campo, Rafael Torres, elogi\u00f3 el apoyo decidido del gobierno del presidente Danilo Medina a la industria tur\u00edstica nacional. Torres calific\u00f3 como extraordinaria la labor que realiza el presidente Medina a trav\u00e9s del Ministerio de Turismo para crecer en el mercado europeo, uno de los mercados [&hellip;]<\/p>\n","protected":false},"author":3,"featured_media":0,"comment_status":"open","ping_status":"open","sticky":false,"template":"","format":"standard","meta":{"footnotes":""},"categories":[20],"tags":[],"class_list":["post-219109","post","type-post","status-publish","format-standard","hentry","category-dominicana-hoy"],"_links":{"self":[{"href":"https:\/\/diariodominicano.com\/index.php?rest_route=\/wp\/v2\/posts\/219109","targetHints":{"allow":["GET"]}}],"collection":[{"href":"https:\/\/diariodominicano.com\/index.php?rest_route=\/wp\/v2\/posts"}],"about":[{"href":"https:\/\/diariodominicano.com\/index.php?rest_route=\/wp\/v2\/types\/post"}],"author":[{"embeddable":true,"href":"https:\/\/diariodominicano.com\/index.php?rest_route=\/wp\/v2\/users\/3"}],"replies":[{"embeddable":true,"href":"https:\/\/diariodominicano.com\/index.php?rest_route=%2Fwp%2Fv2%2Fcomments&post=219109"}],"version-history":[{"count":0,"href":"https:\/\/diariodominicano.com\/index.php?rest_route=\/wp\/v2\/posts\/219109\/revisions"}],"wp:attachment":[{"href":"https:\/\/diariodominicano.com\/index.php?rest_route=%2Fwp%2Fv2%2Fmedia&parent=219109"}],"wp:term":[{"taxonomy":"category","embeddable":true,"href":"https:\/\/diariodominicano.com\/index.php?rest_route=%2Fwp%2Fv2%2Fcategories&post=219109"},{"taxonomy":"post_tag","embeddable":true,"href":"https:\/\/diariodominicano.com\/index.php?rest_route=%2Fwp%2Fv2%2Ftags&post=219109"}],"curies":[{"name":"wp","href":"https:\/\/api.w.org\/{rel}","templated":true}]}}