{"id":219107,"date":"2016-03-12T09:18:37","date_gmt":"2016-03-12T09:18:37","guid":{"rendered":"http:\/\/diariodominicano.ddns.net\/?p=219107"},"modified":"2016-03-12T09:18:37","modified_gmt":"2016-03-12T09:18:37","slug":"eddy-mateo-dice-danilo-medina-reiniciara-trabajos-de-presa-de-monte-grande","status":"publish","type":"post","link":"https:\/\/diariodominicano.com\/?p=219107","title":{"rendered":"Eddy Mateo dice Danilo Medina reiniciar\u00e1 trabajos de Presa de Monte Grande"},"content":{"rendered":"<p><body><\/p>\n<p><img decoding=\"async\" src=\"img3\/grande 3.jpg\" \/><br \/><img decoding=\"async\" src=\"img3\/presa 12.jpg\" \/>  <\/p>\n<p>Barahona RD 12 marzo.- .-El senador por la provincia de Barahona Eddy Mateo V\u00e1squez, anunci\u00f3 que el presidente de la Republica Danilo Medina le comunic\u00f3 que en los pr\u00f3ximos d\u00edas iniciaran los trabajos de construcci\u00f3n de la Presa de Monte Grande y no se detendr\u00e1n hasta su terminaci\u00f3n.<\/p>\n<\/p>\n<p>El legislador manifest\u00f3 que en conversaci\u00f3n con el jefe de estado en visita a esta provincia, este le inform\u00f3 que en Brasil fue liberado el impase financiero que imped\u00eda la ejecutoria de esta obra que beneficiar\u00e1 a m\u00e1s de 400 mil tareas que no reciben agua para el regad\u00edo y evitar las inundaciones de las comunidades que bordean el Rio Yaqu\u00e9 del Sur.<\/p>\n<\/p>\n<p>Mateo V\u00e1squez se\u00f1al\u00f3 que el presidente Medina junto a las autoridades del INDRHI entregar\u00e1 en rueda de Prensa en el Palacio Nacional el cheque a las instituciones que tiene el contrato comercial y financiero que ejecutan la hidroel\u00e9ctrica.<\/p>\n<\/p>\n<p>\u00abEl presidente Medina me inform\u00f3 personalmente que ya fue liberado el impase financiero en Brasil, daremos inicio en los pr\u00f3ximos d\u00edas a la ejecuci\u00f3n de la presa y estar\u00e1n convocando una rueda de prensa en el sal\u00f3n Orlando Mart\u00ednez de la casa de gobierno\u00bb expres\u00f3 el congresista.<\/p>\n<\/p>\n<p>Eddy Mateo quien ha sido una de la principal voz cantante en demanda de la construcci\u00f3n de la Presa de Monte Grande, indic\u00f3 el impacto para Barahona y la regi\u00f3n Enriquillo de este proyecto m\u00faltiples que beneficiar\u00eda a 700 mil tareas de las cuales 400 mil no reciben agua para el regad\u00edo, la producci\u00f3n de energ\u00eda, el suministro de agua potable, el control de las inundaciones y el incremento de la producci\u00f3n no solo agr\u00edcola sino tambi\u00e9n ganadera.<\/p>\n<\/p>\n<p>Se recuerda que el presidente Medina hab\u00eda dado el primer palazo para la construcci\u00f3n de la obra en febrero del 2014 donde se ten\u00eda previsto que dicha infraestructura fuera terminada a m\u00e1s tardar en junio de 2016.<\/p>\n<\/p>\n<p>Mientras que el 6 de junio del 2013 por iniciativa del senador Eddy Mateo V\u00e1squez se produjo un descenso de la C\u00e1mara Alta, donde 17 senadores fueron al lugar de los hechos a comprobar la paralizaci\u00f3n de los referidos trabajos.<\/p>\n<\/p>\n<p>En el lugar donde seria construida la hidroel\u00e9ctrica se puede observar una gran cantidad de maquinarias y veh\u00edculos pesados, un campamento que fue edificado por la misma compa\u00f1\u00eda para albergar a trabajadores y un personal que da mantenimiento a las referidas maquinas.<\/p>\n<\/p>\n<p>Los trabajos de construcci\u00f3n est\u00e1n a cargo del Consorcio Monte Grande, que dirige la firma brasile\u00f1a Andrade Guti\u00e9rrez donde los cinco componentes del proyecto m\u00faltiple, como la reparaci\u00f3n de la presa de Sabana Yegua, el control de inundaciones, el suministro de agua potable, el regad\u00edo a miles de tareas, la generaci\u00f3n de electricidad y la creaci\u00f3n de empleo tienen un costo de unos 17 mil 273 millones de pesos<\/p>\n<h6> 2016-03-12 09:18:37 <\/h6>\n<p><!--\n<link rel=\"stylesheet\" href=\"css\/bootstrap.min.css\">\n\n\n<ul class=\"pagination\">\n\t    \n\t\n\n<li >\n\t<a href='?page_no=13461'>Previous<\/a>\n\t<\/li>\n\n\n       \n    \n\n<li><a href='?page_no=1'>1<\/a><\/li>\n\n\n\n<li><a href='?page_no=2'>2<\/a><\/li>\n\n\n\n<li><a>...<\/a><\/li>\n\n\n\n<li><a href='?page_no=13460'>13460<\/a><\/li>\n\n\n\n<li><a href='?page_no=13461'>13461<\/a><\/li>\n\n\n\n<li class='active'><a>13462<\/a><\/li>\n\n\n\n<li><a href='?page_no=13463'>13463<\/a><\/li>\n\n\n\n<li><a href='?page_no=13464'>13464<\/a><\/li>\n\n\n\n<li><a>...<\/a><\/li>\n\n\n\n<li><a href='?page_no=56169'>56169<\/a><\/li>\n\n\n\n<li><a href='?page_no=56170'>56170<\/a><\/li>\n\n    \n\t\n\n<li >\n\t<a href='?page_no=13463'>Next<\/a>\n\t<\/li>\n\n\n    \n\n<li><a href='?page_no=56170'>Last &rsaquo;&rsaquo;<\/a><\/li>\n\n<\/ul>\n\n\n--><br \/>\n<\/body><\/p>\n","protected":false},"excerpt":{"rendered":"<p>Barahona RD 12 marzo.- .-El senador por la provincia de Barahona Eddy Mateo V\u00e1squez, anunci\u00f3 que el presidente de la Republica Danilo Medina le comunic\u00f3 que en los pr\u00f3ximos d\u00edas iniciaran los trabajos de construcci\u00f3n de la Presa de Monte Grande y no se detendr\u00e1n hasta su terminaci\u00f3n. El legislador manifest\u00f3 que en conversaci\u00f3n con [&hellip;]<\/p>\n","protected":false},"author":3,"featured_media":0,"comment_status":"open","ping_status":"open","sticky":false,"template":"","format":"standard","meta":{"footnotes":""},"categories":[20],"tags":[],"class_list":["post-219107","post","type-post","status-publish","format-standard","hentry","category-dominicana-hoy"],"_links":{"self":[{"href":"https:\/\/diariodominicano.com\/index.php?rest_route=\/wp\/v2\/posts\/219107","targetHints":{"allow":["GET"]}}],"collection":[{"href":"https:\/\/diariodominicano.com\/index.php?rest_route=\/wp\/v2\/posts"}],"about":[{"href":"https:\/\/diariodominicano.com\/index.php?rest_route=\/wp\/v2\/types\/post"}],"author":[{"embeddable":true,"href":"https:\/\/diariodominicano.com\/index.php?rest_route=\/wp\/v2\/users\/3"}],"replies":[{"embeddable":true,"href":"https:\/\/diariodominicano.com\/index.php?rest_route=%2Fwp%2Fv2%2Fcomments&post=219107"}],"version-history":[{"count":0,"href":"https:\/\/diariodominicano.com\/index.php?rest_route=\/wp\/v2\/posts\/219107\/revisions"}],"wp:attachment":[{"href":"https:\/\/diariodominicano.com\/index.php?rest_route=%2Fwp%2Fv2%2Fmedia&parent=219107"}],"wp:term":[{"taxonomy":"category","embeddable":true,"href":"https:\/\/diariodominicano.com\/index.php?rest_route=%2Fwp%2Fv2%2Fcategories&post=219107"},{"taxonomy":"post_tag","embeddable":true,"href":"https:\/\/diariodominicano.com\/index.php?rest_route=%2Fwp%2Fv2%2Ftags&post=219107"}],"curies":[{"name":"wp","href":"https:\/\/api.w.org\/{rel}","templated":true}]}}