{"id":219102,"date":"2016-03-12T17:02:24","date_gmt":"2016-03-12T17:02:24","guid":{"rendered":"http:\/\/diariodominicano.ddns.net\/?p=219102"},"modified":"2016-03-12T17:02:24","modified_gmt":"2016-03-12T17:02:24","slug":"fundacion-realiza-jornada-de-deteccion-del-glaucoma","status":"publish","type":"post","link":"https:\/\/diariodominicano.com\/?p=219102","title":{"rendered":"Fundaci\u00f3n realiza jornada de detecci\u00f3n del glaucoma"},"content":{"rendered":"<p><body><\/p>\n<p><img decoding=\"async\" src=\"img3\/glaucoma.jpg\" \/>  <\/p>\n<p><span class=\"text1noticias\">Santo Domingo, RD, 12 de Marzo.-La Fundaci\u00f3n Oftalmol\u00f3gica sin Frontera realiz\u00f3 una jornada de detenci\u00f3n de glaucoma con motivo de la celebraci\u00f3n del D\u00eda Internacional del Glaucoma.<\/span><\/p>\n<\/p>\n<p><span class=\"text1noticias\">El Operativo para Diagnostico de Glaucoma inicio a las 8:00 de la ma\u00f1ana y termin\u00f3o pasada las 12:00 del medio d\u00eda. <\/span><\/p>\n<\/p>\n<p><span class=\"text1noticias\">Los Doctores Ivanhoe Linares y Esteban Fern\u00e1ndez, presidente y Vicepresidente de la Fundaci\u00f3n Oftalmol\u00f3gica Sin Frontera atendieron a m\u00e1s de 95 pacientes recibiendo chequeo del glaucoma y el inicio de sus tratamientos <\/span><\/p>\n<\/p>\n<p><span class=\"text1noticias\">El Glaucoma es una enfermedad irreversible, por lo cual es tan importante hacerse su chequeo con tiempo<\/span>.<\/p>\n<h6> 2016-03-12 17:02:24 <\/h6>\n<p><!--\n<link rel=\"stylesheet\" href=\"css\/bootstrap.min.css\">\n\n\n<ul class=\"pagination\">\n\t    \n\t\n\n<li >\n\t<a href='?page_no=13457'>Previous<\/a>\n\t<\/li>\n\n\n       \n    \n\n<li><a href='?page_no=1'>1<\/a><\/li>\n\n\n\n<li><a href='?page_no=2'>2<\/a><\/li>\n\n\n\n<li><a>...<\/a><\/li>\n\n\n\n<li><a href='?page_no=13456'>13456<\/a><\/li>\n\n\n\n<li><a href='?page_no=13457'>13457<\/a><\/li>\n\n\n\n<li class='active'><a>13458<\/a><\/li>\n\n\n\n<li><a href='?page_no=13459'>13459<\/a><\/li>\n\n\n\n<li><a href='?page_no=13460'>13460<\/a><\/li>\n\n\n\n<li><a>...<\/a><\/li>\n\n\n\n<li><a href='?page_no=56169'>56169<\/a><\/li>\n\n\n\n<li><a href='?page_no=56170'>56170<\/a><\/li>\n\n    \n\t\n\n<li >\n\t<a href='?page_no=13459'>Next<\/a>\n\t<\/li>\n\n\n    \n\n<li><a href='?page_no=56170'>Last &rsaquo;&rsaquo;<\/a><\/li>\n\n<\/ul>\n\n\n--><br \/>\n<\/body><\/p>\n","protected":false},"excerpt":{"rendered":"<p>Santo Domingo, RD, 12 de Marzo.-La Fundaci\u00f3n Oftalmol\u00f3gica sin Frontera realiz\u00f3 una jornada de detenci\u00f3n de glaucoma con motivo de la celebraci\u00f3n del D\u00eda Internacional del Glaucoma. El Operativo para Diagnostico de Glaucoma inicio a las 8:00 de la ma\u00f1ana y termin\u00f3o pasada las 12:00 del medio d\u00eda. Los Doctores Ivanhoe Linares y Esteban Fern\u00e1ndez, [&hellip;]<\/p>\n","protected":false},"author":3,"featured_media":0,"comment_status":"open","ping_status":"open","sticky":false,"template":"","format":"standard","meta":{"footnotes":""},"categories":[20],"tags":[],"class_list":["post-219102","post","type-post","status-publish","format-standard","hentry","category-dominicana-hoy"],"_links":{"self":[{"href":"https:\/\/diariodominicano.com\/index.php?rest_route=\/wp\/v2\/posts\/219102","targetHints":{"allow":["GET"]}}],"collection":[{"href":"https:\/\/diariodominicano.com\/index.php?rest_route=\/wp\/v2\/posts"}],"about":[{"href":"https:\/\/diariodominicano.com\/index.php?rest_route=\/wp\/v2\/types\/post"}],"author":[{"embeddable":true,"href":"https:\/\/diariodominicano.com\/index.php?rest_route=\/wp\/v2\/users\/3"}],"replies":[{"embeddable":true,"href":"https:\/\/diariodominicano.com\/index.php?rest_route=%2Fwp%2Fv2%2Fcomments&post=219102"}],"version-history":[{"count":0,"href":"https:\/\/diariodominicano.com\/index.php?rest_route=\/wp\/v2\/posts\/219102\/revisions"}],"wp:attachment":[{"href":"https:\/\/diariodominicano.com\/index.php?rest_route=%2Fwp%2Fv2%2Fmedia&parent=219102"}],"wp:term":[{"taxonomy":"category","embeddable":true,"href":"https:\/\/diariodominicano.com\/index.php?rest_route=%2Fwp%2Fv2%2Fcategories&post=219102"},{"taxonomy":"post_tag","embeddable":true,"href":"https:\/\/diariodominicano.com\/index.php?rest_route=%2Fwp%2Fv2%2Ftags&post=219102"}],"curies":[{"name":"wp","href":"https:\/\/api.w.org\/{rel}","templated":true}]}}