{"id":219100,"date":"2016-03-13T14:26:12","date_gmt":"2016-03-13T14:26:12","guid":{"rendered":"http:\/\/diariodominicano.ddns.net\/?p=219100"},"modified":"2016-03-13T14:26:12","modified_gmt":"2016-03-13T14:26:12","slug":"mas-de-3-mil-agentes-estaran-al-servicio-de-la-ciudadania","status":"publish","type":"post","link":"https:\/\/diariodominicano.com\/?p=219100","title":{"rendered":"M\u00e1s de 3 mil agentes estar\u00e1n al servicio de la ciudadan\u00eda"},"content":{"rendered":"<p><body><\/p>\n<p><img decoding=\"async\" src=\"img3\/_DSC0673.JPG\" \/>  <\/p>\n<p><span class=\"text1noticias\">Santo Domingo, R. D., 13 de marzo.- La Autoridad Metropolitana de Transporte (AMET) anunci\u00f3 este domingo, una serie de medidas preventivas que ser\u00e1n implementadas en todas las autopistas y carreteras del pa\u00eds durante la Semana Santa 2016, para garantizar la correcta circulaci\u00f3n del tr\u00e1nsito y prevenir accidentes lamentables. Precis\u00f3 que las acciones estar\u00e1n amparadas en la Ley 241 sobre Tr\u00e1nsito de Veh\u00edculos y sus modificaciones.<\/span><\/p>\n<p><span class=\"text1noticias\"> <\/span><\/p>\n<p><span class=\"text1noticias\">Dijo que las medidas preventivas ser\u00e1n materializadas de manera coordinada con el Centro de Operaciones de Emergencia (COE), la Polic\u00eda Nacional y el Ministerio de Obras P\u00fablicas (MOPC), organismo que cubre todo el pa\u00eds con su programa de asistencia vial.<\/span><\/p>\n<p><span class=\"text1noticias\"> <\/span><\/p>\n<p><span class=\"text1noticias\">\u00abImplementaremos todas las medidas preventivas que sean necesarias para garantizar la protecci\u00f3n de los conductores y peatones durante la Semana Santa, per\u00edodo en el cual se desplazaran miles de personas a distintos puntos del pa\u00eds\u00bb, precis\u00f3 el organismo encargado de regular el tr\u00e1nsito durante una rueda de prensa celebrada en la sede de esa instituci\u00f3n.<\/span><\/p>\n<p><span class=\"text1noticias\"> <\/span><\/p>\n<p><span class=\"text1noticias\">Los detalles del operativo fueron ofrecidos por el vocero de la AMET, Diego Pesqueira, quien insisti\u00f3 en que siempre es importante recordar la importancia de usar el cintur\u00f3n, no hablar por el celular al manejar, usar el casco protector, respetar la luz roja, no tomar alcohol al conducir, respetar los l\u00edmites de velocidad y a los peatones.<\/span><\/p>\n<p><span class=\"text1noticias\"> <\/span><\/p>\n<p><span class=\"text1noticias\">Pesqueira destac\u00f3, adem\u00e1s, que todo el personal de la AMET, incluyendo aquellos que laboran en las \u00e1reas administrativas estar\u00e1 integrado a las labores de viabilizaci\u00f3n y prevenci\u00f3n de accidentes.<\/span><\/p>\n<p><span class=\"text1noticias\"> <\/span><\/p>\n<p><span class=\"text1noticias\">\u00abEs oportuno se\u00f1alar que todo el personal de la AMET estar\u00e1 integrado al COE de manera proactiva, ya que es el organismo que encabeza el operativo de Semana Santa\u00bb, dijo el vocero de la AMET.<\/span><\/p>\n<p><span class=\"text1noticias\"> <\/span><\/p>\n<p><span class=\"text1noticias\">Sostuvo que es inter\u00e9s del director de la AMET, general Frener Bello Arias, dar especial asistencia a todos los ciudadanos que decidan desplazarse en la pr\u00f3xima Semana Santa, con el objetivo de evitar situaciones lamentables en accidentes de tr\u00e1nsito.<\/span><\/p>\n<p><span class=\"text1noticias\"> <\/span><\/p>\n<p><span class=\"text1noticias\">Estuvieron presentes en la rueda de prensa la subdirectora de AMET, Clara Melgen y el teniente coronel Ram\u00f3n L. De Le\u00f3n Reyes, director de Recursos Humanos. Tambi\u00e9n Alexandra Cede\u00f1o y la teniente coronel Celeste Yanet Jim\u00e9nez, directora y subdirectora de la Direcci\u00f3n de Planificaci\u00f3n y Desarrollo, respectivamente.<\/span><\/p>\n<p><span class=\"text1noticias\"> <\/span><\/p>\n<p><span class=\"text1noticias\">Zonas vulnerables.<\/span><\/p>\n<p><span class=\"text1noticias\">Pesqueira destac\u00f3 que por instrucciones del general Bello Arias fueron identificadas en todo el pa\u00eds las zonas de m\u00e1s vulnerables para los conductores, donde se instalar\u00e1n dispositivos preventivos permanentes.<\/span><\/p>\n<p><span class=\"text1noticias\"> <\/span><\/p>\n<p><span class=\"text1noticias\">Control de velocidad<\/span><\/p>\n<p><span class=\"text1noticias\">\u00abTodo el personal de la AMET tendr\u00e1 especial atenci\u00f3n en controlar los l\u00edmites de velocidad a todos los conductores mediante la utilizaci\u00f3n de radares\u00bb, destac\u00f3 el vocero del organismo encargado de regular el tr\u00e1nsito.<\/span><\/p>\n<p><span class=\"text1noticias\"> <\/span><\/p>\n<p><span class=\"text1noticias\">Precis\u00f3 que todo conductor sorprendido excediendo los l\u00edmites de velocidad ser\u00e1 fiscalizado en cumplimiento de la Ley 241 sobre tr\u00e1nsito y sus modificaciones.<\/span><\/p>\n<p><span class=\"text1noticias\"> <\/span><\/p>\n<p><span class=\"text1noticias\">Prohibiciones<\/span><\/p>\n<p><span class=\"text1noticias\">De igual forma, la AMET record\u00f3 que no se permitir\u00e1 que personas viajen en la parte trasera de camionetas y camiones.<\/span><\/p>\n<p><span class=\"text1noticias\"> <\/span><\/p>\n<p><span class=\"text1noticias\">Motociclistas<\/span><\/p>\n<p><span class=\"text1noticias\">En cuanto a los motociclistas, Pesqueira explic\u00f3 que desde ya se inici\u00f3 una amplia campa\u00f1a de orientaci\u00f3n para recordarles la importancia de llevar puesto los cascos protectores y de no utilizar ese medio de transporte como un veh\u00edculo de carga.<\/span><\/p>\n<p><span class=\"text1noticias\"> <\/span><\/p>\n<p><span class=\"text1noticias\">\u00abEstamos enfocados en proteger a los usuarios de motocicletas ya que son los m\u00e1s vulnerables en las v\u00edas\u00bb, dijo.<\/span><\/p>\n<p><span class=\"text1noticias\">-Acciones puntuales.<\/span><\/p>\n<p><span class=\"text1noticias\"> <\/span><\/p>\n<p><span class=\"text1noticias\">Pesqueira adelant\u00f3 que adem\u00e1s de las labores preventivas, personal de la AMET pondr\u00e1 en marcha una agresiva campa\u00f1a de difusi\u00f3n radial, televisiva e impresa, para dar a conocer las medidas preventivas por la Semana Mayor.<\/span><\/p>\n<p><span class=\"text1noticias\"> <\/span><\/p>\n<p><span class=\"text1noticias\">Lugares focalizados de orientaci\u00f3n<\/span><\/p>\n<p><span class=\"text1noticias\">La AMET intensificar\u00e1 las acciones preventivas de orientaci\u00f3n y entrega de material educativo en paradas de motociclistas, terminales de transportes de carga, estaciones de peajes, terminales interurbanas, centros comerciales, conductores en general, playas, r\u00edos y centros de esparcimiento p\u00fablicos.<\/span><\/p>\n<p><span class=\"text1noticias\"> <\/span><\/p>\n<p><span class=\"text1noticias\">Llamado a la prudencia<\/span><\/p>\n<p><span class=\"text1noticias\">El organismo encargado de regular el tr\u00e1nsito aprovech\u00f3 la ocasi\u00f3n para reiterar a las personas que decidan salir de sus hogares a distintos puntos del pa\u00eds que deben utilizar las v\u00edas con prudencia  durante la Semana Mayor y siempre, para que puedan retornar tranquilos y felices a sus hogares.<\/span><\/p>\n<p><span class=\"text1noticias\"> <\/span><\/p>\n<p><span class=\"text1noticias\">Log\u00edstica<\/span><\/p>\n<p><span class=\"text1noticias\">Pesqueira anunci\u00f3 que m\u00e1s de 3 mil agentes de la AMET estar\u00e1n al servicio de toda la ciudadan\u00eda tanto en autopistas como en carreteras. Destac\u00f3 que un personal estar\u00e1 dedicado de manera espec\u00edfica a la asistencia vial.<\/span><\/p>\n<p><span class=\"text1noticias\"> <\/span><\/p>\n<p><span class=\"text1noticias\">Revisi\u00f3n de sus veh\u00edculos<\/span><\/p>\n<p><span class=\"text1noticias\">La AMET recomend\u00f3 a los conductores que antes de emprender cualquier viaje dediquen tiempo para revisar sus veh\u00edculos, en especial verificar el estado de los neum\u00e1ticos. \u00abUna correcta verificaci\u00f3n de su veh\u00edculo puede evitar una situaci\u00f3n l<\/span>amentable\u00bb, dijo.<\/p>\n<h6> 2016-03-13 14:26:12 <\/h6>\n<p><!--\n<link rel=\"stylesheet\" href=\"css\/bootstrap.min.css\">\n\n\n<ul class=\"pagination\">\n\t    \n\t\n\n<li >\n\t<a href='?page_no=13455'>Previous<\/a>\n\t<\/li>\n\n\n       \n    \n\n<li><a href='?page_no=1'>1<\/a><\/li>\n\n\n\n<li><a href='?page_no=2'>2<\/a><\/li>\n\n\n\n<li><a>...<\/a><\/li>\n\n\n\n<li><a href='?page_no=13454'>13454<\/a><\/li>\n\n\n\n<li><a href='?page_no=13455'>13455<\/a><\/li>\n\n\n\n<li class='active'><a>13456<\/a><\/li>\n\n\n\n<li><a href='?page_no=13457'>13457<\/a><\/li>\n\n\n\n<li><a href='?page_no=13458'>13458<\/a><\/li>\n\n\n\n<li><a>...<\/a><\/li>\n\n\n\n<li><a href='?page_no=56169'>56169<\/a><\/li>\n\n\n\n<li><a href='?page_no=56170'>56170<\/a><\/li>\n\n    \n\t\n\n<li >\n\t<a href='?page_no=13457'>Next<\/a>\n\t<\/li>\n\n\n    \n\n<li><a href='?page_no=56170'>Last &rsaquo;&rsaquo;<\/a><\/li>\n\n<\/ul>\n\n\n--><br \/>\n<\/body><\/p>\n","protected":false},"excerpt":{"rendered":"<p>Santo Domingo, R. D., 13 de marzo.- La Autoridad Metropolitana de Transporte (AMET) anunci\u00f3 este domingo, una serie de medidas preventivas que ser\u00e1n implementadas en todas las autopistas y carreteras del pa\u00eds durante la Semana Santa 2016, para garantizar la correcta circulaci\u00f3n del tr\u00e1nsito y prevenir accidentes lamentables. Precis\u00f3 que las acciones estar\u00e1n amparadas en [&hellip;]<\/p>\n","protected":false},"author":3,"featured_media":0,"comment_status":"open","ping_status":"open","sticky":false,"template":"","format":"standard","meta":{"footnotes":""},"categories":[20],"tags":[],"class_list":["post-219100","post","type-post","status-publish","format-standard","hentry","category-dominicana-hoy"],"_links":{"self":[{"href":"https:\/\/diariodominicano.com\/index.php?rest_route=\/wp\/v2\/posts\/219100","targetHints":{"allow":["GET"]}}],"collection":[{"href":"https:\/\/diariodominicano.com\/index.php?rest_route=\/wp\/v2\/posts"}],"about":[{"href":"https:\/\/diariodominicano.com\/index.php?rest_route=\/wp\/v2\/types\/post"}],"author":[{"embeddable":true,"href":"https:\/\/diariodominicano.com\/index.php?rest_route=\/wp\/v2\/users\/3"}],"replies":[{"embeddable":true,"href":"https:\/\/diariodominicano.com\/index.php?rest_route=%2Fwp%2Fv2%2Fcomments&post=219100"}],"version-history":[{"count":0,"href":"https:\/\/diariodominicano.com\/index.php?rest_route=\/wp\/v2\/posts\/219100\/revisions"}],"wp:attachment":[{"href":"https:\/\/diariodominicano.com\/index.php?rest_route=%2Fwp%2Fv2%2Fmedia&parent=219100"}],"wp:term":[{"taxonomy":"category","embeddable":true,"href":"https:\/\/diariodominicano.com\/index.php?rest_route=%2Fwp%2Fv2%2Fcategories&post=219100"},{"taxonomy":"post_tag","embeddable":true,"href":"https:\/\/diariodominicano.com\/index.php?rest_route=%2Fwp%2Fv2%2Ftags&post=219100"}],"curies":[{"name":"wp","href":"https:\/\/api.w.org\/{rel}","templated":true}]}}