{"id":219099,"date":"2016-03-13T22:30:35","date_gmt":"2016-03-13T22:30:35","guid":{"rendered":"http:\/\/diariodominicano.ddns.net\/?p=219099"},"modified":"2016-03-13T22:30:35","modified_gmt":"2016-03-13T22:30:35","slug":"rector-uasd-afirma-muerte-de-aquino-febrillet-es-producto-de-la-intolerancia","status":"publish","type":"post","link":"https:\/\/diariodominicano.com\/?p=219099","title":{"rendered":"Rector UASD afirma muerte de Aquino Febrillet es producto de la intolerancia"},"content":{"rendered":"<p><body><\/p>\n<p><img decoding=\"async\" src=\"img3\/rector.jpg\" \/><br \/><img decoding=\"async\" src=\"img3\/Luis.jpg\" \/>  <\/p>\n<p><span class=\"text1noticias\">Santo Domingo, R. D., 13 de marzo.- El rector de la Universidad Aut\u00f3noma de Santo Domingo (UASD), doctor Iv\u00e1n Grull\u00f3n Fern\u00e1ndez, afirm\u00f3 con muestras de pesar,  que la muerte violenta del ex rector maestro Mateo Aquino Febrillet,  fue producto del irracional ejercicio de la intolerancia o de la sevicia.<\/span><\/p>\n<p><span class=\"text1noticias\"> <\/span><\/p>\n<p><span class=\"text1noticias\">Grull\u00f3n  Fern\u00e1ndez, se expres\u00f3 en esos t\u00e9rminos cuando en compa\u00f1\u00eda de los miembros del Honorable Consejo Universitario, profesores, estudiantes y empleados de la UASD, desped\u00edan los restos mortales del malogrado exrector y candidato a senador por la provincia de San Crist\u00f3bal, en un acto realizado en el Aula Magna de esa casa de altos estudios. <\/span><\/p>\n<p><span class=\"text1noticias\"> <\/span><\/p>\n<p><span class=\"text1noticias\">\u00abMe ha dolido mucho su muerte, que fue una muerte desconcertante, prohijada por la virulencia pol\u00edtica, una muerte a destiempo, provocada por la incomprensi\u00f3n y la irracionalidad\u00bb, enfatiz\u00f3 el m\u00e1ximo incumbente universitario.<\/span><\/p>\n<p><span class=\"text1noticias\"> <\/span><\/p>\n<p><span class=\"text1noticias\">Agreg\u00f3 que  la familia universitaria adem\u00e1s de compungida, se siente enervada e impotente por  una tristeza profunda e intensa, que no parece tener l\u00edmites lo que  embarga el \u00e1nimo de todos los integrantes de esa familia universitaria, desde que supieron la noticia infausta;  afirmando adem\u00e1s,  que los  corazones de cada uno de ellos, se sienten agobiados, perturbados ante la sinraz\u00f3n de la muerte de uno de sus integrantes.<\/span><\/p>\n<p><span class=\"text1noticias\"> <\/span><\/p>\n<p><span class=\"text1noticias\">El  rector de la UASD,  en su intervenci\u00f3n, les manifest\u00f3 a la familia de Aquino Febrillet,  ser conocedor del momento de profundo dolor moral por el que pasaban, al tiempo que reconoc\u00eda lo dif\u00edcil de consolarse ante una p\u00e9rdida tan terrible y tan dantesca, pero que  el Todopoderoso podr\u00eda  asistirlos y darles paz, porque tienen la fortuna de que quien parti\u00f3 de este mundo era una persona buena, que dej\u00f3 en ellos muy gratos recuerdos.<\/span><\/p>\n<p><span class=\"text1noticias\"> <\/span><\/p>\n<p><span class=\"text1noticias\">La primera guardia montada ante el f\u00e9retro de Aquino Febrillet, estuvo encabezada por el rector doctor Iv\u00e1n Grull\u00f3n Fern\u00e1ndez; los pasados rectores Porfirio Garc\u00eda Fern\u00e1ndez,  Roberto Reyna, Franklin Garc\u00eda Fermin, Julio Ravelo Astacio, Edilberto Cabral, Fernando S\u00e1nchez Mart\u00ednez y la ministra de Educaci\u00f3n Superior Ciencia y Tecnolog\u00eda, maestra Ligia Amada Melo.<\/span><\/p>\n<p><span class=\"text1noticias\"> <\/span><\/p>\n<p><span class=\"text1noticias\">La lectura de la  biograf\u00eda del extinto servidor universitario fue le\u00edda por el decano de la Facultad de Ciencias Econ\u00f3micas y Sociales, maestro Ram\u00f3n Desangles Flores, a la cual pertenec\u00eda el uasdiano ido  a destiempo. <\/span><\/p>\n<p><span class=\"text1noticias\">Al acto de honras f\u00fanebres asistieron el licenciado Luis Abinader y su esposa, quienes estuvieron acompa\u00f1ados de la doctora Carolina <\/span>Mejia.<\/p>\n<h6> 2016-03-13 22:30:35 <\/h6>\n<p><!--\n<link rel=\"stylesheet\" href=\"css\/bootstrap.min.css\">\n\n\n<ul class=\"pagination\">\n\t    \n\t\n\n<li >\n\t<a href='?page_no=13454'>Previous<\/a>\n\t<\/li>\n\n\n       \n    \n\n<li><a href='?page_no=1'>1<\/a><\/li>\n\n\n\n<li><a href='?page_no=2'>2<\/a><\/li>\n\n\n\n<li><a>...<\/a><\/li>\n\n\n\n<li><a href='?page_no=13453'>13453<\/a><\/li>\n\n\n\n<li><a href='?page_no=13454'>13454<\/a><\/li>\n\n\n\n<li class='active'><a>13455<\/a><\/li>\n\n\n\n<li><a href='?page_no=13456'>13456<\/a><\/li>\n\n\n\n<li><a href='?page_no=13457'>13457<\/a><\/li>\n\n\n\n<li><a>...<\/a><\/li>\n\n\n\n<li><a href='?page_no=56169'>56169<\/a><\/li>\n\n\n\n<li><a href='?page_no=56170'>56170<\/a><\/li>\n\n    \n\t\n\n<li >\n\t<a href='?page_no=13456'>Next<\/a>\n\t<\/li>\n\n\n    \n\n<li><a href='?page_no=56170'>Last &rsaquo;&rsaquo;<\/a><\/li>\n\n<\/ul>\n\n\n--><br \/>\n<\/body><\/p>\n","protected":false},"excerpt":{"rendered":"<p>Santo Domingo, R. D., 13 de marzo.- El rector de la Universidad Aut\u00f3noma de Santo Domingo (UASD), doctor Iv\u00e1n Grull\u00f3n Fern\u00e1ndez, afirm\u00f3 con muestras de pesar, que la muerte violenta del ex rector maestro Mateo Aquino Febrillet, fue producto del irracional ejercicio de la intolerancia o de la sevicia. Grull\u00f3n Fern\u00e1ndez, se expres\u00f3 en esos [&hellip;]<\/p>\n","protected":false},"author":3,"featured_media":0,"comment_status":"open","ping_status":"open","sticky":false,"template":"","format":"standard","meta":{"footnotes":""},"categories":[20],"tags":[],"class_list":["post-219099","post","type-post","status-publish","format-standard","hentry","category-dominicana-hoy"],"_links":{"self":[{"href":"https:\/\/diariodominicano.com\/index.php?rest_route=\/wp\/v2\/posts\/219099","targetHints":{"allow":["GET"]}}],"collection":[{"href":"https:\/\/diariodominicano.com\/index.php?rest_route=\/wp\/v2\/posts"}],"about":[{"href":"https:\/\/diariodominicano.com\/index.php?rest_route=\/wp\/v2\/types\/post"}],"author":[{"embeddable":true,"href":"https:\/\/diariodominicano.com\/index.php?rest_route=\/wp\/v2\/users\/3"}],"replies":[{"embeddable":true,"href":"https:\/\/diariodominicano.com\/index.php?rest_route=%2Fwp%2Fv2%2Fcomments&post=219099"}],"version-history":[{"count":0,"href":"https:\/\/diariodominicano.com\/index.php?rest_route=\/wp\/v2\/posts\/219099\/revisions"}],"wp:attachment":[{"href":"https:\/\/diariodominicano.com\/index.php?rest_route=%2Fwp%2Fv2%2Fmedia&parent=219099"}],"wp:term":[{"taxonomy":"category","embeddable":true,"href":"https:\/\/diariodominicano.com\/index.php?rest_route=%2Fwp%2Fv2%2Fcategories&post=219099"},{"taxonomy":"post_tag","embeddable":true,"href":"https:\/\/diariodominicano.com\/index.php?rest_route=%2Fwp%2Fv2%2Ftags&post=219099"}],"curies":[{"name":"wp","href":"https:\/\/api.w.org\/{rel}","templated":true}]}}