{"id":219097,"date":"2016-03-13T23:26:15","date_gmt":"2016-03-13T23:26:15","guid":{"rendered":"http:\/\/diariodominicano.ddns.net\/?p=219097"},"modified":"2016-03-13T23:26:15","modified_gmt":"2016-03-13T23:26:15","slug":"sepultan-restos-de-asesinado-exrector-universitario-dominicano","status":"publish","type":"post","link":"https:\/\/diariodominicano.com\/?p=219097","title":{"rendered":"Sepultan restos de asesinado exrector universitario dominicano"},"content":{"rendered":"<p><body><\/p>\n<p><img decoding=\"async\" src=\"img3\/febrillet56.jpg\" \/>  <\/p>\n<p><span class=\"text1noticias\">Santo Domingo, 13 mar (PL) Los restos del exrector de la Universidad Aut\u00f3noma de Santo Domingo (UASD), Mateo Aquino Febrillet, asesinado el pasado viernes, fueron sepultados hoy en el capitalino cementerio Puerta del Cielo.<\/span><\/p>\n<p><span class=\"text1noticias\"> <\/span><\/p>\n<p><span class=\"text1noticias\">Al sepelio asistieron el rector de la UASD, Iv\u00e1n Grull\u00f3n, profesores, estudiantes y figuras del Partido Revolucionario Moderno (PRM), del cual Febrillet era candidato a senador en los momentos de su muerte.<\/span><\/p>\n<p><span class=\"text1noticias\"> <\/span><\/p>\n<p><span class=\"text1noticias\">Los restos de Febrillet fueron llevados al cementerio despu\u00e9s que autoridades, profesores y estudiantes le rindieran honores en su condici\u00f3n de rector de la alta casa de estudios, que decret\u00f3 tres d\u00edas de duelo.<\/span><\/p>\n<p><span class=\"text1noticias\"> <\/span><\/p>\n<p><span class=\"text1noticias\">La primera guardia de honor la encabezaron el rector Grull\u00f3n y la ministra de Educaci\u00f3n Superior, Ligia Amada Melo y, al final de la ceremonia, el f\u00e9retro con el cuerpo de Febrillet fue llevado a sepultar.<\/span><\/p>\n<p><span class=\"text1noticias\"> <\/span><\/p>\n<p><span class=\"text1noticias\">Febrillet era candidato a senador por la provincia de San Crist\u00f3bal por el opositor PRM y muri\u00f3 asesinado el viernes \u00faltimo al salir de una reuni\u00f3n pol\u00edtica de esa organizaci\u00f3n en esta capital.<\/span><\/p>\n<p><span class=\"text1noticias\"> <\/span><\/p>\n<p><span class=\"text1noticias\">Seg\u00fan versiones, Febrillet medi\u00f3 en una discusi\u00f3n entre los aspirantes a diputados Blas Peralta y Edward Mont\u00e1s. Pero, al marcharse Febrillet con Mont\u00e1s, Peralta los sigui\u00f3 y les dispar\u00f3 ocasionando la muerte del exrector.<\/span><\/p>\n<p><span class=\"text1noticias\"> <\/span><\/p>\n<p><span class=\"text1noticias\">Peralta se encuentra actualmente detenido en un calabozo del Palacio de Justicia, donde espera por una decisi\u00f3n en torno a un procedimiento que debe presentar la Fiscal\u00eda.<\/span><\/p>\n<p><span class=\"text1noticias\"> <\/span><\/p>\n<p><span class=\"text1noticias\">La Fiscal capitalina, Yeni Berenice, inform\u00f3 que solicitar\u00e1 prisi\u00f3n preventiva como medida de coerci\u00f3n contra Peralta y se actuar\u00e1 conforme a lo establecido para asesinato.<\/span><\/p>\n<p><span class=\"text1noticias\"> <\/span><\/p>\n<p><span class=\"text1noticias\">En torno al Palacio de Justicia fueron desplegados agentes del equipo SWAT de la Polic\u00eda y se colocaron vallas met\u00e1licas como parte de un evidente reforzamiento de la seguridad.<\/span><\/p>\n<p><span class=\"text1noticias\"> <\/span><\/p>\n<p><span class=\"text1noticias\">Peralta dirige la Federaci\u00f3n Nacional de Transporte Dominicano (Fenatrado), cuya sede central fue allanada la v\u00edspera por la polic\u00eda, que realiz\u00f3 arrestos y decomis\u00f3 documentos.<\/span><\/p>\n<p><span class=\"text1noticias\"> <\/span><\/p>\n<p><span class=\"text1noticias\">El vocero de la Polic\u00eda Nacional, general M\u00e1ximo B\u00e1ez, asegur\u00f3 que Peralta tiene registradas a su nombre armas de fuego y que hay cuatro personas detenidas en el caso.<\/span><\/p>\n<p><span class=\"text1noticias\"> <\/span><\/p>\n<p><span class=\"text1noticias\">Desde hace 10 a\u00f1os, Peralta es presidente del sindicato de transportistas m\u00e1s poderoso del pa\u00eds y se ha visto envuelto en varios casos judiciales, incluyendo uno por corrupci\u00f3n.<\/span><\/p>\n<p><span class=\"text1noticias\"> <\/span><\/p>\n<p><span class=\"text1noticias\">En 2009 fue absuelto por la muerte del sindicalista Camilo Lesp\u00edn durante un incidente entre ch\u00f3feres y agrupaciones, donde result\u00f3 condenado a 20 a\u00f1os Dionisio L\u00f3pez Hern\u00e1ndez.<\/span><\/p>\n<p><span class=\"text1noticias\"> <\/span><\/p>\n<p><span class=\"text1noticias\">Tambi\u00e9n Peralta form\u00f3 el Partido de la Esperanza Nacional (PEN), cuya validez no fue aprobada por la Junta Central Electoral.<\/span><\/p>\n<h6> 2016-03-13 23:26:15 <\/h6>\n<p><!--\n<link rel=\"stylesheet\" href=\"css\/bootstrap.min.css\">\n\n\n<ul class=\"pagination\">\n\t    \n\t\n\n<li >\n\t<a href='?page_no=13452'>Previous<\/a>\n\t<\/li>\n\n\n       \n    \n\n<li><a href='?page_no=1'>1<\/a><\/li>\n\n\n\n<li><a href='?page_no=2'>2<\/a><\/li>\n\n\n\n<li><a>...<\/a><\/li>\n\n\n\n<li><a href='?page_no=13451'>13451<\/a><\/li>\n\n\n\n<li><a href='?page_no=13452'>13452<\/a><\/li>\n\n\n\n<li class='active'><a>13453<\/a><\/li>\n\n\n\n<li><a href='?page_no=13454'>13454<\/a><\/li>\n\n\n\n<li><a href='?page_no=13455'>13455<\/a><\/li>\n\n\n\n<li><a>...<\/a><\/li>\n\n\n\n<li><a href='?page_no=56169'>56169<\/a><\/li>\n\n\n\n<li><a href='?page_no=56170'>56170<\/a><\/li>\n\n    \n\t\n\n<li >\n\t<a href='?page_no=13454'>Next<\/a>\n\t<\/li>\n\n\n    \n\n<li><a href='?page_no=56170'>Last &rsaquo;&rsaquo;<\/a><\/li>\n\n<\/ul>\n\n\n--><br \/>\n<\/body><\/p>\n","protected":false},"excerpt":{"rendered":"<p>Santo Domingo, 13 mar (PL) Los restos del exrector de la Universidad Aut\u00f3noma de Santo Domingo (UASD), Mateo Aquino Febrillet, asesinado el pasado viernes, fueron sepultados hoy en el capitalino cementerio Puerta del Cielo. Al sepelio asistieron el rector de la UASD, Iv\u00e1n Grull\u00f3n, profesores, estudiantes y figuras del Partido Revolucionario Moderno (PRM), del cual [&hellip;]<\/p>\n","protected":false},"author":3,"featured_media":0,"comment_status":"open","ping_status":"open","sticky":false,"template":"","format":"standard","meta":{"footnotes":""},"categories":[20],"tags":[],"class_list":["post-219097","post","type-post","status-publish","format-standard","hentry","category-dominicana-hoy"],"_links":{"self":[{"href":"https:\/\/diariodominicano.com\/index.php?rest_route=\/wp\/v2\/posts\/219097","targetHints":{"allow":["GET"]}}],"collection":[{"href":"https:\/\/diariodominicano.com\/index.php?rest_route=\/wp\/v2\/posts"}],"about":[{"href":"https:\/\/diariodominicano.com\/index.php?rest_route=\/wp\/v2\/types\/post"}],"author":[{"embeddable":true,"href":"https:\/\/diariodominicano.com\/index.php?rest_route=\/wp\/v2\/users\/3"}],"replies":[{"embeddable":true,"href":"https:\/\/diariodominicano.com\/index.php?rest_route=%2Fwp%2Fv2%2Fcomments&post=219097"}],"version-history":[{"count":0,"href":"https:\/\/diariodominicano.com\/index.php?rest_route=\/wp\/v2\/posts\/219097\/revisions"}],"wp:attachment":[{"href":"https:\/\/diariodominicano.com\/index.php?rest_route=%2Fwp%2Fv2%2Fmedia&parent=219097"}],"wp:term":[{"taxonomy":"category","embeddable":true,"href":"https:\/\/diariodominicano.com\/index.php?rest_route=%2Fwp%2Fv2%2Fcategories&post=219097"},{"taxonomy":"post_tag","embeddable":true,"href":"https:\/\/diariodominicano.com\/index.php?rest_route=%2Fwp%2Fv2%2Ftags&post=219097"}],"curies":[{"name":"wp","href":"https:\/\/api.w.org\/{rel}","templated":true}]}}