{"id":219095,"date":"2016-03-14T00:23:43","date_gmt":"2016-03-14T00:23:43","guid":{"rendered":"http:\/\/diariodominicano.ddns.net\/?p=219095"},"modified":"2016-03-14T00:23:43","modified_gmt":"2016-03-14T00:23:43","slug":"cadena-humana-en-la-cordillera-central-clama-atencion-urgente-del-gobierno","status":"publish","type":"post","link":"https:\/\/diariodominicano.com\/?p=219095","title":{"rendered":"Cadena humana en la  Cordillera Central &#13;clama atenci\u00f3n  urgente del gobierno"},"content":{"rendered":"<p><body><\/p>\n<p><img decoding=\"async\" src=\"img3\/Cadena humana cordillera.JPG\" \/>  <\/p>\n<\/p>\n<p><span class=\"text1noticias\">Moradores de 20 comunidades de Padre Las Casas, demandaron mediante una una cadena humana, el arreglo de la carretera, rota desde hace seis meses y  demandando la construcci\u00f3n de las escuelas. Un herido muri\u00f3 hace semanas al no poder ser trasladado a tiempo a un centro m\u00e9dico. Seis accidentes han ocurrido por el estado de la v\u00eda.<\/span><\/p>\n<\/p>\n<p><span class=\"text1noticias\">SERVICIO ESPECIAL <\/span><\/p>\n<p><span class=\"text1noticias\"><strong>Jos\u00e9 Rafael Sosa<\/strong><\/span><\/p>\n<\/p>\n<p><strong><span class=\"text1noticias\">Cordillera Central, RD, 13 de Marzo de 2016.-<\/span><\/strong><span class=\"text1noticias\"> Agarrados de las manos a la orilla de la carretera Padre Las Casas-Constanza y vistiendo sus mejores galas,  estos  moradores de la cordillera Central realizaron una cadena humana para reclamar al gobierno el arreglo de esa v\u00eda, que colaps\u00f3 con las lluvias de septiembre del a\u00f1o pasado y aun no ha sido reparada.La cadena humana se extendi\u00f3 Las Lagunas hasta el rio Yaquecillo hasta Constanza.<\/span><\/p>\n<\/p>\n<p><span class=\"text1noticias\">\u00abSeis meses de olvido y de desatenci\u00f3n son m\u00e1s que suficientes, ya est\u00e1 bueno.No queremos seguir siendo invisibles para el gobierno ni para la sociedad dominicana\u00bb, \u00bb proclam\u00f3 Glenys Delgado, residente en la comunidad monta\u00f1osa El Tetero.<\/span><\/p>\n<p><span class=\"text1noticias\">Las comunidades que participaron en la cadena humana son Las Lagunas, El Chocho, El Lim\u00f3n, Las Lajas, Botoncillo, Gajo de Monte, El Jobal, Majaguita, el Jobal, Las Ca\u00f1itas, Los Auqueyes, Elechal, el Palero, La Paila, La Cienaga del Limoncito, Arroyo Naranjo, Los Cayetanos, Periquito, El Tetero, La Fortuna, El Roblito, Los Rodr\u00edguez, La Paila, Fundo Viejo,  El Gramazo, Corralito y Sabina del Sur. <\/span><\/p>\n<p><span class=\"text1noticias\">Los habitantes de la monta\u00f1a tambi\u00e9n pidieron la construcci\u00f3n de escuelas en las comunidades El Gramazo, Vallecito, Los Rodr\u00edguez, Majaguita, Gajo de Monte, El Chocho y El Lim\u00f3n, y la reparaci\u00f3n y ampliaci\u00f3n del liceo del Distrito Municipal de Las Lagunas, deteriorado y desbordado por la cantidad de alumnos.<\/span><\/p>\n<p><span class=\"text1noticias\">Dicen los denunciantes que por el deterioro de la v\u00eda m\u00e1s de veinte comunidades se mantienen semi-paralizadas y han ocurrido seis accidentes.<\/span><\/p>\n<p><span class=\"text1noticias\">\u00abTenemos dificultad para bajar las cosechas, para trasladar los enfermos, para que lleguen los maestros y los m\u00e9dicos y para que nuestros hijos vayan a la escuela, y as\u00ed como vamos a avanzar\u00bb, puntualiz\u00f3.<\/span><\/p>\n<p><span class=\"text1noticias\">\u00abUn d\u00eda ?a\u00f1adi\u00f3- vimos morir a LuciloDelgado, residente en la comunidad Gajo de Monte,quien, tras resultar herido, no pudo ser trasladado al hospital de Padre Las Casas, por las condiciones del camino\u00bb.<\/span><\/p>\n<p><span class=\"text1noticias\">La carretera que une a Padre Las Casas y Constanza tiene 60 kil\u00f3metros. El ayuntamiento del Distrito Municipal Las Lagunas repar\u00f3 en las \u00faltimas semanas tres kil\u00f3metros, a un costo de 227 mil pesos. Pero seg\u00fan la alcaldesa Mary de Le\u00f3n, se le agotaron los fondos de su presupuesto trimestral y no pudieron continuar.<\/span><\/p>\n<p><span class=\"text1noticias\">El Instituto de Recursos Hidr\u00e1ulicos (INDRHI) se comprometi\u00f3 a continuar la reparaci\u00f3n de la v\u00eda, a trav\u00e9s de la hidroel\u00e9ctrica Los Toros, que funciona en la comunidad de Vallecito, en el coraz\u00f3n de la cordillera Central, pero hasta el momento los equipos no se han movido por falta de recursos.<\/span><\/p>\n<p><span class=\"text1noticias\">La hermana AudeliaRodr\u00edguez, hablando a nombre de la entidad religiosa, record\u00f3 que el 24 de septiembre la monja hondure\u00f1a Aida Gir\u00f3n Donaire, integrante de la congregaci\u00f3n, se accident\u00f3 en un precipicio a la altura de la comunidad El Jobal, y qued\u00f3 lisiada de la mano izquierda.<\/span><\/p>\n<p><span class=\"text1noticias\">\u00abLa situaci\u00f3n de la carretera ?enfatiz\u00f3 la religiosa- ya es insostenible\u00bb.<\/span><\/p>\n<p><span class=\"text1noticias\">Los moradores de la zona monta\u00f1osa de Padre Las Casastambi\u00e9n reclaman la construcci\u00f3n de varias escuelas en la zona.<\/span><\/p>\n<p><span class=\"text1noticias\">\u00abNos duele en el alma contemplar a ni\u00f1os y j\u00f3venes recibiendo clases en escuelas que est\u00e1n en malas condiciones o que son insuficientes\u00bb, indic\u00f3 la congregaci\u00f3n religiosa.<\/span><\/p>\n<p><span class=\"text1noticias\">Revel\u00f3 que los centros en peor estado f\u00edsico son los de El Gramazo, Vallecito, Los Rodr\u00edguez, Majaguita, Gajo de Monte, El Chocho y El Lim\u00f3n, as\u00ed como el liceo del Distrito Municipal de Las Lagunas, que ha sido desbordado por una matr\u00edcula superior a sus posibilidades.<\/span><\/p>\n<\/p>\n<\/p>\n<\/p>\n<h6> 2016-03-14 00:23:43 <\/h6>\n<p><!--\n<link rel=\"stylesheet\" href=\"css\/bootstrap.min.css\">\n\n\n<ul class=\"pagination\">\n\t    \n\t\n\n<li >\n\t<a href='?page_no=13450'>Previous<\/a>\n\t<\/li>\n\n\n       \n    \n\n<li><a href='?page_no=1'>1<\/a><\/li>\n\n\n\n<li><a href='?page_no=2'>2<\/a><\/li>\n\n\n\n<li><a>...<\/a><\/li>\n\n\n\n<li><a href='?page_no=13449'>13449<\/a><\/li>\n\n\n\n<li><a href='?page_no=13450'>13450<\/a><\/li>\n\n\n\n<li class='active'><a>13451<\/a><\/li>\n\n\n\n<li><a href='?page_no=13452'>13452<\/a><\/li>\n\n\n\n<li><a href='?page_no=13453'>13453<\/a><\/li>\n\n\n\n<li><a>...<\/a><\/li>\n\n\n\n<li><a href='?page_no=56169'>56169<\/a><\/li>\n\n\n\n<li><a href='?page_no=56170'>56170<\/a><\/li>\n\n    \n\t\n\n<li >\n\t<a href='?page_no=13452'>Next<\/a>\n\t<\/li>\n\n\n    \n\n<li><a href='?page_no=56170'>Last &rsaquo;&rsaquo;<\/a><\/li>\n\n<\/ul>\n\n\n--><br \/>\n<\/body><\/p>\n","protected":false},"excerpt":{"rendered":"<p>Moradores de 20 comunidades de Padre Las Casas, demandaron mediante una una cadena humana, el arreglo de la carretera, rota desde hace seis meses y demandando la construcci\u00f3n de las escuelas. Un herido muri\u00f3 hace semanas al no poder ser trasladado a tiempo a un centro m\u00e9dico. Seis accidentes han ocurrido por el estado de [&hellip;]<\/p>\n","protected":false},"author":3,"featured_media":0,"comment_status":"open","ping_status":"open","sticky":false,"template":"","format":"standard","meta":{"footnotes":""},"categories":[20],"tags":[],"class_list":["post-219095","post","type-post","status-publish","format-standard","hentry","category-dominicana-hoy"],"_links":{"self":[{"href":"https:\/\/diariodominicano.com\/index.php?rest_route=\/wp\/v2\/posts\/219095","targetHints":{"allow":["GET"]}}],"collection":[{"href":"https:\/\/diariodominicano.com\/index.php?rest_route=\/wp\/v2\/posts"}],"about":[{"href":"https:\/\/diariodominicano.com\/index.php?rest_route=\/wp\/v2\/types\/post"}],"author":[{"embeddable":true,"href":"https:\/\/diariodominicano.com\/index.php?rest_route=\/wp\/v2\/users\/3"}],"replies":[{"embeddable":true,"href":"https:\/\/diariodominicano.com\/index.php?rest_route=%2Fwp%2Fv2%2Fcomments&post=219095"}],"version-history":[{"count":0,"href":"https:\/\/diariodominicano.com\/index.php?rest_route=\/wp\/v2\/posts\/219095\/revisions"}],"wp:attachment":[{"href":"https:\/\/diariodominicano.com\/index.php?rest_route=%2Fwp%2Fv2%2Fmedia&parent=219095"}],"wp:term":[{"taxonomy":"category","embeddable":true,"href":"https:\/\/diariodominicano.com\/index.php?rest_route=%2Fwp%2Fv2%2Fcategories&post=219095"},{"taxonomy":"post_tag","embeddable":true,"href":"https:\/\/diariodominicano.com\/index.php?rest_route=%2Fwp%2Fv2%2Ftags&post=219095"}],"curies":[{"name":"wp","href":"https:\/\/api.w.org\/{rel}","templated":true}]}}