{"id":219091,"date":"2016-03-14T12:49:35","date_gmt":"2016-03-14T12:49:35","guid":{"rendered":"http:\/\/diariodominicano.ddns.net\/?p=219091"},"modified":"2016-03-14T12:49:35","modified_gmt":"2016-03-14T12:49:35","slug":"favorece-a-danilo-medina-ultima-encuesta-electoral-dominicana","status":"publish","type":"post","link":"https:\/\/diariodominicano.com\/?p=219091","title":{"rendered":"Favorece a Danilo Medina \u00faltima encuesta electoral dominicana"},"content":{"rendered":"<p><body><\/p>\n<p><img decoding=\"async\" src=\"img3\/danilo-91.jpg\" \/>  <\/p>\n<p><span class=\"text1noticias\">Santo Domingo, 14 mar (PL) La \u00faltima encuesta electoral conocida hoy mantiene la preferencia de un 60,3 por ciento de los votantes a favor del presidente Danilo Medina, candidato a la reelecci\u00f3n por el Partido de la Liberaci\u00f3n Dominicana (PLD).<\/span><\/p>\n<p><span class=\"text1noticias\"> <\/span><\/p>\n<p><span class=\"text1noticias\">En segundo lugar contin\u00faa con un 30,6 por ciento de preferencias el economista Luis Abinader, candidato presidencial del Partido Revolucionario Moderno (PRM), confirma el estudio de la encuestadora Gallup para el peri\u00f3dico Hoy publicada este lunes.<\/span><\/p>\n<p><span class=\"text1noticias\"> <\/span><\/p>\n<p><span class=\"text1noticias\">Seg\u00fan este estudio, en un lejano tercer lugar se ubica Guillermo Moreno, candidato presidencial de Alianza Pa\u00eds, con un 3,5 por ciento de la intenci\u00f3n de voto y en cuarto lugar marcha Minou Tav\u00e1rez Mirabal, candidata presidencial del Partido Alianza Por la Democracia, con 1,3 por ciento de las preferencias.<\/span><\/p>\n<p><span class=\"text1noticias\"> <\/span><\/p>\n<p><span class=\"text1noticias\">Los otros candidatos presidenciales figuran con no menos del uno por ciento de la preferencia de los votantes y el 2,4 por ciento de la muestra respondi\u00f3 que votar\u00eda en blanco.<\/span><\/p>\n<p><span class=\"text1noticias\"> <\/span><\/p>\n<p><span class=\"text1noticias\">La anterior encuesta Gallup-Hoy realizada en enero de este a\u00f1o daba una preferencia de votos del 51,8 por ciento a favor de Medina, un 35.7 por ciento favorable a Abinader y un 4,3 por ciento para Moreno.<\/span><\/p>\n<p><span class=\"text1noticias\"> <\/span><\/p>\n<p><span class=\"text1noticias\">De acuerdo con los resultados de la encuesta, el 74,3 por ciento de los votantes cree que en la primera vuelta electoral fijada para el 15 de mayo pr\u00f3ximo podr\u00eda haber un ganador.<\/span><\/p>\n<p><span class=\"text1noticias\"> <\/span><\/p>\n<p><span class=\"text1noticias\">El sondeo de opini\u00f3n, que abarc\u00f3 tambi\u00e9n otras aristas, mostr\u00f3 que s\u00f3lo el 18 por ciento de los consultados consider\u00f3 que la democracia dominicana marcha bien, casi la mitad de la poblaci\u00f3n (49,3 por ciento) cree que es una democracia imperfecta pero funciona, y el 30,2 por ciento estima que no es funcional.<\/span><\/p>\n<p><span class=\"text1noticias\"> <\/span><\/p>\n<p><span class=\"text1noticias\">Tales diferencias son mayores en funci\u00f3n de la ubicaci\u00f3n partidaria de los consultados y ocurre que los votantes identificados con el Partido Revolucionario Dominicano (PRD), el PLD y el Reformista Social Cristiano (PRSC) tienen la opini\u00f3n m\u00e1s favorable sobre la democracia dominicana.<\/span><\/p>\n<p><span class=\"text1noticias\"> <\/span><\/p>\n<p><span class=\"text1noticias\">En el otro extremo est\u00e1n los del PRM y los votantes de Alianza Pa\u00eds, que consideran que la democracia no funciona en esta naci\u00f3n.<\/span><\/p>\n<p><span class=\"text1noticias\"> <\/span><\/p>\n<p><span class=\"text1noticias\">La encuesta se\u00f1al\u00f3 que en general, el 81 por ciento de los votantes tiene la convicci\u00f3n de que la Rep\u00fablica Dominicana necesita un cambio social y pol\u00edtico en los pr\u00f3ximos 10 a\u00f1os.<\/span><\/p>\n<p><span class=\"text1noticias\"> <\/span><\/p>\n<p><span class=\"text1noticias\">El 34,8 por ciento del total opin\u00f3 que se necesita un cambio social y pol\u00edtico muy grande, tal vez una revoluci\u00f3n; un 20 por ciento opin\u00f3 que se requiere un cambio no tan grande ni revolucionario; para un 26.2 por ciento s\u00f3lo se necesita alg\u00fan cambio social o pol\u00edtico y un 16,6 por ciento consider\u00f3 que no se necesita cambio o acaso muy poco, mientras el 2,4 por ciento no respondi\u00f3.<\/span><\/p>\n<p><span class=\"text1noticias\"> <\/span><\/p>\n<p><span class=\"text1noticias\">Otro detalle de la encuesta es que el 62,6 por ciento de los consultados opin\u00f3 que el gobierno est\u00e1 utilizando los recursos del estado en su campa\u00f1a pol\u00edtica, el 21 por ciento dijo que eso no ocurre y el 16,4 por ciento decidi\u00f3 no responder a esa<\/span> pregunta.<\/p>\n<h6> 2016-03-14 12:49:35 <\/h6>\n<p><!--\n<link rel=\"stylesheet\" href=\"css\/bootstrap.min.css\">\n\n\n<ul class=\"pagination\">\n\t    \n\t\n\n<li >\n\t<a href='?page_no=13447'>Previous<\/a>\n\t<\/li>\n\n\n       \n    \n\n<li><a href='?page_no=1'>1<\/a><\/li>\n\n\n\n<li><a href='?page_no=2'>2<\/a><\/li>\n\n\n\n<li><a>...<\/a><\/li>\n\n\n\n<li><a href='?page_no=13446'>13446<\/a><\/li>\n\n\n\n<li><a href='?page_no=13447'>13447<\/a><\/li>\n\n\n\n<li class='active'><a>13448<\/a><\/li>\n\n\n\n<li><a href='?page_no=13449'>13449<\/a><\/li>\n\n\n\n<li><a href='?page_no=13450'>13450<\/a><\/li>\n\n\n\n<li><a>...<\/a><\/li>\n\n\n\n<li><a href='?page_no=56169'>56169<\/a><\/li>\n\n\n\n<li><a href='?page_no=56170'>56170<\/a><\/li>\n\n    \n\t\n\n<li >\n\t<a href='?page_no=13449'>Next<\/a>\n\t<\/li>\n\n\n    \n\n<li><a href='?page_no=56170'>Last &rsaquo;&rsaquo;<\/a><\/li>\n\n<\/ul>\n\n\n--><br \/>\n<\/body><\/p>\n","protected":false},"excerpt":{"rendered":"<p>Santo Domingo, 14 mar (PL) La \u00faltima encuesta electoral conocida hoy mantiene la preferencia de un 60,3 por ciento de los votantes a favor del presidente Danilo Medina, candidato a la reelecci\u00f3n por el Partido de la Liberaci\u00f3n Dominicana (PLD). En segundo lugar contin\u00faa con un 30,6 por ciento de preferencias el economista Luis Abinader, [&hellip;]<\/p>\n","protected":false},"author":3,"featured_media":0,"comment_status":"open","ping_status":"open","sticky":false,"template":"","format":"standard","meta":{"footnotes":""},"categories":[20],"tags":[],"class_list":["post-219091","post","type-post","status-publish","format-standard","hentry","category-dominicana-hoy"],"_links":{"self":[{"href":"https:\/\/diariodominicano.com\/index.php?rest_route=\/wp\/v2\/posts\/219091","targetHints":{"allow":["GET"]}}],"collection":[{"href":"https:\/\/diariodominicano.com\/index.php?rest_route=\/wp\/v2\/posts"}],"about":[{"href":"https:\/\/diariodominicano.com\/index.php?rest_route=\/wp\/v2\/types\/post"}],"author":[{"embeddable":true,"href":"https:\/\/diariodominicano.com\/index.php?rest_route=\/wp\/v2\/users\/3"}],"replies":[{"embeddable":true,"href":"https:\/\/diariodominicano.com\/index.php?rest_route=%2Fwp%2Fv2%2Fcomments&post=219091"}],"version-history":[{"count":0,"href":"https:\/\/diariodominicano.com\/index.php?rest_route=\/wp\/v2\/posts\/219091\/revisions"}],"wp:attachment":[{"href":"https:\/\/diariodominicano.com\/index.php?rest_route=%2Fwp%2Fv2%2Fmedia&parent=219091"}],"wp:term":[{"taxonomy":"category","embeddable":true,"href":"https:\/\/diariodominicano.com\/index.php?rest_route=%2Fwp%2Fv2%2Fcategories&post=219091"},{"taxonomy":"post_tag","embeddable":true,"href":"https:\/\/diariodominicano.com\/index.php?rest_route=%2Fwp%2Fv2%2Ftags&post=219091"}],"curies":[{"name":"wp","href":"https:\/\/api.w.org\/{rel}","templated":true}]}}