{"id":219090,"date":"2016-03-14T13:56:18","date_gmt":"2016-03-14T13:56:18","guid":{"rendered":"http:\/\/diariodominicano.ddns.net\/?p=219090"},"modified":"2016-03-14T13:56:18","modified_gmt":"2016-03-14T13:56:18","slug":"fallece-la-profesora-alejandrina-luciano","status":"publish","type":"post","link":"https:\/\/diariodominicano.com\/?p=219090","title":{"rendered":"Fallece la profesora Alejandrina Luciano"},"content":{"rendered":"<p><body><\/p>\n<p><img decoding=\"async\" src=\"img3\/DSCS00139.jpg\" \/>  <\/p>\n<p><strong><span class=\"text1noticias\">Barahona, R. D., 14 de marzo.-<\/span><\/strong><span class=\"text1noticias\"> La Maestra Alejandrina Luciano, quien llevaba algunos meses en delicado estado de salud falleci\u00f3 pasado el medio d\u00eda de este lunes en una cl\u00ednica privada de esta ciudad a donde fue llevada hoy, luego de presentar complicaciones en su salud.<\/span><\/p>\n<p><span class=\"text1noticias\"> <\/span><\/p>\n<p><span class=\"text1noticias\">La informaci\u00f3n la ofreci\u00f3 mediante una declaraci\u00f3n de prensa, v\u00eda la unidad de Relaciones P\u00fablicas, el Maestro Pr\u00edamo Rivas Batista, Director de la UASD Centro Barahona.<\/span><\/p>\n<p><span class=\"text1noticias\"> <\/span><\/p>\n<p><span class=\"text1noticias\">\u00abCon profundo dolor comunicamos a la familia universitaria y a la comunidad en sentido general el fallecimiento de la Maestra Alejandrina Luciano, quien llevaba varios a\u00f1os muy quebrantada de salud\u00bb, dijo Rivas Batista en una breve declaraci\u00f3n de prensa.<\/span><\/p>\n<p><span class=\"text1noticias\"> <\/span><\/p>\n<p><span class=\"text1noticias\">Dijo  que el fallecimiento de la profesora Luciano lastima aun m\u00e1s a la comunidad universitaria local y nacional, de por s\u00ed impactada por el tr\u00e1gico fallecimiento del ex rector Maestro Mateo Aquino Febrillet.      <\/span><\/p>\n<p><span class=\"text1noticias\"> <\/span><\/p>\n<p><span class=\"text1noticias\">El m\u00e1ximo representante de la Primada de Am\u00e9rica en Barahona, dijo que el deceso de Luciano, oriunda de San Juan de la Maguana, enluta a toda la universidad, as\u00ed como a la comunidad local y regional, ya que la profesora universitaria se vincul\u00f3 con la sociedad.<\/span><\/p>\n<p><span class=\"text1noticias\"> <\/span><\/p>\n<p><span class=\"text1noticias\">Alejandrina Luciano era profesora en este centro de estudios superiores, dirig\u00eda un \u00e1rea en esta unidad acad\u00e9mica y hasta hace dos a\u00f1os se desempe\u00f1\u00f3 como Subdirectora de la UASD Subcentro N<\/span>eyba.<\/p>\n<\/p>\n<p><strong><span class=\"text1noticias\">Pesar<\/span><\/strong><\/p>\n<\/p>\n<p><span class=\"text1noticias\"> La profesora Luciano dirigi\u00f3 el  del subcentro de la UASD en la ciudad de Neiba la profesora Alejandrina Mercedes Luciano Santana tras padecer de complicaciones de salud.<\/span><\/p>\n<\/p>\n<p><span class=\"text1noticias\">La exdirectora del centro UASD de Neiba hace poco hab\u00eda llegado a esta ciudad de Barahona, ya que se le habr\u00eda diagnosticado c\u00e1ncer y recib\u00eda atenciones m\u00e9dicas en la ciudad de Santo Domingo.<\/span><\/p>\n<\/p>\n<p><span class=\"text1noticias\">Al conocerse el deceso de la maestra, numerosos familiares, amigos y relacionados se han congregados en el citado centro de salud conmovidos por la partida de la educadora.<\/span><\/p>\n<\/p>\n<\/p>\n<h6> 2016-03-14 13:56:18 <\/h6>\n<p><!--\n<link rel=\"stylesheet\" href=\"css\/bootstrap.min.css\">\n\n\n<ul class=\"pagination\">\n\t    \n\t\n\n<li >\n\t<a href='?page_no=13446'>Previous<\/a>\n\t<\/li>\n\n\n       \n    \n\n<li><a href='?page_no=1'>1<\/a><\/li>\n\n\n\n<li><a href='?page_no=2'>2<\/a><\/li>\n\n\n\n<li><a>...<\/a><\/li>\n\n\n\n<li><a href='?page_no=13445'>13445<\/a><\/li>\n\n\n\n<li><a href='?page_no=13446'>13446<\/a><\/li>\n\n\n\n<li class='active'><a>13447<\/a><\/li>\n\n\n\n<li><a href='?page_no=13448'>13448<\/a><\/li>\n\n\n\n<li><a href='?page_no=13449'>13449<\/a><\/li>\n\n\n\n<li><a>...<\/a><\/li>\n\n\n\n<li><a href='?page_no=56169'>56169<\/a><\/li>\n\n\n\n<li><a href='?page_no=56170'>56170<\/a><\/li>\n\n    \n\t\n\n<li >\n\t<a href='?page_no=13448'>Next<\/a>\n\t<\/li>\n\n\n    \n\n<li><a href='?page_no=56170'>Last &rsaquo;&rsaquo;<\/a><\/li>\n\n<\/ul>\n\n\n--><br \/>\n<\/body><\/p>\n","protected":false},"excerpt":{"rendered":"<p>Barahona, R. D., 14 de marzo.- La Maestra Alejandrina Luciano, quien llevaba algunos meses en delicado estado de salud falleci\u00f3 pasado el medio d\u00eda de este lunes en una cl\u00ednica privada de esta ciudad a donde fue llevada hoy, luego de presentar complicaciones en su salud. La informaci\u00f3n la ofreci\u00f3 mediante una declaraci\u00f3n de prensa, [&hellip;]<\/p>\n","protected":false},"author":3,"featured_media":0,"comment_status":"open","ping_status":"open","sticky":false,"template":"","format":"standard","meta":{"footnotes":""},"categories":[20],"tags":[],"class_list":["post-219090","post","type-post","status-publish","format-standard","hentry","category-dominicana-hoy"],"_links":{"self":[{"href":"https:\/\/diariodominicano.com\/index.php?rest_route=\/wp\/v2\/posts\/219090","targetHints":{"allow":["GET"]}}],"collection":[{"href":"https:\/\/diariodominicano.com\/index.php?rest_route=\/wp\/v2\/posts"}],"about":[{"href":"https:\/\/diariodominicano.com\/index.php?rest_route=\/wp\/v2\/types\/post"}],"author":[{"embeddable":true,"href":"https:\/\/diariodominicano.com\/index.php?rest_route=\/wp\/v2\/users\/3"}],"replies":[{"embeddable":true,"href":"https:\/\/diariodominicano.com\/index.php?rest_route=%2Fwp%2Fv2%2Fcomments&post=219090"}],"version-history":[{"count":0,"href":"https:\/\/diariodominicano.com\/index.php?rest_route=\/wp\/v2\/posts\/219090\/revisions"}],"wp:attachment":[{"href":"https:\/\/diariodominicano.com\/index.php?rest_route=%2Fwp%2Fv2%2Fmedia&parent=219090"}],"wp:term":[{"taxonomy":"category","embeddable":true,"href":"https:\/\/diariodominicano.com\/index.php?rest_route=%2Fwp%2Fv2%2Fcategories&post=219090"},{"taxonomy":"post_tag","embeddable":true,"href":"https:\/\/diariodominicano.com\/index.php?rest_route=%2Fwp%2Fv2%2Ftags&post=219090"}],"curies":[{"name":"wp","href":"https:\/\/api.w.org\/{rel}","templated":true}]}}