{"id":219089,"date":"2016-03-14T16:26:41","date_gmt":"2016-03-14T16:26:41","guid":{"rendered":"http:\/\/diariodominicano.ddns.net\/?p=219089"},"modified":"2016-03-14T16:26:41","modified_gmt":"2016-03-14T16:26:41","slug":"unidades-de-diagnostico-y-atencion-primaria-asisten-a-mas-de-255-mil-personas","status":"publish","type":"post","link":"https:\/\/diariodominicano.com\/?p=219089","title":{"rendered":"Unidades de Diagn\u00f3stico y Atenci\u00f3n Primaria asisten a m\u00e1s de 255 mil personas"},"content":{"rendered":"<p><body><\/p>\n<p><img decoding=\"async\" src=\"img3\/diagnosticos.jpg\" \/>  <\/p>\n<p><span class=\"text1noticias\">Santo Domingo, RD, 14 de marzo.-Las vidas de m\u00e1s de 255 mil personas ha sido impactadas por el Gobierno con el servicio que reciben en los Centros de Primer Nivel que funcionan en todo el territorio nacional, inform\u00f3 director Nacional de Salud, doctor Ram\u00f3n Alvarado.<\/span><\/p>\n<p><span class=\"text1noticias\"> <\/span><\/p>\n<p><span class=\"text1noticias\">Sostuvo que con la apertura de esos centros, 56 de primer nivel y 102 unidades de atenci\u00f3n primaria, miles de personas ya no tienen que ir a un hospital porque resuelven el 80 por ciento de su demanda de salud.<\/span><\/p>\n<p><span class=\"text1noticias\"> <\/span><\/p>\n<p><span class=\"text1noticias\">Alvarado inform\u00f3 que al momento han sido inagurados 10 Centros Diagn\u00f3sticos que han generado adem\u00e1s 38 nuevos empleos cada uno, contribuyendo a integrar a 380 familias al sector laboral.<\/span><\/p>\n<p><span class=\"text1noticias\"><strong> <\/strong><\/span><\/p>\n<p><span class=\"text1noticias\"><strong>Nuevo modelo de atenci\u00f3n<\/strong><\/span><\/p>\n<\/p>\n<p><span class=\"text1noticias\">Explic\u00f3 que desde la creaci\u00f3n de la Direcci\u00f3n Nacional de Salud, en el 2015, comenzaron a implementar el nuevo modelo de atenci\u00f3n en salud, \u00abpriorizando la atenci\u00f3n primaria, la salud materno infantil, las emergencias y urgencias, el suministro de medicamentos y sangre, la gesti\u00f3n cl\u00ednica y la emergencia en la red\u00bb.<\/span><\/p>\n<p><span class=\"text1noticias\"> <\/span><\/p>\n<p><span class=\"text1noticias\">En ese orden cit\u00f3 la capacitaci\u00f3n de 1,050 trabajadores de la salud en la especialidad de Atenci\u00f3n Integral, para responder a las demandas de los pacientes.<\/span><\/p>\n<p><span class=\"text1noticias\"> <\/span><\/p>\n<p><span class=\"text1noticias\">\u00abLos promotores de salud, anunciado por el presidente Danilo Medina, en su discurso de toma de posesi\u00f3n, ya han sido capacitados el primer grupo de 30 promotores, mediante un acuerdo con la Universidad Tecnol\u00f3gica de Santiago\u00bb.<\/span><\/p>\n<p><span class=\"text1noticias\"> <\/span><\/p>\n<p><span class=\"text1noticias\">Agreg\u00f3 que actualmente son reparados 105 Centros de Primer Nivel con 272 Unidades de Atenci\u00f3n Primaria. Adem\u00e1s, diez centros de Diagn\u00f3stico han sido inaugurados de un total de 50 que son construidos en todo el pa\u00eds con equipos modernos.<\/span><\/p>\n<p><span class=\"text1noticias\"> <\/span><\/p>\n<p><span class=\"text1noticias\">\u00abEstos centros est\u00e1n habilitados para dar servicios de odontolog\u00eda, pediatr\u00eda, obstetricia, medicina interna, salud mental, fisiatr\u00eda, laboratorio cl\u00ednico y de histolog\u00eda\u00bb.<\/span><\/p>\n<p><span class=\"text1noticias\"> <\/span><\/p>\n<p><span class=\"text1noticias\">El doctor Alvarado explic\u00f3 que estos servicios ayudan a descongestionar los hospitales p\u00fablicos y sirven como referencia de las Unidades de Atenci\u00f3n Primaria.<\/span><\/p>\n<p><span class=\"text1noticias\"><strong> <\/strong><\/span><\/p>\n<p><span class=\"text1noticias\"><strong>Dos camas y un ba\u00f1o por habitaci\u00f3n y con aire acondicionado<\/strong><\/span><\/p>\n<\/p>\n<p><span class=\"text1noticias\">Ram\u00f3n Alvarado resalt\u00f3 que en el nuevo modelo que implementa el Gobierno, las habitaciones son de una y dos camas, con su ba\u00f1o, aire acondicionado, ox\u00edgeno central, en contraste con el viejo modelo que era de seis, ocho y hasta diez camas en una sala con un ba\u00f1o para todos.<\/span><\/p>\n<p><span class=\"text1noticias\"> <\/span><\/p>\n<p><span class=\"text1noticias\">Alvarado expuso durante la rendici\u00f3n de cuentas ampliadas que sobre el sector Salud se desarroll\u00f3 hoy en el sal\u00f3n Orlando Mart\u00ednez del Palacio Nacional, con la conducci\u00f3n del Portavoz del Gobierno, Roberto Rodr\u00edguez Marchena, y la participaci\u00f3n de la ministra de Salud, Altagracia Guzm\u00e1n Marcelino; el superintendende de Salud y Riesgos Laborales, Pedro Luis Castellanos y el director del Seguro Nacional de Salud, Chanel Rosa Chupani.<\/span><\/p>\n<p><span class=\"text1noticias\"> <\/span><\/p>\n<p><span class=\"text1noticias\">En ese sentido, cit\u00f3 como ejemplos las remodelaciones de los hospitales Doctor Dar\u00edo Contreras, con 274 camas, el hospital de Saman\u00e1, con 66 y el de Las Matas de Santa Cruz, en Montecristi, con 34.<\/span><\/p>\n<p><span class=\"text1noticias\"> <\/span><\/p>\n<p><span class=\"text1noticias\">Tambi\u00e9n destac\u00f3 que han aumentado el n\u00famero de camas en las salas de cuidados intensivos, \u00absumamente importante, debido a los casos que reciben los hospitales por accidentes de tr\u00e1nsito\u00bb.<\/span><\/p>\n<p><span class=\"text1noticias\"><strong> <\/strong><\/span><\/p>\n<p><span class=\"text1noticias\"><strong>Remodelaci\u00f3n de hospitales<\/strong><\/span><\/p>\n<\/p>\n<p><span class=\"text1noticias\">El funcionario del \u00e1rea de la salud, revel\u00f3 que ya han sido entregados 23 hospitales remodelados y readecuados con equipos modernos y servicios de im\u00e1genes m\u00e9dicas. \u00abEs el deseo del presidente Danilo Medina de que todos los servicios sean oportunos y de calidad\u00bb.<\/span><\/p>\n<p><span class=\"text1noticias\"> <\/span><\/p>\n<p><span class=\"text1noticias\">Adelant\u00f3 que en los pr\u00f3ximos meses ser\u00e1n inaugurados el hospital Doctor Morillo King, en La Vega; el de El Almirante, en la provincia Santo Domingo; el Doctor Marcelino V\u00e9lez Santana, en Herrera y la Maternidad San Lorenzo de Los Mina, en Santo Domingo Este.<\/span><\/p>\n<p><span class=\"text1noticias\"> <\/span><\/p>\n<p><span class=\"text1noticias\">Se\u00f1al\u00f3 entre los avances del sector la puesta en marcha de la seguridad hospitalaria en 21 hospitales y 10 Centros Diagn\u00f3stico, con la capacitaci\u00f3n de 429 auxiliares de seguridad.<\/span><\/p>\n<p><span class=\"text1noticias\"> <\/span><\/p>\n<p><span class=\"text1noticias\"> \u00abLa preocupaci\u00f3n de la poblaci\u00f3n radicaba en la seguridad del paciente cuando era llevado a la emergencia de un hospital, implementamos la accesibilidad hospitalaria en 21 hospitales en la provincia Santo Domingo y se est\u00e1 extendido a cinco hospitales m\u00e1s\u00bb.<\/span><\/p>\n<p><span class=\"text1noticias\"><strong> <\/strong><\/span><\/p>\n<p><span class=\"text1noticias\"><strong>Siete m\u00e9dicos por d\u00eda<\/strong><\/span><\/p>\n<\/p>\n<p><span class=\"text1noticias\">Desde el 2015 a la fecha, la Direcci\u00f3n Nacional de Salud ha nombrado mil 354 m\u00e9dicos, o sea un promedio de siete m\u00e9dicos por d\u00eda, inform\u00f3 el doctor Alvarado.<\/span><\/p>\n<p><span class=\"text1noticias\"> <\/span><\/p>\n<p><span class=\"text1noticias\">\u00abLa calidad de los servicios m\u00e9dicos se puede constatar con el dato de que han aumentado en 14.59 por ciento la facturaci\u00f3n por la venta de servicios a las administradoras de riesgos de salud\u00bb, resalt\u00f3.<\/span><\/p>\n<p><span class=\"text1noticias\"> <\/span><\/p>\n<p><span class=\"text1noticias\">Dijo que las administradoras de riesgos de salud est\u00e1n viendo que los hospitales tienen servicios con calidad, con rapidez oportuna y con equipos de alta tecnolog\u00eda.<\/span><\/p>\n<p><span class=\"text1noticias\"> <\/span><\/p>\n<p><span class=\"text1noticias\">Sostuvo que los hospitales est\u00e1n haciendo contrataciones con todas las administradoras de riesgos de salud, adem\u00e1s de SENASA<\/span>.<\/p>\n<\/p>\n<h6> 2016-03-14 16:26:41 <\/h6>\n<p><!--\n<link rel=\"stylesheet\" href=\"css\/bootstrap.min.css\">\n\n\n<ul class=\"pagination\">\n\t    \n\t\n\n<li >\n\t<a href='?page_no=13445'>Previous<\/a>\n\t<\/li>\n\n\n       \n    \n\n<li><a href='?page_no=1'>1<\/a><\/li>\n\n\n\n<li><a href='?page_no=2'>2<\/a><\/li>\n\n\n\n<li><a>...<\/a><\/li>\n\n\n\n<li><a href='?page_no=13444'>13444<\/a><\/li>\n\n\n\n<li><a href='?page_no=13445'>13445<\/a><\/li>\n\n\n\n<li class='active'><a>13446<\/a><\/li>\n\n\n\n<li><a href='?page_no=13447'>13447<\/a><\/li>\n\n\n\n<li><a href='?page_no=13448'>13448<\/a><\/li>\n\n\n\n<li><a>...<\/a><\/li>\n\n\n\n<li><a href='?page_no=56169'>56169<\/a><\/li>\n\n\n\n<li><a href='?page_no=56170'>56170<\/a><\/li>\n\n    \n\t\n\n<li >\n\t<a href='?page_no=13447'>Next<\/a>\n\t<\/li>\n\n\n    \n\n<li><a href='?page_no=56170'>Last &rsaquo;&rsaquo;<\/a><\/li>\n\n<\/ul>\n\n\n--><br \/>\n<\/body><\/p>\n","protected":false},"excerpt":{"rendered":"<p>Santo Domingo, RD, 14 de marzo.-Las vidas de m\u00e1s de 255 mil personas ha sido impactadas por el Gobierno con el servicio que reciben en los Centros de Primer Nivel que funcionan en todo el territorio nacional, inform\u00f3 director Nacional de Salud, doctor Ram\u00f3n Alvarado. Sostuvo que con la apertura de esos centros, 56 de [&hellip;]<\/p>\n","protected":false},"author":3,"featured_media":0,"comment_status":"open","ping_status":"open","sticky":false,"template":"","format":"standard","meta":{"footnotes":""},"categories":[20],"tags":[],"class_list":["post-219089","post","type-post","status-publish","format-standard","hentry","category-dominicana-hoy"],"_links":{"self":[{"href":"https:\/\/diariodominicano.com\/index.php?rest_route=\/wp\/v2\/posts\/219089","targetHints":{"allow":["GET"]}}],"collection":[{"href":"https:\/\/diariodominicano.com\/index.php?rest_route=\/wp\/v2\/posts"}],"about":[{"href":"https:\/\/diariodominicano.com\/index.php?rest_route=\/wp\/v2\/types\/post"}],"author":[{"embeddable":true,"href":"https:\/\/diariodominicano.com\/index.php?rest_route=\/wp\/v2\/users\/3"}],"replies":[{"embeddable":true,"href":"https:\/\/diariodominicano.com\/index.php?rest_route=%2Fwp%2Fv2%2Fcomments&post=219089"}],"version-history":[{"count":0,"href":"https:\/\/diariodominicano.com\/index.php?rest_route=\/wp\/v2\/posts\/219089\/revisions"}],"wp:attachment":[{"href":"https:\/\/diariodominicano.com\/index.php?rest_route=%2Fwp%2Fv2%2Fmedia&parent=219089"}],"wp:term":[{"taxonomy":"category","embeddable":true,"href":"https:\/\/diariodominicano.com\/index.php?rest_route=%2Fwp%2Fv2%2Fcategories&post=219089"},{"taxonomy":"post_tag","embeddable":true,"href":"https:\/\/diariodominicano.com\/index.php?rest_route=%2Fwp%2Fv2%2Ftags&post=219089"}],"curies":[{"name":"wp","href":"https:\/\/api.w.org\/{rel}","templated":true}]}}