{"id":219086,"date":"2016-03-14T23:49:17","date_gmt":"2016-03-14T23:49:17","guid":{"rendered":"http:\/\/diariodominicano.ddns.net\/?p=219086"},"modified":"2016-03-14T23:49:17","modified_gmt":"2016-03-14T23:49:17","slug":"once-mil-305-pacientes-con-enfermedades-alto-costo-salvaron-sus-vidas","status":"publish","type":"post","link":"https:\/\/diariodominicano.com\/?p=219086","title":{"rendered":"Once mil 305 pacientes con enfermedades alto costo salvaron sus vidas"},"content":{"rendered":"<p><body><\/p>\n<p><span class=\"text1noticias\">Santo Domingo, R. D., 14 de marzo.- La ministra de Salud P\u00fablica, Altagracia Guzm\u00e1n Marcelino, revel\u00f3 que m\u00e1s 11 mil dominicanos y dominicanas con c\u00e1ncer, enfermedades renales y otras, han recibido atenciones especiales a trav\u00e9s del Programa de Medicamentos de Alto Costo.<\/span><\/p>\n<p><span class=\"text1noticias\"> <\/span><\/p>\n<p><span class=\"text1noticias\">Gobierno invierte en salud de la gente<\/span><\/p>\n<p><span class=\"text1noticias\"> <\/span><\/p>\n<p><span class=\"text1noticias\">Dijo que producto del apoyo brindado a trav\u00e9s de este programa, el Gobierno ha pagado 6 mil 622 mil 524 millones de pesos.<\/span><\/p>\n<p><span class=\"text1noticias\"> <\/span><\/p>\n<p><span class=\"text1noticias\">\u00abEn este per\u00edodo de Gobierno, tal como lo prometi\u00f3 el Presidente de la Rep\u00fablica en su campa\u00f1a electoral, se ha brindado apoyo a las personas con enfermedades de las catalogadas de alto costo, entre ellos hombres y mujeres con c\u00e1ncer, padecimientos renales, enfermedades reumatol\u00f3gicas; trasplantes de h\u00edgado y ri\u00f1\u00f3n, de tal manera que esas acciones han permitido recuperar la salud de gran cantidad de dominicanos\u00bb, dijo Guzm\u00e1n Marcelino.<\/span><\/p>\n<p><span class=\"text1noticias\"> <\/span><\/p>\n<p><span class=\"text1noticias\">523 pacientes trasplantados<\/span><\/p>\n<p><span class=\"text1noticias\"> <\/span><\/p>\n<p><span class=\"text1noticias\">Indic\u00f3 que 523 pacientes han sido trasplantados y apoyados por este programa de alta sensibilidad humana; 682 con hepatitis, 40% de este grupo, seg\u00fan afirm\u00f3, han sido tratados con un nuevo medicamento, que en hepatitis C ha obtenido resultados de curaci\u00f3n que ronda el 90%.<\/span><\/p>\n<p><span class=\"text1noticias\"> <\/span><\/p>\n<p><span class=\"text1noticias\">La ministra de Salud P\u00fablica habl\u00f3 en el cuarto encuentro con los medios y ciudadanos, en la rendici\u00f3n de cuentas ampliada, que tuvo lugar en el sal\u00f3n Orlando Mart\u00ednez, del Palacio Nacional, con la moderaci\u00f3n del portavoz del Gobierno y director general de Comunicaci\u00f3n de la Presidencia, Roberto Rodr\u00edguez Marchena.<\/span><\/p>\n<p><span class=\"text1noticias\"> <\/span><\/p>\n<p><span class=\"text1noticias\">Habilitaci\u00f3n de centros: 4,500 centros p\u00fablicos y privados<\/span><\/p>\n<p><span class=\"text1noticias\"> <\/span><\/p>\n<p><span class=\"text1noticias\">Guzm\u00e1n Marcelino dijo que en otro aspecto, el Gobierno trabaja intensamente en la habilitaci\u00f3n de los centros de salud, lo que garantiza un servicio directo para la vida de la poblaci\u00f3n.<\/span><\/p>\n<p><span class=\"text1noticias\"> <\/span><\/p>\n<p><span class=\"text1noticias\">En este per\u00edodo se han habilitado 4,500 centros de salud p\u00fablicos y privados.<\/span><\/p>\n<p><span class=\"text1noticias\"> <\/span><\/p>\n<p><span class=\"text1noticias\">Reducci\u00f3n dr\u00e1stica casos de c\u00f3lera gracias a medidas del Gobierno<\/span><\/p>\n<p><span class=\"text1noticias\"> <\/span><\/p>\n<p><span class=\"text1noticias\">La ministra de Salud tambi\u00e9n habl\u00f3 de las acciones del Gobierno para enfrentar patolog\u00edas como el c\u00f3lera, de lo cual se\u00f1al\u00f3 que desde el 2011, cuando se registr\u00f3 el primer brote con 20 mil 851 casos, al finalizar el 2015 descendi\u00f3 a 542 casos.<\/span><\/p>\n<p><span class=\"text1noticias\"> <\/span><\/p>\n<p><span class=\"text1noticias\">\u00abO sea que con las medidas de potabilizaci\u00f3n del agua y la educaci\u00f3n a las comunidades, ha reducido los casos del c\u00f3lera\u00bb, dijo.<\/span><\/p>\n<p><span class=\"text1noticias\"> <\/span><\/p>\n<p><span class=\"text1noticias\">OPS reconoci\u00f3 al pa\u00eds por control de la malaria<\/span><\/p>\n<p><span class=\"text1noticias\"> <\/span><\/p>\n<p><span class=\"text1noticias\">Sobre la malaria, indic\u00f3 que en el 2014 Rep\u00fablica Dominicana fue reconocida por la Organizaci\u00f3n Panamericana de la Salud (OPS) por el control de esa afecci\u00f3n.<\/span><\/p>\n<p><span class=\"text1noticias\"> <\/span><\/p>\n<p><span class=\"text1noticias\">Descenso de letalidad por dengue<\/span><\/p>\n<p><span class=\"text1noticias\"> <\/span><\/p>\n<p><span class=\"text1noticias\">Sobre los niveles de letalidad del dengue, con las medidas de capacitaci\u00f3n u otras acciones dirigidas por el Gobierno, en el 2012 la letalidad fue 0.75, en el 2013, de 0.66, 2014 subi\u00f3 la letalidad a 0.97 y se arreciaron las acciones, mientras que en el 2015 tuvimos una letalidad de 0.61.<\/span><\/p>\n<p><span class=\"text1noticias\"> <\/span><\/p>\n<p><span class=\"text1noticias\"> \u00abO sea que vemos una ca\u00edda de la letalidad por dengue. Debemos seguir arreciando las actividades de capacitaci\u00f3n\u00bb, dijo la funcionaria.<\/span><\/p>\n<p><span class=\"text1noticias\"> <\/span><\/p>\n<p><span class=\"text1noticias\">Como otro logro en el \u00e1rea de salud, Altagracia Guzm\u00e1n Marcelino indic\u00f3 que Rep\u00fablica Dominicana estableci\u00f3 los controles contra el \u00e9bola.<\/span><\/p>\n<p><span class=\"text1noticias\"> <\/span><\/p>\n<p><span class=\"text1noticias\">El pa\u00eds cumpli\u00f3 con metas de la FAO sobre nutrici\u00f3n<\/span><\/p>\n<p><span class=\"text1noticias\"> <\/span><\/p>\n<p><span class=\"text1noticias\">Precis\u00f3 adem\u00e1s que en nutrici\u00f3n hubo una reducci\u00f3n del n\u00famero de personas subalimentadas, de un 34.4% de subalimentados en el 92; del 2014 al 2016 una reducci\u00f3n a 12.3%.<\/span><\/p>\n<p><span class=\"text1noticias\"> <\/span><\/p>\n<p><span class=\"text1noticias\">\u00abEstamos hablando de una reducci\u00f3n de m\u00e1s de la mitad de personas subalimentadas\u00bb, resalt\u00f3 y afirm\u00f3 que Rep\u00fablica Dominicana super\u00f3 las expectativas de la Organizaci\u00f3n de las Naciones Unidas para la Alimentaci\u00f3n (FAO).<\/span><\/p>\n<p><span class=\"text1noticias\"> <\/span><\/p>\n<p><span class=\"text1noticias\">Ese organismo internacional fij\u00f3 una meta de que los pa\u00edses deben tener 17% de personas subalimentadas como meta y Rep\u00fablica Dominicana cumpli\u00f3 con 12.3%.<\/span><\/p>\n<p><span class=\"text1noticias\"> <\/span><\/p>\n<p><span class=\"text1noticias\">Pol\u00edticas sociales, desayuno, almuerzo escolar<\/span><\/p>\n<p><span class=\"text1noticias\"> <\/span><\/p>\n<p><span class=\"text1noticias\">Esto se ha logrado, seg\u00fan explic\u00f3, por las pol\u00edticas sociales del Gobierno y las acciones directas en favor de la familia dominicana como la Jornada Escolar Extendida, con el desayuno, el almuerzo, la merienda y otras iniciativas.<\/span><\/p>\n<p><span class=\"text1noticias\"> <\/span><\/p>\n<p><span class=\"text1noticias\">Revel\u00f3 que el Gobierno hace esfuerzos sin precedentes en favor de la salud mental, y un ejemplo de ello, seg\u00fan destac\u00f3, son las unidades de intervenci\u00f3n en crisis que ser\u00e1n instaladas en los hospitales en todo el territorio nacional.<\/span><\/p>\n<p><span class=\"text1noticias\"> <\/span><\/p>\n<p><span class=\"text1noticias\">\u00abUstedes van a asistir pr\u00f3ximamente a las unidades de intervenci\u00f3n en crisis en los hospitales a nivel nacional. Pronto se abrir\u00e1 una unidad en el anexo del Dar\u00edo Contreras, una en el Moscoso Puello, una en el Santo Socorro, Vinicio Calventi, en fin, a nivel nacional. De tal manera que esa pol\u00edtica que ten\u00eda el pa\u00eds en relaci\u00f3n a la salud mental ser\u00e1 diferente.<\/span><\/p>\n<p><span class=\"text1noticias\"> <\/span><\/p>\n<p><span class=\"text1noticias\">Sobre las enfermedades inmuno preventivas hay una ausencia de casos aut\u00f3ctonos de polio, sarampi\u00f3n, rubeola y rubeola cong\u00e9nita. Ha habido un control de diarreas graves por rotavirus, tambi\u00e9n de enfermedades provocadas por influenza como meningitis, otitis, neumon\u00eda.<\/span><\/p>\n<p><span class=\"text1noticias\"> <\/span><\/p>\n<p><span class=\"text1noticias\">Asegur\u00f3 que en el pa\u00eds tenemos cero t\u00e9tanos neonatal, cero difteria y control de t\u00e9tanos en otras edades y la tosferina, producto de ofrecer el esquema de 13 vacunas de forma universal y gratuitas.<\/span><\/p>\n<p><span class=\"text1noticias\"> <\/span><\/p>\n<p><span class=\"text1noticias\">Altagracia Guzm\u00e1n Marcelino destac\u00f3 que Rep\u00fablica Dominicana fue certificada en la semana de vacunaci\u00f3n con un 95% de cobertura.<\/span><\/p>\n<p><span class=\"text1noticias\"> <\/span><\/p>\n<p><span class=\"text1noticias\">\u00abEstamos en la fase de la eliminaci\u00f3n de la poliomielitis\u00bb, dijo. Con relaci\u00f3n a la tuberculosis Rep\u00fablica Dominicana est\u00e1 por debajo de la tasa de incidencia de la Organizaci\u00f3n Mundial de la Salud (OMS).<\/span><\/p>\n<p><span class=\"text1noticias\"> <\/span><\/p>\n<p><span class=\"text1noticias\">El relato del 911: no sab\u00eda que funcionara de esa manera<\/span><\/p>\n<p><span class=\"text1noticias\"> <\/span><\/p>\n<p><span class=\"text1noticias\">Altagracia Guzm\u00e1n Marcelino relat\u00f3 que un joven de una familia de alto poder adquisitivo sufri\u00f3 un accidente, llamaron al 911, \u00abme dicen que quien vio el veh\u00edculo no cree que el joven est\u00e9 vivo\u00bb,  el joven fue asistido por el Sistema Nacional de Seguridad y Atenci\u00f3n a Emergencias. Lo trasladaron al Dar\u00edo Contreras y le salvaron la vida. El padre, sorprendido por la presteza y calidad del servicio, solo coment\u00f3: \u00abNo sab\u00eda que e<\/span>l 911 funcionara de esa manera\u00bb.<\/p>\n<h6> 2016-03-14 23:49:17 <\/h6>\n<p><!--\n<link rel=\"stylesheet\" href=\"css\/bootstrap.min.css\">\n\n\n<ul class=\"pagination\">\n\t    \n\t\n\n<li >\n\t<a href='?page_no=13442'>Previous<\/a>\n\t<\/li>\n\n\n       \n    \n\n<li><a href='?page_no=1'>1<\/a><\/li>\n\n\n\n<li><a href='?page_no=2'>2<\/a><\/li>\n\n\n\n<li><a>...<\/a><\/li>\n\n\n\n<li><a href='?page_no=13441'>13441<\/a><\/li>\n\n\n\n<li><a href='?page_no=13442'>13442<\/a><\/li>\n\n\n\n<li class='active'><a>13443<\/a><\/li>\n\n\n\n<li><a href='?page_no=13444'>13444<\/a><\/li>\n\n\n\n<li><a href='?page_no=13445'>13445<\/a><\/li>\n\n\n\n<li><a>...<\/a><\/li>\n\n\n\n<li><a href='?page_no=56169'>56169<\/a><\/li>\n\n\n\n<li><a href='?page_no=56170'>56170<\/a><\/li>\n\n    \n\t\n\n<li >\n\t<a href='?page_no=13444'>Next<\/a>\n\t<\/li>\n\n\n    \n\n<li><a href='?page_no=56170'>Last &rsaquo;&rsaquo;<\/a><\/li>\n\n<\/ul>\n\n\n--><br \/>\n<\/body><\/p>\n","protected":false},"excerpt":{"rendered":"<p>Santo Domingo, R. D., 14 de marzo.- La ministra de Salud P\u00fablica, Altagracia Guzm\u00e1n Marcelino, revel\u00f3 que m\u00e1s 11 mil dominicanos y dominicanas con c\u00e1ncer, enfermedades renales y otras, han recibido atenciones especiales a trav\u00e9s del Programa de Medicamentos de Alto Costo. Gobierno invierte en salud de la gente Dijo que producto del apoyo brindado [&hellip;]<\/p>\n","protected":false},"author":3,"featured_media":0,"comment_status":"open","ping_status":"open","sticky":false,"template":"","format":"standard","meta":{"footnotes":""},"categories":[20],"tags":[],"class_list":["post-219086","post","type-post","status-publish","format-standard","hentry","category-dominicana-hoy"],"_links":{"self":[{"href":"https:\/\/diariodominicano.com\/index.php?rest_route=\/wp\/v2\/posts\/219086","targetHints":{"allow":["GET"]}}],"collection":[{"href":"https:\/\/diariodominicano.com\/index.php?rest_route=\/wp\/v2\/posts"}],"about":[{"href":"https:\/\/diariodominicano.com\/index.php?rest_route=\/wp\/v2\/types\/post"}],"author":[{"embeddable":true,"href":"https:\/\/diariodominicano.com\/index.php?rest_route=\/wp\/v2\/users\/3"}],"replies":[{"embeddable":true,"href":"https:\/\/diariodominicano.com\/index.php?rest_route=%2Fwp%2Fv2%2Fcomments&post=219086"}],"version-history":[{"count":0,"href":"https:\/\/diariodominicano.com\/index.php?rest_route=\/wp\/v2\/posts\/219086\/revisions"}],"wp:attachment":[{"href":"https:\/\/diariodominicano.com\/index.php?rest_route=%2Fwp%2Fv2%2Fmedia&parent=219086"}],"wp:term":[{"taxonomy":"category","embeddable":true,"href":"https:\/\/diariodominicano.com\/index.php?rest_route=%2Fwp%2Fv2%2Fcategories&post=219086"},{"taxonomy":"post_tag","embeddable":true,"href":"https:\/\/diariodominicano.com\/index.php?rest_route=%2Fwp%2Fv2%2Ftags&post=219086"}],"curies":[{"name":"wp","href":"https:\/\/api.w.org\/{rel}","templated":true}]}}