{"id":219084,"date":"2016-03-15T09:01:40","date_gmt":"2016-03-15T09:01:40","guid":{"rendered":"http:\/\/diariodominicano.ddns.net\/?p=219084"},"modified":"2016-03-15T09:01:40","modified_gmt":"2016-03-15T09:01:40","slug":"lluvias-en-algunos-sectores-al-final-de-la-tarde-y-la-noche","status":"publish","type":"post","link":"https:\/\/diariodominicano.com\/?p=219084","title":{"rendered":"Lluvias en algunos sectores al final de la tarde y la noche"},"content":{"rendered":"<p><body><\/p>\n<p>Santo Domingo RD 15 marzo.- Los vientos alisios en combinaci\u00f3n con los efectos locales producir\u00e1n  un aumento de la nubosidad en  horas de la tarde  provocando lluvias entre d\u00e9biles a moderadas en las provincias  Saman\u00e1, Mar\u00eda Trinidad S\u00e1nchez, Hato Mayor, Monte Plata, El Seibo  y San Crist\u00f3bal, en la porci\u00f3n central,  comprendidas por  Santiago, Duarte, Espaillat, Hermanas Mirabal,  La Vega, Monse\u00f1or Nouel, habr\u00e1 uaumento de la nubosidad con lluvias d\u00e9biles.  En  tanto las  provincias de la regi\u00f3n  sur  y noroeste  permanecer\u00e1n con nubosidad dispersas y  las posibilidades de lluvias ser\u00e1n escasas.<\/p>\n<\/p>\n<p> El  mi\u00e9rcoles, seguir\u00e1n las lluvias d\u00e9biles a moderadas en las provincias de la porci\u00f3n noreste, sureste  y la  central del pa\u00eds debido a las condiciones mencionadas anteriormente.<\/p>\n<\/p>\n<p> Las temperaturas seguir\u00e1n siendo calurosas durante el d\u00eda, debido al viento del este\/sureste, siendo agradables en  la madrugada del mi\u00e9rcoles.<\/p>\n<\/p>\n<p> Distrito Nacional              Nubes dispersas en la ma\u00f1ana y medio nublado en la tarde con aguaceros dispersos.<\/p>\n<\/p>\n<p>Santo Domingo Norte      Despejado en la ma\u00f1ana  y medio a nublado en la tarde con lluvias  moderadas.<\/p>\n<\/p>\n<p>Santo Domingo Oeste       Medio nublado en la tarde pero las posibilidades lluvias ser\u00e1n escasas.<\/p>\n<\/p>\n<p>Santo Domingo Este         Pocas nubosidad en la ma\u00f1ana  y medio nublado en la tarde con chubascos moderados.<\/p>\n<\/p>\n<p>El  Gran Santo Domingo    La temperatura m\u00e1xima estar\u00e1 entre  30\u00baC  y 32\u00baC  y la m\u00ednima entre  20\u00baC y 22\u00baC.      <\/p>\n<\/p>\n<p>  Resumen.  Condiciones de aguaceros en algunas provincias para esta tarde por los vientos alisios y efectos locales. Temperaturas calurosas en el d\u00eda y fresco en la noche. Aguaceros locales para ma\u00f1ana en la cordillera Central, Los Haitises y la zona fronteriza.<\/p>\n<p><strong> PRONOSTICO EXTENDIDO<\/strong><\/p>\n<\/p>\n<p>Hoy.    Durante la ma\u00f1ana   las posibilidades de lluvias ser\u00e1n escasas, pero en  horas de la tarde habr\u00e1  un aumento de la nubosidad con  aguaceros, que localmente podr\u00edan ser moderados, en las regiones  norte, noreste, sureste y la cordillera Central.<\/p>\n<\/p>\n<p> Mi\u00e9rcoles.   Incrementos  con aguaceros y aisladas tronadas al final de la tarde y la noche hacia las regiones sureste, norte, noreste, cordillera Central.<\/p>\n<\/p>\n<p>Santo Domingo y sus municipios.   Despejado en la ma\u00f1ana  y medio nublado en la tarde con aguaceros dispersos y tormentas el\u00e9ctricas a distancia   en la tarde. <\/p>\n<\/p>\n<p>Distrito Nacional.  Medio nublado en la tarde con aguaceros dispersos.<\/p>\n<\/p>\n<p> Jueves.  Condiciones de pocas lluvias. Solo ocurrir\u00e1n algunos    chubascos   hacia las regiones   noreste, sureste y la cordillera Central por la incidencia de los efectos locales.<\/p>\n<\/p>\n<p>Santo Domingo y sus municipios.   Medio nublado en ocasiones con escasas posibilidades de lluvias.  <\/p>\n<\/p>\n<p>Distrito Nacional.   Medio nublado en ocasiones.<\/p>\n<h6> 2016-03-15 09:01:40 <\/h6>\n<p><!--\n<link rel=\"stylesheet\" href=\"css\/bootstrap.min.css\">\n\n\n<ul class=\"pagination\">\n\t    \n\t\n\n<li >\n\t<a href='?page_no=13440'>Previous<\/a>\n\t<\/li>\n\n\n       \n    \n\n<li><a href='?page_no=1'>1<\/a><\/li>\n\n\n\n<li><a href='?page_no=2'>2<\/a><\/li>\n\n\n\n<li><a>...<\/a><\/li>\n\n\n\n<li><a href='?page_no=13439'>13439<\/a><\/li>\n\n\n\n<li><a href='?page_no=13440'>13440<\/a><\/li>\n\n\n\n<li class='active'><a>13441<\/a><\/li>\n\n\n\n<li><a href='?page_no=13442'>13442<\/a><\/li>\n\n\n\n<li><a href='?page_no=13443'>13443<\/a><\/li>\n\n\n\n<li><a>...<\/a><\/li>\n\n\n\n<li><a href='?page_no=56169'>56169<\/a><\/li>\n\n\n\n<li><a href='?page_no=56170'>56170<\/a><\/li>\n\n    \n\t\n\n<li >\n\t<a href='?page_no=13442'>Next<\/a>\n\t<\/li>\n\n\n    \n\n<li><a href='?page_no=56170'>Last &rsaquo;&rsaquo;<\/a><\/li>\n\n<\/ul>\n\n\n--><br \/>\n<\/body><\/p>\n","protected":false},"excerpt":{"rendered":"<p>Santo Domingo RD 15 marzo.- Los vientos alisios en combinaci\u00f3n con los efectos locales producir\u00e1n un aumento de la nubosidad en horas de la tarde provocando lluvias entre d\u00e9biles a moderadas en las provincias Saman\u00e1, Mar\u00eda Trinidad S\u00e1nchez, Hato Mayor, Monte Plata, El Seibo y San Crist\u00f3bal, en la porci\u00f3n central, comprendidas por Santiago, Duarte, [&hellip;]<\/p>\n","protected":false},"author":3,"featured_media":0,"comment_status":"open","ping_status":"open","sticky":false,"template":"","format":"standard","meta":{"footnotes":""},"categories":[20],"tags":[],"class_list":["post-219084","post","type-post","status-publish","format-standard","hentry","category-dominicana-hoy"],"_links":{"self":[{"href":"https:\/\/diariodominicano.com\/index.php?rest_route=\/wp\/v2\/posts\/219084","targetHints":{"allow":["GET"]}}],"collection":[{"href":"https:\/\/diariodominicano.com\/index.php?rest_route=\/wp\/v2\/posts"}],"about":[{"href":"https:\/\/diariodominicano.com\/index.php?rest_route=\/wp\/v2\/types\/post"}],"author":[{"embeddable":true,"href":"https:\/\/diariodominicano.com\/index.php?rest_route=\/wp\/v2\/users\/3"}],"replies":[{"embeddable":true,"href":"https:\/\/diariodominicano.com\/index.php?rest_route=%2Fwp%2Fv2%2Fcomments&post=219084"}],"version-history":[{"count":0,"href":"https:\/\/diariodominicano.com\/index.php?rest_route=\/wp\/v2\/posts\/219084\/revisions"}],"wp:attachment":[{"href":"https:\/\/diariodominicano.com\/index.php?rest_route=%2Fwp%2Fv2%2Fmedia&parent=219084"}],"wp:term":[{"taxonomy":"category","embeddable":true,"href":"https:\/\/diariodominicano.com\/index.php?rest_route=%2Fwp%2Fv2%2Fcategories&post=219084"},{"taxonomy":"post_tag","embeddable":true,"href":"https:\/\/diariodominicano.com\/index.php?rest_route=%2Fwp%2Fv2%2Ftags&post=219084"}],"curies":[{"name":"wp","href":"https:\/\/api.w.org\/{rel}","templated":true}]}}