{"id":219083,"date":"2016-03-15T11:52:33","date_gmt":"2016-03-15T11:52:33","guid":{"rendered":"http:\/\/diariodominicano.ddns.net\/?p=219083"},"modified":"2016-03-15T11:52:33","modified_gmt":"2016-03-15T11:52:33","slug":"adompretur-y-unapec-suscriben-acuerdo-para-apoyar-capacitacion","status":"publish","type":"post","link":"https:\/\/diariodominicano.com\/?p=219083","title":{"rendered":"ADOMPRETUR y UNAPEC suscriben acuerdo para apoyar capacitaci\u00f3n"},"content":{"rendered":"<p><body><\/p>\n<p><img decoding=\"async\" src=\"img3\/apec 4.jpg\" \/>  <\/p>\n<p><strong>Santo Domingo, RD 15 marzo. &#8211; <\/strong>La Asociaci\u00f3n Dominicana de Prensa Tur\u00edstica (ADOMPRETUR) y la Universidad APEC (UNAPEC) firmaron un acuerdo de colaboraci\u00f3n institucional para dise\u00f1ar y auspiciar un programa de cursos, talleres, seminarios y diplomados, con el aval de la academia.<\/p>\n<\/p>\n<p>El convenio suscrito por Luis Jos\u00e9 Ch\u00e1vez, presidente de ADOMPRETUR, y Radham\u00e9s Mej\u00eda, Rector de UNAPEC, busca ampliar las opciones de capacitaci\u00f3n y especializaci\u00f3n de los periodistas afiliados, con \u00e9nfasis en los temas del turismo y comunicaci\u00f3n y en \u00e1reas espec\u00edficas del desarrollo tur\u00edstico nacional, como es el segmento del todo incluido.<\/p>\n<\/p>\n<p>Adem\u00e1s de las jornadas especiales de formaci\u00f3n coordinadas por las dos entidades, UNAPEC se compromete a ofrecer facilidades para que los miembros de ADOMPRETUR puedan participar en los eventos de capacitaci\u00f3n que ofrece la instituci\u00f3n docente a trav\u00e9s del Departamento de Educaci\u00f3n Continuada, incluyendo el estudio a distancia del idioma ingl\u00e9s.<\/p>\n<\/p>\n<p>De su lado, ADOMPRETUR facilitar\u00e1 al a\u00f1o dos miembros con adecuadas credenciales profesionales, que ser\u00e1n recomendados por su Junta Directiva Nacional para impartir charlas a los estudiantes de UNAPEC, en las diferentes vertientes de la comunicaci\u00f3n tur\u00edstica, mientras la universidad aportar\u00e1 dos profesionales acad\u00e9micos para impartir charlas en ADOMPRETUR en \u00e1reas de inter\u00e9s para los comunicadores.<\/p>\n<\/p>\n<p>En representaci\u00f3n de ADOMPRETUR a la ceremonia asistieron adem\u00e1s de Luis Jos\u00e9 Ch\u00e1vez, la vicepresidenta Karina L\u00f3pez, la secretaria general Millizen Uribe, y la asesora de capacitaci\u00f3n Gloria Zacar\u00edas.<\/p>\n<\/p>\n<p>Entre los directivos de la Universidad APEC (UNAPEC), adem\u00e1s del Rector Radham\u00e9s Mej\u00eda, estuvieron Francisco G. D&#8217;Oleo, Vicerrector Acad\u00e9mico; Luis Felipe Aquino, Decano de Turismo; C\u00e9sar Caracas, Director de Educaci\u00f3n Continuada y Jos\u00e9 Gilberto Soto, Profesor del Decanato de Turismo.<\/p>\n<\/p>\n<p>Ch\u00e1vez y Mej\u00eda coincidieron en resaltar la importancia del acuerdo de colaboraci\u00f3n, tanto para los prop\u00f3sitos de formaci\u00f3n en materia de comunicaci\u00f3n tur\u00edstica, de inter\u00e9s para ADOMPRETUR, como para fortalecer los v\u00ednculos de UNAPEC con la industria tur\u00edstica, considerada actualmente la principal plataforma del desarrollo econ\u00f3mico nacional.<\/p>\n<\/p>\n<p>Sobre las partes:<\/p>\n<\/p>\n<p>La Universidad APEC, UNAPEC, instituci\u00f3n universitaria privada sin fines de lucro, con personalidad jur\u00eddica, organizada en conformidad con la ley No. 6150 del d\u00eda 31 del mes de diciembre del a\u00f1o 1962 con asiento en la Ave. M\u00e1ximo G\u00f3mez No. 72, Esq. Ave. M\u00e9xico, de la ciudad de Santo Domingo.<\/p>\n<\/p>\n<p>La Asociaci\u00f3n Dominicana de Prensa Tur\u00edstica, Inc. (ADOMPRETUR), es una entidad de car\u00e1cter profesional, sin fines de lucro, integrada por periodistas y comunicadores sociales, que muestran inter\u00e9s profesional en la industria tur\u00edstica. Fundada el 27 de septiembre de 1977, agrupa a m\u00e1s de 400 periodistas en ejercicio en todo el pa\u00eds. Cuenta con diez filiales instaladas en los destinos tur\u00edsticos de Puerto Plata, Santiago, Hig\u00fcey, Saman\u00e1, B\u00e1varo-Punta Cana, Barahona, Pedernales, Constanza, La Romana y una seccional en Estados Unidos, con sede en Miami, Florida. ADOMPRETUR procura integrar y capacitar a sus miembros en el conocimiento y la difusi\u00f3n de la actividad tur\u00edstica dominicana. Su Cap\u00edtulo Joven, coge a noveles periodistas en programas permanentes de capacitaci\u00f3n y de actividades de recreaci\u00f3n y familiarizaci\u00f3n en lugares tur\u00edsticos del pa\u00eds.<\/p>\n<\/p>\n<h6> 2016-03-15 11:52:33 <\/h6>\n<p><!--\n<link rel=\"stylesheet\" href=\"css\/bootstrap.min.css\">\n\n\n<ul class=\"pagination\">\n\t    \n\t\n\n<li >\n\t<a href='?page_no=13439'>Previous<\/a>\n\t<\/li>\n\n\n       \n    \n\n<li><a href='?page_no=1'>1<\/a><\/li>\n\n\n\n<li><a href='?page_no=2'>2<\/a><\/li>\n\n\n\n<li><a>...<\/a><\/li>\n\n\n\n<li><a href='?page_no=13438'>13438<\/a><\/li>\n\n\n\n<li><a href='?page_no=13439'>13439<\/a><\/li>\n\n\n\n<li class='active'><a>13440<\/a><\/li>\n\n\n\n<li><a href='?page_no=13441'>13441<\/a><\/li>\n\n\n\n<li><a href='?page_no=13442'>13442<\/a><\/li>\n\n\n\n<li><a>...<\/a><\/li>\n\n\n\n<li><a href='?page_no=56169'>56169<\/a><\/li>\n\n\n\n<li><a href='?page_no=56170'>56170<\/a><\/li>\n\n    \n\t\n\n<li >\n\t<a href='?page_no=13441'>Next<\/a>\n\t<\/li>\n\n\n    \n\n<li><a href='?page_no=56170'>Last &rsaquo;&rsaquo;<\/a><\/li>\n\n<\/ul>\n\n\n--><br \/>\n<\/body><\/p>\n","protected":false},"excerpt":{"rendered":"<p>Santo Domingo, RD 15 marzo. &#8211; La Asociaci\u00f3n Dominicana de Prensa Tur\u00edstica (ADOMPRETUR) y la Universidad APEC (UNAPEC) firmaron un acuerdo de colaboraci\u00f3n institucional para dise\u00f1ar y auspiciar un programa de cursos, talleres, seminarios y diplomados, con el aval de la academia. El convenio suscrito por Luis Jos\u00e9 Ch\u00e1vez, presidente de ADOMPRETUR, y Radham\u00e9s Mej\u00eda, [&hellip;]<\/p>\n","protected":false},"author":3,"featured_media":0,"comment_status":"open","ping_status":"open","sticky":false,"template":"","format":"standard","meta":{"footnotes":""},"categories":[20],"tags":[],"class_list":["post-219083","post","type-post","status-publish","format-standard","hentry","category-dominicana-hoy"],"_links":{"self":[{"href":"https:\/\/diariodominicano.com\/index.php?rest_route=\/wp\/v2\/posts\/219083","targetHints":{"allow":["GET"]}}],"collection":[{"href":"https:\/\/diariodominicano.com\/index.php?rest_route=\/wp\/v2\/posts"}],"about":[{"href":"https:\/\/diariodominicano.com\/index.php?rest_route=\/wp\/v2\/types\/post"}],"author":[{"embeddable":true,"href":"https:\/\/diariodominicano.com\/index.php?rest_route=\/wp\/v2\/users\/3"}],"replies":[{"embeddable":true,"href":"https:\/\/diariodominicano.com\/index.php?rest_route=%2Fwp%2Fv2%2Fcomments&post=219083"}],"version-history":[{"count":0,"href":"https:\/\/diariodominicano.com\/index.php?rest_route=\/wp\/v2\/posts\/219083\/revisions"}],"wp:attachment":[{"href":"https:\/\/diariodominicano.com\/index.php?rest_route=%2Fwp%2Fv2%2Fmedia&parent=219083"}],"wp:term":[{"taxonomy":"category","embeddable":true,"href":"https:\/\/diariodominicano.com\/index.php?rest_route=%2Fwp%2Fv2%2Fcategories&post=219083"},{"taxonomy":"post_tag","embeddable":true,"href":"https:\/\/diariodominicano.com\/index.php?rest_route=%2Fwp%2Fv2%2Ftags&post=219083"}],"curies":[{"name":"wp","href":"https:\/\/api.w.org\/{rel}","templated":true}]}}